{"id":9614,"date":"2019-05-20T12:06:37","date_gmt":"2019-05-20T11:06:37","guid":{"rendered":"http:\/\/bisbalpenedes.com\/web\/?p=9614"},"modified":"2019-05-20T12:06:37","modified_gmt":"2019-05-20T11:06:37","slug":"el-diumenge-26-de-maig-tindra-lloc-la-matinal-de-pedra-seca-i-musica-tradicional-de-la-bisbal-del-penedes","status":"publish","type":"post","link":"https:\/\/bisbalpenedes.com\/web\/2019\/05\/20\/el-diumenge-26-de-maig-tindra-lloc-la-matinal-de-pedra-seca-i-musica-tradicional-de-la-bisbal-del-penedes\/","title":{"rendered":"El diumenge 26 de maig tindr\u00e0 lloc la Matinal de pedra seca i m\u00fasica tradicional de la Bisbal del Pened\u00e8s"},"content":{"rendered":"<p><span style=\"color: #000000;\">EL MARGE, revista i secci\u00f3 mediambiental de l&#8217;ADF Clot de Bou, organitza la \u201cMatinal de pedra seca i m\u00fasica tradicional a la Bisbal del Pened\u00e8s\u201d. L\u2019activitat tindr\u00e0 lloc el diumenge 26 de maig i servir\u00e0 per restaurar la barraca del paratge del cam\u00ed de la Plana de la Bisbal. El punt de trobada ser\u00e0 a la pla\u00e7a de l\u2019Esgl\u00e9sia i l\u2019hora d\u2019inici les 9 del mat\u00ed. Des d\u2019all\u00e0, els participants aniran, passejant, cap a la barraca, mentre s\u2019identificar\u00e0 la flora i la fauna del cam\u00ed. Tot seguit es netejar\u00e0 i arreglar\u00e0 la barraca amb els margeters i es parlar\u00e0 sobre la inclusi\u00f3 de la pedra seca com a Patrimoni Immaterial de la Humanitat. A continuaci\u00f3 s\u2019esmorzar\u00e0 amb l\u2019acompanyament de m\u00fasica tradicional mallorquina. L\u2019esdeveniment, a m\u00e9s, servir\u00e0 per recordar la figura de Josep Vall\u00e8s, incansable divulgador de la pedra seca, i comptar\u00e0 amb la participaci\u00f3 de:<\/span><\/p>\n<p style=\"padding-left: 30px;\"><span style=\"color: #000000;\">-Joan i Ramon Rovira, margeters<\/span><\/p>\n<p style=\"padding-left: 30px;\"><span style=\"color: #000000;\">-Josep M. Canals, margeter<\/span><\/p>\n<p style=\"padding-left: 30px;\"><span style=\"color: #000000;\">-Abraham Guillem, bi\u00f2leg, antrop\u00f2leg i membre de l\u2019Institut d\u2019Estudis Penedesencs.<\/span><\/p>\n<p style=\"padding-left: 30px;\"><span style=\"color: #000000;\">-Esperan\u00e7a Carri\u00f3, xeremia<\/span><\/p>\n<p style=\"padding-left: 30px;\"><span style=\"color: #000000;\">-Maci\u00e0 Mut, tamborinaire i flabiolaire<\/span><\/p>\n<p><span style=\"color: #000000;\">La Matinal de pedra seca i m\u00fasica tradicional de la Bisbal del Pened\u00e8s \u00e9s un acte organitzat per EL MARGE, revista i secci\u00f3 mediambiental de l\u2019ADF Clot de Bou, amb la col\u00b7laboraci\u00f3 de l\u2019Institut d\u2019Estudis Penedesencs. Aquesta activitat \u00e9s oberta i hi poden participar petits i grans. Per a m\u00e9s informaci\u00f3 us podeu adre\u00e7ar al correu electr\u00f2nic: <a style=\"color: #000000;\" href=\"mailto:elmarge2001@gmail.com\">elmarge2001@gmail.com<\/a><\/span><\/p>\n<hr \/>\n<p><span style=\"color: #000000;\"><strong>CASTELLANO |<\/strong> EL MARGE, revista y secci\u00f3n de medio ambiente de la ADF Clot de Bou, organiza la \u201cMatinal de pedra seca i m\u00fasica tradicional a la Bisbal del Pened\u00e8s\u201d. La actividad tendr\u00e1 lugar el domingo 26 de mayo y servir\u00e1 para restaurar la barraca del paraje del camino de la Plana de la Bisbal. El punto de encuentro ser\u00e1 la plaza de la Iglesia y la hora de inicio las 9 de la ma\u00f1ana. Desde all\u00ed, los participantes ir\u00e1n, paseando, hacia la barraca, mientras se identificar\u00e1 la flora y la fauna del camino. A continuaci\u00f3n se limpiar\u00e1 y arreglar\u00e1 la barraca con los <em>margeters<\/em> y se hablar\u00e1 sobre la inclusi\u00f3n de la <em>pedra seca<\/em> como Patrimonio Inmaterial de la Humanidad. Despu\u00e9s se almorzar\u00e1 y Maci\u00e0 Mut tocar\u00e1 m\u00fasica tradicional mallorquina. El evento, adem\u00e1s, servir\u00e1 para recordar la figura de Josep Vall\u00e8s, incansable divulgador de la <em>pedra seca<\/em>, y contar\u00e1 con la participaci\u00f3n de:<\/span><\/p>\n<p style=\"padding-left: 30px;\"><span style=\"color: #000000;\">-Joan i Ramon Rovira, <em>margeters<\/em><\/span><\/p>\n<p style=\"padding-left: 30px;\"><span style=\"color: #000000;\">-Josep M. Canals, <em>margeter <\/em><\/span><\/p>\n<p style=\"padding-left: 30px;\"><span style=\"color: #000000;\">-Abraham Guillem, bi\u00f3logo, antrop\u00f3logo y miembro del Institut d\u2019Estudis Penedesencs.<\/span><\/p>\n<p style=\"padding-left: 30px;\"><span style=\"color: #000000;\">-Esperan\u00e7a Carri\u00f3, <em>xeremia<\/em><\/span><\/p>\n<p style=\"padding-left: 30px;\"><span style=\"color: #000000;\">-Maci\u00e0 Mut,<em> tamborinaire<\/em> y <em>flabiolaire <\/em><\/span><\/p>\n<p><span style=\"color: #000000;\">La Matinal de pedra seca i m\u00fasica tradicional de la Bisbal del Pened\u00e8s es un acto organizado por EL MARGE, revista y secci\u00f3n medioambiental de la ADF Clot de Bou, con la colaboraci\u00f3n del Institut d\u2019Estudis Penedesencs. Esta actividad es abierta y pueden participar en ella peque\u00f1os y mayores. Para m\u00e1s informaci\u00f3n os pod\u00e9is dirigir al correo electr\u00f3nico: <a style=\"color: #000000;\" href=\"mailto:elmarge2001@gmail.com\">elmarge2001@gmail.com<\/a><\/span><\/p>\n<p>&nbsp;<\/p>\n<p>&nbsp;<\/p>\n<p><a href=\"http:\/\/bisbalpenedes.com\/web\/wp-content\/uploads\/2019\/05\/PedraSecaBisbalPdes.26.5.19.jpg\"><img loading=\"lazy\" class=\"aligncenter wp-image-9615 size-large\" src=\"http:\/\/bisbalpenedes.com\/web\/wp-content\/uploads\/2019\/05\/PedraSecaBisbalPdes.26.5.19-709x1024.jpg\" alt=\"PedraSecaBisbalPdes.26.5.19\" width=\"630\" height=\"910\" srcset=\"https:\/\/bisbalpenedes.com\/web\/wp-content\/uploads\/2019\/05\/PedraSecaBisbalPdes.26.5.19-709x1024.jpg 709w, https:\/\/bisbalpenedes.com\/web\/wp-content\/uploads\/2019\/05\/PedraSecaBisbalPdes.26.5.19-600x867.jpg 600w, https:\/\/bisbalpenedes.com\/web\/wp-content\/uploads\/2019\/05\/PedraSecaBisbalPdes.26.5.19-208x300.jpg 208w, https:\/\/bisbalpenedes.com\/web\/wp-content\/uploads\/2019\/05\/PedraSecaBisbalPdes.26.5.19.jpg 720w\" sizes=\"(max-width: 630px) 100vw, 630px\" \/><\/a><\/p>\n<p>&nbsp;<\/p>\n","protected":false},"excerpt":{"rendered":"<p>EL MARGE, revista i secci\u00f3 mediambiental de l&#8217;ADF Clot de Bou, organitza la \u201cMatinal de pedra seca i m\u00fasica tradicional a la Bisbal del Pened\u00e8s\u201d. L\u2019activitat tindr\u00e0 lloc el diumenge &hellip; <a href=\"https:\/\/bisbalpenedes.com\/web\/2019\/05\/20\/el-diumenge-26-de-maig-tindra-lloc-la-matinal-de-pedra-seca-i-musica-tradicional-de-la-bisbal-del-penedes\/\" class=\"more-link\">Read More<\/a><\/p>\n","protected":false},"author":4,"featured_media":9615,"comment_status":"closed","ping_status":"closed","sticky":false,"template":"","format":"standard","meta":[],"categories":[20,32],"tags":[3024,1775,3027,3028,1968,1776,3020,3019,1799,3023,3025,1779,3021,3018,3026,352,3022],"_links":{"self":[{"href":"https:\/\/bisbalpenedes.com\/web\/wp-json\/wp\/v2\/posts\/9614"}],"collection":[{"href":"https:\/\/bisbalpenedes.com\/web\/wp-json\/wp\/v2\/posts"}],"about":[{"href":"https:\/\/bisbalpenedes.com\/web\/wp-json\/wp\/v2\/types\/post"}],"author":[{"embeddable":true,"href":"https:\/\/bisbalpenedes.com\/web\/wp-json\/wp\/v2\/users\/4"}],"replies":[{"embeddable":true,"href":"https:\/\/bisbalpenedes.com\/web\/wp-json\/wp\/v2\/comments?post=9614"}],"version-history":[{"count":1,"href":"https:\/\/bisbalpenedes.com\/web\/wp-json\/wp\/v2\/posts\/9614\/revisions"}],"predecessor-version":[{"id":9616,"href":"https:\/\/bisbalpenedes.com\/web\/wp-json\/wp\/v2\/posts\/9614\/revisions\/9616"}],"wp:featuredmedia":[{"embeddable":true,"href":"https:\/\/bisbalpenedes.com\/web\/wp-json\/wp\/v2\/media\/9615"}],"wp:attachment":[{"href":"https:\/\/bisbalpenedes.com\/web\/wp-json\/wp\/v2\/media?parent=9614"}],"wp:term":[{"taxonomy":"category","embeddable":true,"href":"https:\/\/bisbalpenedes.com\/web\/wp-json\/wp\/v2\/categories?post=9614"},{"taxonomy":"post_tag","embeddable":true,"href":"https:\/\/bisbalpenedes.com\/web\/wp-json\/wp\/v2\/tags?post=9614"}],"curies":[{"name":"wp","href":"https:\/\/api.w.org\/{rel}","templated":true}]}}