{"id":9599,"date":"2019-05-16T20:54:18","date_gmt":"2019-05-16T19:54:18","guid":{"rendered":"http:\/\/bisbalpenedes.com\/web\/?p=9599"},"modified":"2019-05-16T21:04:23","modified_gmt":"2019-05-16T20:04:23","slug":"un-alumne-bisbalenc-centrara-el-seu-treball-de-fi-de-master-en-la-xarxa-de-distribucio-daigua-potable-de-la-bisbal-del-penedes","status":"publish","type":"post","link":"https:\/\/bisbalpenedes.com\/web\/2019\/05\/16\/un-alumne-bisbalenc-centrara-el-seu-treball-de-fi-de-master-en-la-xarxa-de-distribucio-daigua-potable-de-la-bisbal-del-penedes\/","title":{"rendered":"Un bisbalenc centrar\u00e0 el seu treball de fi de m\u00e0ster en la xarxa de distribuci\u00f3 d\u2019aigua potable de la Bisbal del Pened\u00e8s"},"content":{"rendered":"<p style=\"text-align: justify;\"><span style=\"color: #000000;\">La Junta de Govern local ha aprovat un conveni amb l\u2019Escola de l\u2019Aigua perqu\u00e8 un estudiant bisbalenc pugui realitzar el Treball Final del M\u00e0ster en Tecnologia i Gesti\u00f3 de l\u2019Aigua (curs 2017-2019) sobre la xarxa de distribuci\u00f3 d\u2019aigua potable de la Bisbal del Pened\u00e8s.<\/span><\/p>\n<p style=\"text-align: justify;\"><span style=\"color: #000000;\">L\u2019Ajuntament de la Bisbal del Pened\u00e8s ha establert un conveni administratiu per regular la col\u00b7laboraci\u00f3 entre l\u2019Ajuntament i l\u2019Escola de l\u2019Aigua per a la realitzaci\u00f3 d\u2019aquest treball de fi de m\u00e0ster en l\u2019\u00e0mbit del servei d\u2019abastament d\u2019aigua potable del municipi. Es tracta d\u2019un conveni que no t\u00e9 repercussi\u00f3 pressupost\u00e0ria i, per tant, aquest acord no suposa cap despesa per a l\u2019Ajuntament.<\/span><\/p>\n<hr \/>\n<p style=\"text-align: justify;\"><span style=\"color: #000000;\"><strong>CASTELLANO<\/strong> | La Junta de Gobierno local\u00a0ha aprobado un convenio con la Escola de l&#8217;Aigua para que un estudiante bisbalenc pueda realizar el Trabajo Final de M\u00e1ster en Tecnolog\u00eda y Gesti\u00f3n del Agua (curso 2017-2019) sobre la red de distribuci\u00f3n de agua potable de la Bisbal del Pened\u00e8s.<\/span><\/p>\n<p style=\"text-align: justify;\"><span style=\"color: #000000;\">El Ayuntamiento de la Bisbal del Pened\u00e8s ha establecido un convenio administrativo para regular la colaboraci\u00f3n entre el Ayuntamiento y la Escola de l&#8217;Aigua para la realizaci\u00f3n de este trabajo de fin de m\u00e1ster en el \u00e1mbito del servicio de abastecimiento de agua potable del municipio. Se trata de un convenio que no tiene repercusi\u00f3n presupuestaria y, por lo tanto, este acuerdo no supone ning\u00fan gasto para el Ayuntamiento.<\/span><\/p>\n","protected":false},"excerpt":{"rendered":"<p>La Junta de Govern local ha aprovat un conveni amb l\u2019Escola de l\u2019Aigua perqu\u00e8 un estudiant bisbalenc pugui realitzar el Treball Final del M\u00e0ster en Tecnologia i Gesti\u00f3 de l\u2019Aigua &hellip; <a href=\"https:\/\/bisbalpenedes.com\/web\/2019\/05\/16\/un-alumne-bisbalenc-centrara-el-seu-treball-de-fi-de-master-en-la-xarxa-de-distribucio-daigua-potable-de-la-bisbal-del-penedes\/\" class=\"more-link\">Read More<\/a><\/p>\n","protected":false},"author":4,"featured_media":6625,"comment_status":"closed","ping_status":"closed","sticky":false,"template":"","format":"standard","meta":[],"categories":[2402],"tags":[440,3014,611,3015,3016,3017],"_links":{"self":[{"href":"https:\/\/bisbalpenedes.com\/web\/wp-json\/wp\/v2\/posts\/9599"}],"collection":[{"href":"https:\/\/bisbalpenedes.com\/web\/wp-json\/wp\/v2\/posts"}],"about":[{"href":"https:\/\/bisbalpenedes.com\/web\/wp-json\/wp\/v2\/types\/post"}],"author":[{"embeddable":true,"href":"https:\/\/bisbalpenedes.com\/web\/wp-json\/wp\/v2\/users\/4"}],"replies":[{"embeddable":true,"href":"https:\/\/bisbalpenedes.com\/web\/wp-json\/wp\/v2\/comments?post=9599"}],"version-history":[{"count":2,"href":"https:\/\/bisbalpenedes.com\/web\/wp-json\/wp\/v2\/posts\/9599\/revisions"}],"predecessor-version":[{"id":9602,"href":"https:\/\/bisbalpenedes.com\/web\/wp-json\/wp\/v2\/posts\/9599\/revisions\/9602"}],"wp:featuredmedia":[{"embeddable":true,"href":"https:\/\/bisbalpenedes.com\/web\/wp-json\/wp\/v2\/media\/6625"}],"wp:attachment":[{"href":"https:\/\/bisbalpenedes.com\/web\/wp-json\/wp\/v2\/media?parent=9599"}],"wp:term":[{"taxonomy":"category","embeddable":true,"href":"https:\/\/bisbalpenedes.com\/web\/wp-json\/wp\/v2\/categories?post=9599"},{"taxonomy":"post_tag","embeddable":true,"href":"https:\/\/bisbalpenedes.com\/web\/wp-json\/wp\/v2\/tags?post=9599"}],"curies":[{"name":"wp","href":"https:\/\/api.w.org\/{rel}","templated":true}]}}