{"id":9597,"date":"2019-05-16T20:40:12","date_gmt":"2019-05-16T19:40:12","guid":{"rendered":"http:\/\/bisbalpenedes.com\/web\/?p=9597"},"modified":"2019-05-16T20:47:51","modified_gmt":"2019-05-16T19:47:51","slug":"la-junta-de-govern-local-ha-aprovat-les-obres-darranjament-del-ferm-del-carrer-gaia","status":"publish","type":"post","link":"https:\/\/bisbalpenedes.com\/web\/2019\/05\/16\/la-junta-de-govern-local-ha-aprovat-les-obres-darranjament-del-ferm-del-carrer-gaia\/","title":{"rendered":"La Junta de Govern local ha aprovat les obres d\u2019arranjament del ferm del carrer Gai\u00e0"},"content":{"rendered":"<p style=\"text-align: justify;\"><span style=\"color: #000000;\">La Junta de Govern local ha aprovat el contracte menor per realitzar les obres d\u2019arranjament de la cal\u00e7ada del carrer Gai\u00e0 de Can Gordei. Es tracta d\u2019una intervenci\u00f3 que es tira endavant despr\u00e9s que, durant les reunions del Pressupost Participatiu 2018, els ve\u00efns decidissin arranjar la cal\u00e7ada dels carrers on les arrels dels arbres havien provocat desperfectes. A finals del 2018 es van fer els primers arranjaments i va quedar una part de la partida del Pressupost Participatiu de Can Gordei pendent d\u2019aplicar per continuar arreglant aquests aixecaments produ\u00efts per les arrels.<\/span><\/p>\n<p style=\"text-align: justify;\"><span style=\"color: #000000;\">Aquesta setmana s\u2019ha aprovat la realitzaci\u00f3 de les obres al carrer Gai\u00e0 de Can Gordei amb un cost de 7.795,79\u20ac (IVA incl\u00f2s). Est\u00e0 previst que les obres comencin la setmana vinent.<\/span><\/p>\n<hr \/>\n<p style=\"text-align: justify;\"><span style=\"color: #000000;\"><strong>CASTELLANO |<\/strong> La Junta de Gobierno local ha aprobado el contrato menor para realizar las obras para arreglar la calzada de la calle Gai\u00e0 de Can Gordei. Se trata de una intervenci\u00f3n que se lleva a cabo despu\u00e9s de que, durante las reuniones del Presupuesto Participativo 2018, los vecinos decidiesen arreglar la calzada de las calles donde las ra\u00edces de los \u00e1rboles hab\u00edan provocado desperfectos. A finales del 2018 se hicieron los primeros arreglos y qued\u00f3 una parte de la partida del Presupuesto Participativo de Can Gordei pendiente de aplicar para continuar arreglando estos levantamientos\u00a0producidos por las ra\u00edces.<\/span><\/p>\n<p style=\"text-align: justify;\"><span style=\"color: #000000;\">Esta semana se ha aprobado la realizaci\u00f3n de las obras en la calle Gai\u00e0 de Can Gordei con un coste de 7.795,79\u20ac (IVA incluido). Est\u00e1 previsto que las obras empiecen la semana que viene.<\/span><\/p>\n","protected":false},"excerpt":{"rendered":"<p>La Junta de Govern local ha aprovat el contracte menor per realitzar les obres d\u2019arranjament de la cal\u00e7ada del carrer Gai\u00e0 de Can Gordei. Es tracta d\u2019una intervenci\u00f3 que es &hellip; <a href=\"https:\/\/bisbalpenedes.com\/web\/2019\/05\/16\/la-junta-de-govern-local-ha-aprovat-les-obres-darranjament-del-ferm-del-carrer-gaia\/\" class=\"more-link\">Read More<\/a><\/p>\n","protected":false},"author":4,"featured_media":5742,"comment_status":"closed","ping_status":"closed","sticky":false,"template":"","format":"standard","meta":[],"categories":[1047],"tags":[895,532,531,198,3013,1048,980],"_links":{"self":[{"href":"https:\/\/bisbalpenedes.com\/web\/wp-json\/wp\/v2\/posts\/9597"}],"collection":[{"href":"https:\/\/bisbalpenedes.com\/web\/wp-json\/wp\/v2\/posts"}],"about":[{"href":"https:\/\/bisbalpenedes.com\/web\/wp-json\/wp\/v2\/types\/post"}],"author":[{"embeddable":true,"href":"https:\/\/bisbalpenedes.com\/web\/wp-json\/wp\/v2\/users\/4"}],"replies":[{"embeddable":true,"href":"https:\/\/bisbalpenedes.com\/web\/wp-json\/wp\/v2\/comments?post=9597"}],"version-history":[{"count":2,"href":"https:\/\/bisbalpenedes.com\/web\/wp-json\/wp\/v2\/posts\/9597\/revisions"}],"predecessor-version":[{"id":9600,"href":"https:\/\/bisbalpenedes.com\/web\/wp-json\/wp\/v2\/posts\/9597\/revisions\/9600"}],"wp:featuredmedia":[{"embeddable":true,"href":"https:\/\/bisbalpenedes.com\/web\/wp-json\/wp\/v2\/media\/5742"}],"wp:attachment":[{"href":"https:\/\/bisbalpenedes.com\/web\/wp-json\/wp\/v2\/media?parent=9597"}],"wp:term":[{"taxonomy":"category","embeddable":true,"href":"https:\/\/bisbalpenedes.com\/web\/wp-json\/wp\/v2\/categories?post=9597"},{"taxonomy":"post_tag","embeddable":true,"href":"https:\/\/bisbalpenedes.com\/web\/wp-json\/wp\/v2\/tags?post=9597"}],"curies":[{"name":"wp","href":"https:\/\/api.w.org\/{rel}","templated":true}]}}