{"id":9589,"date":"2019-05-17T09:38:06","date_gmt":"2019-05-17T08:38:06","guid":{"rendered":"http:\/\/bisbalpenedes.com\/web\/?p=9589"},"modified":"2019-05-17T09:49:27","modified_gmt":"2019-05-17T08:49:27","slug":"el-bisbalenc-aitor-pedrola-es-proclama-subcampio-infantil-de-catalunya-de-pesca-per-segon-any-consecutiu","status":"publish","type":"post","link":"https:\/\/bisbalpenedes.com\/web\/2019\/05\/17\/el-bisbalenc-aitor-pedrola-es-proclama-subcampio-infantil-de-catalunya-de-pesca-per-segon-any-consecutiu\/","title":{"rendered":"El bisbalenc Aitor Pedrola es proclama subcampi\u00f3 infantil de pesca de Catalunya per segon any consecutiu"},"content":{"rendered":"<figure id=\"attachment_9593\" aria-describedby=\"caption-attachment-9593\" style=\"width: 630px\" class=\"wp-caption aligncenter\"><a href=\"http:\/\/bisbalpenedes.com\/web\/wp-content\/uploads\/2019\/05\/PEDROLA-AITOR-1.jpg\"><img loading=\"lazy\" class=\"wp-image-9593 size-large\" src=\"http:\/\/bisbalpenedes.com\/web\/wp-content\/uploads\/2019\/05\/PEDROLA-AITOR-1-1024x768.jpg\" alt=\"Aitor Pedrola durant la competici\u00f3\" width=\"630\" height=\"473\" srcset=\"https:\/\/bisbalpenedes.com\/web\/wp-content\/uploads\/2019\/05\/PEDROLA-AITOR-1-1024x768.jpg 1024w, https:\/\/bisbalpenedes.com\/web\/wp-content\/uploads\/2019\/05\/PEDROLA-AITOR-1-600x450.jpg 600w, https:\/\/bisbalpenedes.com\/web\/wp-content\/uploads\/2019\/05\/PEDROLA-AITOR-1-300x225.jpg 300w, https:\/\/bisbalpenedes.com\/web\/wp-content\/uploads\/2019\/05\/PEDROLA-AITOR-1-768x576.jpg 768w\" sizes=\"(max-width: 630px) 100vw, 630px\" \/><\/a><figcaption id=\"caption-attachment-9593\" class=\"wp-caption-text\">Aitor Pedrola durant la competici\u00f3<\/figcaption><\/figure>\n<p style=\"text-align: justify;\"><span style=\"color: #000000;\">El bisbalenc Aitor Pedrola s\u2019ha proclamat subcampi\u00f3 infantil de Catalunya de pesca, per segon any consecutiu, en el campionat de Catalunya Mar Costa que s\u2019ha celebrat el dia 11 de maig al Prat de Llobregat sota l\u2019organitzaci\u00f3 del Club esportiu Pesca la Lanzada.<\/span><\/p>\n<p style=\"text-align: justify;\"><span style=\"color: #000000;\">En aquest tipus de competici\u00f3, que consisteix en capturar el peix per, despr\u00e9s, deixar-lo anar, l\u2019Aitor ha obtingut un total de 361 punts, quedant en segona posici\u00f3. Gr\u00e0cies a aquesta fita, el bisbalenc estar\u00e0 entre els esportistes d\u2019alta competici\u00f3 catalana i tornar\u00e0 a formar part de la Selecci\u00f3 Catalana de Pesca Esportiva l\u2019any 2020.<\/span><\/p>\n<p style=\"text-align: justify;\"><span style=\"color: #000000;\">Aitor Pedrola \u00e9s un dels esportistes bisbalencs que patrocina l\u2019Ajuntament de la Bisbal del Pened\u00e8s pel fet de participar en activitats esportives en \u00e0mbits supramunicipals nacionals i internacionals. Des de l\u2019Ajuntament felicitem l\u2019esportista bisbalenc per aquest nou \u00e8xit. Enhorabona!<\/span><\/p>\n<figure id=\"attachment_9594\" aria-describedby=\"caption-attachment-9594\" style=\"width: 169px\" class=\"wp-caption aligncenter\"><a href=\"http:\/\/bisbalpenedes.com\/web\/wp-content\/uploads\/2019\/05\/PEDROLA-AITOR-2.jpg\"><img loading=\"lazy\" class=\"size-medium wp-image-9594\" src=\"http:\/\/bisbalpenedes.com\/web\/wp-content\/uploads\/2019\/05\/PEDROLA-AITOR-2-169x300.jpg\" alt=\"Jes\u00fas Trasmotan, delegat de Mar Costa, amb el bisbalenc Aitor Pedrola\" width=\"169\" height=\"300\" \/><\/a><figcaption id=\"caption-attachment-9594\" class=\"wp-caption-text\">Jes\u00fas Trasmotan, delegat de Mar Costa, amb el bisbalenc Aitor Pedrola<\/figcaption><\/figure>\n<hr \/>\n<figure id=\"attachment_9593\" aria-describedby=\"caption-attachment-9593\" style=\"width: 630px\" class=\"wp-caption aligncenter\"><a href=\"http:\/\/bisbalpenedes.com\/web\/wp-content\/uploads\/2019\/05\/PEDROLA-AITOR-1.jpg\"><img loading=\"lazy\" class=\"wp-image-9593 size-large\" src=\"http:\/\/bisbalpenedes.com\/web\/wp-content\/uploads\/2019\/05\/PEDROLA-AITOR-1-1024x768.jpg\" alt=\"Aitor Pedrola durant la competici\u00f3\" width=\"630\" height=\"473\" srcset=\"https:\/\/bisbalpenedes.com\/web\/wp-content\/uploads\/2019\/05\/PEDROLA-AITOR-1-1024x768.jpg 1024w, https:\/\/bisbalpenedes.com\/web\/wp-content\/uploads\/2019\/05\/PEDROLA-AITOR-1-600x450.jpg 600w, https:\/\/bisbalpenedes.com\/web\/wp-content\/uploads\/2019\/05\/PEDROLA-AITOR-1-300x225.jpg 300w, https:\/\/bisbalpenedes.com\/web\/wp-content\/uploads\/2019\/05\/PEDROLA-AITOR-1-768x576.jpg 768w\" sizes=\"(max-width: 630px) 100vw, 630px\" \/><\/a><figcaption id=\"caption-attachment-9593\" class=\"wp-caption-text\">Aitor Pedrola durante la competici\u00f3n<\/figcaption><\/figure>\n<p style=\"text-align: justify;\"><span style=\"color: #000000;\">En este tipo de competici\u00f3n, que consiste en capturar los peces para, despu\u00e9s, dejarlos ir, Aitor ha obtenido un total de 361 puntos, quedando en segunda posici\u00f3n. Gracias a este logro, el bisbalenc estar\u00e1 entre los deportistas de alta competici\u00f3n catalana y volver\u00e1 a formar parte de la Selecci\u00f3n Catalana de Pesca Deportiva el a\u00f1o 2020.<\/span><\/p>\n<p style=\"text-align: justify;\"><span style=\"color: #000000;\">Aitor Pedrola es uno de los deportistas de la Bisbal patrocinados por el Ayuntamiento de la Bisbal del Pened\u00e8s por el hecho de participar en actividades deportivas en \u00e1mbitos supramunicipales nacionales e internacionales. Desde el Ayuntamiento felicitamos al deportista bisbalenc por este nuevo \u00e9xito. \u00a1Enhorabuena!<\/span><\/p>\n<figure id=\"attachment_9594\" aria-describedby=\"caption-attachment-9594\" style=\"width: 169px\" class=\"wp-caption aligncenter\"><a href=\"http:\/\/bisbalpenedes.com\/web\/wp-content\/uploads\/2019\/05\/PEDROLA-AITOR-2.jpg\"><img loading=\"lazy\" class=\"size-medium wp-image-9594\" src=\"http:\/\/bisbalpenedes.com\/web\/wp-content\/uploads\/2019\/05\/PEDROLA-AITOR-2-169x300.jpg\" alt=\"Jes\u00fas Trasmotan, delegado de Mar Costa, con el bisbalenc Aitor Pedrola\" width=\"169\" height=\"300\" \/><\/a><figcaption id=\"caption-attachment-9594\" class=\"wp-caption-text\">Jes\u00fas Trasmotan, delegado de Mar Costa, con el bisbalenc Aitor Pedrola<\/figcaption><\/figure>\n","protected":false},"excerpt":{"rendered":"<p>El bisbalenc Aitor Pedrola s\u2019ha proclamat subcampi\u00f3 infantil de Catalunya de pesca, per segon any consecutiu, en el campionat de Catalunya Mar Costa que s\u2019ha celebrat el dia 11 de &hellip; <a href=\"https:\/\/bisbalpenedes.com\/web\/2019\/05\/17\/el-bisbalenc-aitor-pedrola-es-proclama-subcampio-infantil-de-catalunya-de-pesca-per-segon-any-consecutiu\/\" class=\"more-link\">Read More<\/a><\/p>\n","protected":false},"author":4,"featured_media":9594,"comment_status":"closed","ping_status":"closed","sticky":false,"template":"","format":"standard","meta":[],"categories":[19],"tags":[744,3011,3012],"_links":{"self":[{"href":"https:\/\/bisbalpenedes.com\/web\/wp-json\/wp\/v2\/posts\/9589"}],"collection":[{"href":"https:\/\/bisbalpenedes.com\/web\/wp-json\/wp\/v2\/posts"}],"about":[{"href":"https:\/\/bisbalpenedes.com\/web\/wp-json\/wp\/v2\/types\/post"}],"author":[{"embeddable":true,"href":"https:\/\/bisbalpenedes.com\/web\/wp-json\/wp\/v2\/users\/4"}],"replies":[{"embeddable":true,"href":"https:\/\/bisbalpenedes.com\/web\/wp-json\/wp\/v2\/comments?post=9589"}],"version-history":[{"count":3,"href":"https:\/\/bisbalpenedes.com\/web\/wp-json\/wp\/v2\/posts\/9589\/revisions"}],"predecessor-version":[{"id":9603,"href":"https:\/\/bisbalpenedes.com\/web\/wp-json\/wp\/v2\/posts\/9589\/revisions\/9603"}],"wp:featuredmedia":[{"embeddable":true,"href":"https:\/\/bisbalpenedes.com\/web\/wp-json\/wp\/v2\/media\/9594"}],"wp:attachment":[{"href":"https:\/\/bisbalpenedes.com\/web\/wp-json\/wp\/v2\/media?parent=9589"}],"wp:term":[{"taxonomy":"category","embeddable":true,"href":"https:\/\/bisbalpenedes.com\/web\/wp-json\/wp\/v2\/categories?post=9589"},{"taxonomy":"post_tag","embeddable":true,"href":"https:\/\/bisbalpenedes.com\/web\/wp-json\/wp\/v2\/tags?post=9589"}],"curies":[{"name":"wp","href":"https:\/\/api.w.org\/{rel}","templated":true}]}}