{"id":9582,"date":"2019-05-15T09:24:50","date_gmt":"2019-05-15T08:24:50","guid":{"rendered":"http:\/\/bisbalpenedes.com\/web\/?p=9582"},"modified":"2019-05-15T09:24:50","modified_gmt":"2019-05-15T08:24:50","slug":"lassociacio-de-la-gent-gran-ha-organitzat-una-sortida-a-la-badia-dels-alfacs","status":"publish","type":"post","link":"https:\/\/bisbalpenedes.com\/web\/2019\/05\/15\/lassociacio-de-la-gent-gran-ha-organitzat-una-sortida-a-la-badia-dels-alfacs\/","title":{"rendered":"L&#8217;Associaci\u00f3 de la Gent Gran ha organitzat una sortida a la Badia dels Alfacs"},"content":{"rendered":"<p style=\"text-align: justify;\"><span style=\"color: #000000;\">L&#8217;Associaci\u00f3 de la Gent Gran ha organitzat una sortida a la Badia dels Alfacs (Delta de l&#8217;Ebre). Est\u00e0 prevista per al dimecres 12 de juny. Per a m\u00e9s informaci\u00f3 cal que us adreceu al Rac\u00f3 de la Gent Gran o al tel\u00e8fon 977688438. Es pot reservar pla\u00e7a fins al divendres 7 de juny.<\/span><\/p>\n<hr \/>\n<p style=\"text-align: justify;\"><span style=\"color: #000000;\">CASTELLANO | La Associaci\u00f3 de la Gent Gran ha organizado una salida a la Badia dels Alfacs (Delta de l&#8217;Ebre). Est\u00e1 prevista para el mi\u00e9rcoles 12 de junio. Para m\u00e1s informaci\u00f3n os pod\u00e9is dirigir al Rac\u00f3 de la Gent Gran o al tel\u00e9fono 977688438. Se puede reservar plaza hasta el viernes 7 de junio.<\/span><\/p>\n<p><a href=\"http:\/\/bisbalpenedes.com\/web\/wp-content\/uploads\/2019\/05\/excursio-bahia-alfacs.jpg\"><img loading=\"lazy\" class=\"aligncenter size-large wp-image-9583\" src=\"http:\/\/bisbalpenedes.com\/web\/wp-content\/uploads\/2019\/05\/excursio-bahia-alfacs-724x1024.jpg\" alt=\"excursio-bahia-alfacs\" width=\"630\" height=\"891\" srcset=\"https:\/\/bisbalpenedes.com\/web\/wp-content\/uploads\/2019\/05\/excursio-bahia-alfacs-724x1024.jpg 724w, https:\/\/bisbalpenedes.com\/web\/wp-content\/uploads\/2019\/05\/excursio-bahia-alfacs-600x848.jpg 600w, https:\/\/bisbalpenedes.com\/web\/wp-content\/uploads\/2019\/05\/excursio-bahia-alfacs-212x300.jpg 212w, https:\/\/bisbalpenedes.com\/web\/wp-content\/uploads\/2019\/05\/excursio-bahia-alfacs-768x1086.jpg 768w, https:\/\/bisbalpenedes.com\/web\/wp-content\/uploads\/2019\/05\/excursio-bahia-alfacs.jpg 827w\" sizes=\"(max-width: 630px) 100vw, 630px\" \/><\/a><\/p>\n","protected":false},"excerpt":{"rendered":"<p>L&#8217;Associaci\u00f3 de la Gent Gran ha organitzat una sortida a la Badia dels Alfacs (Delta de l&#8217;Ebre). Est\u00e0 prevista per al dimecres 12 de juny. Per a m\u00e9s informaci\u00f3 cal &hellip; <a href=\"https:\/\/bisbalpenedes.com\/web\/2019\/05\/15\/lassociacio-de-la-gent-gran-ha-organitzat-una-sortida-a-la-badia-dels-alfacs\/\" class=\"more-link\">Read More<\/a><\/p>\n","protected":false},"author":4,"featured_media":9583,"comment_status":"closed","ping_status":"closed","sticky":false,"template":"","format":"standard","meta":[],"categories":[20,464],"tags":[3008,3006,351,565,2115,3007],"_links":{"self":[{"href":"https:\/\/bisbalpenedes.com\/web\/wp-json\/wp\/v2\/posts\/9582"}],"collection":[{"href":"https:\/\/bisbalpenedes.com\/web\/wp-json\/wp\/v2\/posts"}],"about":[{"href":"https:\/\/bisbalpenedes.com\/web\/wp-json\/wp\/v2\/types\/post"}],"author":[{"embeddable":true,"href":"https:\/\/bisbalpenedes.com\/web\/wp-json\/wp\/v2\/users\/4"}],"replies":[{"embeddable":true,"href":"https:\/\/bisbalpenedes.com\/web\/wp-json\/wp\/v2\/comments?post=9582"}],"version-history":[{"count":1,"href":"https:\/\/bisbalpenedes.com\/web\/wp-json\/wp\/v2\/posts\/9582\/revisions"}],"predecessor-version":[{"id":9584,"href":"https:\/\/bisbalpenedes.com\/web\/wp-json\/wp\/v2\/posts\/9582\/revisions\/9584"}],"wp:featuredmedia":[{"embeddable":true,"href":"https:\/\/bisbalpenedes.com\/web\/wp-json\/wp\/v2\/media\/9583"}],"wp:attachment":[{"href":"https:\/\/bisbalpenedes.com\/web\/wp-json\/wp\/v2\/media?parent=9582"}],"wp:term":[{"taxonomy":"category","embeddable":true,"href":"https:\/\/bisbalpenedes.com\/web\/wp-json\/wp\/v2\/categories?post=9582"},{"taxonomy":"post_tag","embeddable":true,"href":"https:\/\/bisbalpenedes.com\/web\/wp-json\/wp\/v2\/tags?post=9582"}],"curies":[{"name":"wp","href":"https:\/\/api.w.org\/{rel}","templated":true}]}}