{"id":9579,"date":"2019-05-14T07:52:38","date_gmt":"2019-05-14T06:52:38","guid":{"rendered":"http:\/\/bisbalpenedes.com\/web\/?p=9579"},"modified":"2019-05-15T07:57:40","modified_gmt":"2019-05-15T06:57:40","slug":"aquest-dimecres-15-de-maig-tindra-lloc-un-taller-de-bosses-aromatiques-al-raco-de-la-gent-gran","status":"publish","type":"post","link":"https:\/\/bisbalpenedes.com\/web\/2019\/05\/14\/aquest-dimecres-15-de-maig-tindra-lloc-un-taller-de-bosses-aromatiques-al-raco-de-la-gent-gran\/","title":{"rendered":"Aquest dimecres 15 de maig tindr\u00e0 lloc un taller de bosses arom\u00e0tiques al Rac\u00f3 de la Gent Gran"},"content":{"rendered":"<p><span style=\"color: #000000;\">Aquest dimecres 15 de maig tindr\u00e0 lloc un taller de bosses arom\u00e0tiques al Rac\u00f3 de la Gent Gran. Per participar-hi cal portar fil, agulla i teixit de sac o roba no massa gruixuda. L&#8217;activitat comen\u00e7ar\u00e0 a les 16h.<\/span><\/p>\n<hr \/>\n<p><span style=\"color: #000000;\">Este mi\u00e9rcoles 15 de mayo tendr\u00e1 lugar un taller de bolsas arom\u00e1ticas en el Rac\u00f3 de la Gent Gran. Para participar, hay que llevar hilo, aguja y tejido de saco o ropa no muy gruesa. La actividad empezar\u00e1 a las 16h.<\/span><\/p>\n<p><a href=\"http:\/\/bisbalpenedes.com\/web\/wp-content\/uploads\/2019\/04\/taller_plantes_aromatiques.jpg\"><img loading=\"lazy\" class=\"aligncenter size-large wp-image-9317\" src=\"http:\/\/bisbalpenedes.com\/web\/wp-content\/uploads\/2019\/04\/taller_plantes_aromatiques-1024x819.jpg\" alt=\"taller_plantes_aromatiques\" width=\"630\" height=\"504\" srcset=\"https:\/\/bisbalpenedes.com\/web\/wp-content\/uploads\/2019\/04\/taller_plantes_aromatiques-1024x819.jpg 1024w, https:\/\/bisbalpenedes.com\/web\/wp-content\/uploads\/2019\/04\/taller_plantes_aromatiques-600x480.jpg 600w, https:\/\/bisbalpenedes.com\/web\/wp-content\/uploads\/2019\/04\/taller_plantes_aromatiques-300x240.jpg 300w, https:\/\/bisbalpenedes.com\/web\/wp-content\/uploads\/2019\/04\/taller_plantes_aromatiques-768x614.jpg 768w\" sizes=\"(max-width: 630px) 100vw, 630px\" \/><\/a><a href=\"http:\/\/bisbalpenedes.com\/web\/wp-content\/uploads\/2019\/04\/taller_plantes_aromatiques.jpg\"><br \/>\n<\/a><\/p>\n","protected":false},"excerpt":{"rendered":"<p>Aquest dimecres 15 de maig tindr\u00e0 lloc un taller de bosses arom\u00e0tiques al Rac\u00f3 de la Gent Gran. Per participar-hi cal portar fil, agulla i teixit de sac o roba &hellip; <a href=\"https:\/\/bisbalpenedes.com\/web\/2019\/05\/14\/aquest-dimecres-15-de-maig-tindra-lloc-un-taller-de-bosses-aromatiques-al-raco-de-la-gent-gran\/\" class=\"more-link\">Read More<\/a><\/p>\n","protected":false},"author":4,"featured_media":9317,"comment_status":"closed","ping_status":"closed","sticky":false,"template":"","format":"standard","meta":[],"categories":[464],"tags":[2936,305,2898,2115,172],"_links":{"self":[{"href":"https:\/\/bisbalpenedes.com\/web\/wp-json\/wp\/v2\/posts\/9579"}],"collection":[{"href":"https:\/\/bisbalpenedes.com\/web\/wp-json\/wp\/v2\/posts"}],"about":[{"href":"https:\/\/bisbalpenedes.com\/web\/wp-json\/wp\/v2\/types\/post"}],"author":[{"embeddable":true,"href":"https:\/\/bisbalpenedes.com\/web\/wp-json\/wp\/v2\/users\/4"}],"replies":[{"embeddable":true,"href":"https:\/\/bisbalpenedes.com\/web\/wp-json\/wp\/v2\/comments?post=9579"}],"version-history":[{"count":1,"href":"https:\/\/bisbalpenedes.com\/web\/wp-json\/wp\/v2\/posts\/9579\/revisions"}],"predecessor-version":[{"id":9580,"href":"https:\/\/bisbalpenedes.com\/web\/wp-json\/wp\/v2\/posts\/9579\/revisions\/9580"}],"wp:featuredmedia":[{"embeddable":true,"href":"https:\/\/bisbalpenedes.com\/web\/wp-json\/wp\/v2\/media\/9317"}],"wp:attachment":[{"href":"https:\/\/bisbalpenedes.com\/web\/wp-json\/wp\/v2\/media?parent=9579"}],"wp:term":[{"taxonomy":"category","embeddable":true,"href":"https:\/\/bisbalpenedes.com\/web\/wp-json\/wp\/v2\/categories?post=9579"},{"taxonomy":"post_tag","embeddable":true,"href":"https:\/\/bisbalpenedes.com\/web\/wp-json\/wp\/v2\/tags?post=9579"}],"curies":[{"name":"wp","href":"https:\/\/api.w.org\/{rel}","templated":true}]}}