{"id":9567,"date":"2019-05-13T19:14:16","date_gmt":"2019-05-13T18:14:16","guid":{"rendered":"http:\/\/bisbalpenedes.com\/web\/?p=9567"},"modified":"2019-05-13T19:45:31","modified_gmt":"2019-05-13T18:45:31","slug":"aquest-dissabte-shan-recollit-mes-de-15-bosses-de-residus-del-torrent-en-el-marc-de-leuropean-clean-up-day","status":"publish","type":"post","link":"https:\/\/bisbalpenedes.com\/web\/2019\/05\/13\/aquest-dissabte-shan-recollit-mes-de-15-bosses-de-residus-del-torrent-en-el-marc-de-leuropean-clean-up-day\/","title":{"rendered":"Aquest dissabte s&#8217;han recollit m\u00e9s de 15 bosses de residus del torrent en el marc de l&#8217;European Clean Up Day"},"content":{"rendered":"<p style=\"text-align: justify; line-height: 14.25pt; background: white;\"><a href=\"http:\/\/bisbalpenedes.com\/web\/wp-content\/uploads\/2019\/05\/Foto-11-5-19-11-19-37-e1557769991673.jpg\"><img loading=\"lazy\" class=\"aligncenter size-medium wp-image-9568\" src=\"http:\/\/bisbalpenedes.com\/web\/wp-content\/uploads\/2019\/05\/Foto-11-5-19-11-19-37-e1557769991673-300x190.jpg\" alt=\"Clean up day 2019-1\" width=\"300\" height=\"190\" srcset=\"https:\/\/bisbalpenedes.com\/web\/wp-content\/uploads\/2019\/05\/Foto-11-5-19-11-19-37-e1557769991673-300x190.jpg 300w, https:\/\/bisbalpenedes.com\/web\/wp-content\/uploads\/2019\/05\/Foto-11-5-19-11-19-37-e1557769991673-600x381.jpg 600w, https:\/\/bisbalpenedes.com\/web\/wp-content\/uploads\/2019\/05\/Foto-11-5-19-11-19-37-e1557769991673-768x487.jpg 768w, https:\/\/bisbalpenedes.com\/web\/wp-content\/uploads\/2019\/05\/Foto-11-5-19-11-19-37-e1557769991673-1024x650.jpg 1024w\" sizes=\"(max-width: 300px) 100vw, 300px\" \/><\/a><\/p>\n<p style=\"text-align: justify; line-height: 14.25pt; background: white;\"><span style=\"font-size: 10.0pt; font-family: 'Arial',sans-serif; color: black;\">La Bisbal del Pened\u00e8s s\u2019ha adherit per quart any consecutiu a l\u2019European Clean Up Day, l\u2019operaci\u00f3 de neteja que es du a terme a tota Europa amb l\u2019objectiu de sensibilitzar en termes de protecci\u00f3 del medi ambient, crear consci\u00e8ncia sobre la quantitat de residus que llencem de forma incontrolada a la natura i combatre els comportaments inc\u00edvics amb el nostre entorn.<\/span><\/p>\n<p style=\"text-align: justify; line-height: 14.25pt; background: white;\"><span style=\"font-size: 10.0pt; font-family: 'Arial',sans-serif; color: black;\">L\u2019acci\u00f3, que ha tingut lloc aquest dissabte 11 de maig al mat\u00ed, ha consistit en netejar el torrent, \u00e9s a dir, la Riera de la Bisbal, al seu pas pel nucli de la vila. Durant el transcurs de l\u2019activitat els participants en l&#8217;activitat han omplert m\u00e9s de 15 bosses, majorit\u00e0riament amb pl\u00e0stics, llaunes i rebuig. <\/span><\/p>\n<p style=\"text-align: justify; line-height: 14.25pt; background: white;\"><span style=\"font-size: 10.0pt; font-family: 'Arial',sans-serif; color: black;\">L\u2019European Clean Up Day \u00e9s una activitat que s\u2019organitza en el marc de la Setmana Europea de la Prevenci\u00f3 de Residus i que persegueix els objectius de conscienciar sobre la import\u00e0ncia de la prevenci\u00f3 i la bona gesti\u00f3 dels residus i fer pedagogia sobre tot all\u00f2 que es pot fer per reduir la quantitat de residus generats, potenciant la reutilitzaci\u00f3 i el reciclatge entre la ciutadania. <\/span><\/p>\n<hr \/>\n<p style=\"text-align: justify; line-height: 14.25pt; background: white;\"><span style=\"font-size: 10.0pt; font-family: 'Arial',sans-serif; color: black;\"><strong>CASTELLANO |<\/strong> La Bisbal del Pened\u00e8s se ha adherido por cuarto a\u00f1o consecutivo al European Clean Up Day, la operaci\u00f3n de limpieza que se lleva a cabo en toda Europa con el objetivo de sensibilizar en t\u00e9rminos de protecci\u00f3n del medio ambiente, crear consciencia sobre la cantidad de residuos que vertemos de forma incontrolada a la naturaleza y combatir los comportamientos inc\u00edvicos con nuestro entorno. <\/span><\/p>\n<p style=\"text-align: justify; line-height: 14.25pt; background: white;\"><span style=\"font-size: 10.0pt; font-family: 'Arial',sans-serif; color: black;\">La acci\u00f3n, que ha tenido lugar este s\u00e1bado 11 de mayo por la ma\u00f1ana, ha consistido en limpiar el torrente, es decir, la Riera de la Bisbal, a su paso por el n\u00facleo de la villa. Durante el transcurso de la actividad los participantes en la actividad han llenado m\u00e1s de 15 bolsas, mayoritariamente con pl\u00e1sticos, latas y deshechos. <\/span><\/p>\n<p style=\"text-align: justify; line-height: 14.25pt; background: white;\"><span style=\"font-size: 10.0pt; font-family: 'Arial',sans-serif; color: black;\">El European Clean Up Day es una actividad que se organiza en el marco de la Semana Europea de la Prevenci\u00f3n de Residuos y que persigue los objetivos de concienciar sobre la importancia de la prevenci\u00f3n y la buena gesti\u00f3n de los residuos y hacer pedagog\u00eda sobre todo aquello que se puede hacer para reducir la cantidad de residuos generados, potenciando la reutilizaci\u00f3n y el reciclaje entre la ciudadan\u00eda.<\/span><\/p>\n<p style=\"text-align: justify; line-height: 14.25pt; background: white;\">\n","protected":false},"excerpt":{"rendered":"<p>La Bisbal del Pened\u00e8s s\u2019ha adherit per quart any consecutiu a l\u2019European Clean Up Day, l\u2019operaci\u00f3 de neteja que es du a terme a tota Europa amb l\u2019objectiu de sensibilitzar &hellip; <a href=\"https:\/\/bisbalpenedes.com\/web\/2019\/05\/13\/aquest-dissabte-shan-recollit-mes-de-15-bosses-de-residus-del-torrent-en-el-marc-de-leuropean-clean-up-day\/\" class=\"more-link\">Read More<\/a><\/p>\n","protected":false},"author":4,"featured_media":9569,"comment_status":"closed","ping_status":"closed","sticky":false,"template":"","format":"standard","meta":[],"categories":[32],"tags":[1764,3004,220,361,627,1715,1679],"_links":{"self":[{"href":"https:\/\/bisbalpenedes.com\/web\/wp-json\/wp\/v2\/posts\/9567"}],"collection":[{"href":"https:\/\/bisbalpenedes.com\/web\/wp-json\/wp\/v2\/posts"}],"about":[{"href":"https:\/\/bisbalpenedes.com\/web\/wp-json\/wp\/v2\/types\/post"}],"author":[{"embeddable":true,"href":"https:\/\/bisbalpenedes.com\/web\/wp-json\/wp\/v2\/users\/4"}],"replies":[{"embeddable":true,"href":"https:\/\/bisbalpenedes.com\/web\/wp-json\/wp\/v2\/comments?post=9567"}],"version-history":[{"count":4,"href":"https:\/\/bisbalpenedes.com\/web\/wp-json\/wp\/v2\/posts\/9567\/revisions"}],"predecessor-version":[{"id":9573,"href":"https:\/\/bisbalpenedes.com\/web\/wp-json\/wp\/v2\/posts\/9567\/revisions\/9573"}],"wp:featuredmedia":[{"embeddable":true,"href":"https:\/\/bisbalpenedes.com\/web\/wp-json\/wp\/v2\/media\/9569"}],"wp:attachment":[{"href":"https:\/\/bisbalpenedes.com\/web\/wp-json\/wp\/v2\/media?parent=9567"}],"wp:term":[{"taxonomy":"category","embeddable":true,"href":"https:\/\/bisbalpenedes.com\/web\/wp-json\/wp\/v2\/categories?post=9567"},{"taxonomy":"post_tag","embeddable":true,"href":"https:\/\/bisbalpenedes.com\/web\/wp-json\/wp\/v2\/tags?post=9567"}],"curies":[{"name":"wp","href":"https:\/\/api.w.org\/{rel}","templated":true}]}}