{"id":9564,"date":"2019-05-13T18:07:01","date_gmt":"2019-05-13T17:07:01","guid":{"rendered":"http:\/\/bisbalpenedes.com\/web\/?p=9564"},"modified":"2019-05-29T11:46:00","modified_gmt":"2019-05-29T10:46:00","slug":"super-el-divendres-31-de-maig-vine-a-la-biblioteca-a-salvar-els-llibres","status":"publish","type":"post","link":"https:\/\/bisbalpenedes.com\/web\/2019\/05\/13\/super-el-divendres-31-de-maig-vine-a-la-biblioteca-a-salvar-els-llibres\/","title":{"rendered":"S\u00faper, el divendres 31 de maig vine a la Biblioteca a salvar els llibres!"},"content":{"rendered":"<p style=\"text-align: justify;\"><a href=\"http:\/\/bisbalpenedes.com\/web\/wp-content\/uploads\/2019\/05\/cartell-2019_page-0001.jpg\"><img loading=\"lazy\" class=\"aligncenter size-medium wp-image-9565\" src=\"http:\/\/bisbalpenedes.com\/web\/wp-content\/uploads\/2019\/05\/cartell-2019_page-0001-212x300.jpg\" alt=\"Supernit a les Biblioteques Bisbal\" width=\"212\" height=\"300\" srcset=\"https:\/\/bisbalpenedes.com\/web\/wp-content\/uploads\/2019\/05\/cartell-2019_page-0001-212x300.jpg 212w, https:\/\/bisbalpenedes.com\/web\/wp-content\/uploads\/2019\/05\/cartell-2019_page-0001-600x848.jpg 600w, https:\/\/bisbalpenedes.com\/web\/wp-content\/uploads\/2019\/05\/cartell-2019_page-0001-768x1085.jpg 768w, https:\/\/bisbalpenedes.com\/web\/wp-content\/uploads\/2019\/05\/cartell-2019_page-0001-725x1024.jpg 725w, https:\/\/bisbalpenedes.com\/web\/wp-content\/uploads\/2019\/05\/cartell-2019_page-0001.jpg 1241w\" sizes=\"(max-width: 212px) 100vw, 212px\" \/><\/a><\/p>\n<p style=\"text-align: justify;\"><strong><span style=\"color: #ff0000;\">PLACES ESGOTADES\/PLAZAS AGOTADAS<\/span><\/strong><\/p>\n<p style=\"text-align: justify;\"><span style=\"color: #000000;\">La Biblioteca P\u00fablica de la Bisbal del Pened\u00e8s acollir\u00e0 la segona edici\u00f3 de la celebraci\u00f3 de la \u201cSupernit a les biblioteques\u201d el proper divendres 31 de maig a partir de les 20h. Es tracta d\u2019una activitat organitzada pel Super3, el Departament de Cultura de la Generalitat de Catalunya i el Sistema de Biblioteques P\u00fabliques de Catalunya, que es va dur a terme per primera vegada l\u2019any 2018 i que persegueix la finalitat de promoure la lectura entre el p\u00fablic infantil.<\/span><\/p>\n<p style=\"text-align: justify;\"><span style=\"color: #000000;\">L\u2019activitat, segons el Super3, consisteix en una \u201caventura multitudin\u00e0ria, simult\u00e0nia i transm\u00e8dia per tot el territori\u201d en qu\u00e8 els nens i les nenes hauran d\u2019ajudar la fam\u00edlia del Super3 a lluitar contra el senyor Pla, conegut com el Senyor de les Ombres, que est\u00e0 fent desapar\u00e8ixer llibres de les biblioteques i donant vida als malvats cl\u00e0ssics dels contes, per tal de fer retornar els malvats als llibres.<\/span><\/p>\n<p style=\"text-align: justify;\"><span style=\"color: #000000;\">Les setmanes pr\u00e8vies a l\u2019activitat, la Biblioteca p\u00fablica de la Bisbal del Pened\u00e8s tamb\u00e9 organitzar\u00e0 dues activitats per ajudar els s\u00fapers, una de les quals ser\u00e0 un taller en qu\u00e8 s\u2019ensenyar\u00e0 els participants a fer-se les orelles \u00e8lfiques, doncs nom\u00e9s la m\u00e0gia de les petites elfes, la Nen\u00fafar i la Matoll, pot lluitar contra el poder fosc del Senyor Pla. Tot i aix\u00f2, elles s\u00f3n massa petites i els malvats s\u00f3n molts i poderosos i, per aix\u00f2, necessitaran l\u2019ajuda de molts m\u00e9s s\u00fapers, ja que aix\u00ed podran unir la seva m\u00e0gia per v\u00e8ncer tots els malvats. Si ho aconsegueixen, els llibres retornaran a les biblioteques amb els malvats a les seves p\u00e0gines, el lloc del qual no haurien d\u2019haver sortit mai.<\/span><\/p>\n<p style=\"text-align: justify;\"><span style=\"color: #000000;\">L\u2019activitat t\u00e9 una durada prevista d\u2019una hora i est\u00e0 oberta a tots els nens i les nenes que tinguin a partir de 4 anys (acompanyats d\u2019un adult) siguin o no membres del Club Super 3 i tinguin o no el carnet de la Biblioteca P\u00fablica de la Bisbal del Pened\u00e8s. Tot i que l\u2019activitat \u00e9s gratu\u00efta, l\u2019aforament \u00e9s limitat. Per aquest motiu \u00e9s necessari que els nens i les nenes que hi vulguin participar s\u2019inscriguin a la Biblioteca P\u00fablica de la Bisbal.<\/span><\/p>\n<hr \/>\n<p style=\"text-align: justify;\"><a href=\"http:\/\/bisbalpenedes.com\/web\/wp-content\/uploads\/2019\/05\/cartell-2019_page-0001.jpg\"><img loading=\"lazy\" class=\"aligncenter size-medium wp-image-9565\" src=\"http:\/\/bisbalpenedes.com\/web\/wp-content\/uploads\/2019\/05\/cartell-2019_page-0001-212x300.jpg\" alt=\"Supernit a les Biblioteques Bisbal\" width=\"212\" height=\"300\" srcset=\"https:\/\/bisbalpenedes.com\/web\/wp-content\/uploads\/2019\/05\/cartell-2019_page-0001-212x300.jpg 212w, https:\/\/bisbalpenedes.com\/web\/wp-content\/uploads\/2019\/05\/cartell-2019_page-0001-600x848.jpg 600w, https:\/\/bisbalpenedes.com\/web\/wp-content\/uploads\/2019\/05\/cartell-2019_page-0001-768x1085.jpg 768w, https:\/\/bisbalpenedes.com\/web\/wp-content\/uploads\/2019\/05\/cartell-2019_page-0001-725x1024.jpg 725w, https:\/\/bisbalpenedes.com\/web\/wp-content\/uploads\/2019\/05\/cartell-2019_page-0001.jpg 1241w\" sizes=\"(max-width: 212px) 100vw, 212px\" \/><\/a><\/p>\n<p style=\"text-align: justify;\"><span style=\"color: #000000;\"><strong>CASTELLANO |<\/strong> La Biblioteca P\u00fablica de la Bisbal del Pened\u00e8s acoger\u00e1 la segunda edici\u00f3n de la celebraci\u00f3n de la &#8220;Supernit a les biblioteques&#8221; el pr\u00f3ximo viernes 31 de mayo a partir de las 20h. Se trata de una actividad organizada por el Super3, el Departamento de Cultura de la Generalitat de Catalunya y el Sistema de Bibliotecas P\u00fablicas de Catalunya, que se llev\u00f3 a cabo por primera vez el a\u00f1o 2018 y que persigue la finalidad de promover la lectura entre el p\u00fablico infantil.<\/span><\/p>\n<p style=\"text-align: justify;\"><span style=\"color: #000000;\">La actividad, seg\u00fan el Super3, consiste en una &#8220;aventura multidisciplinaria, simult\u00e1nea y transmedia por todo el territorio&#8221; en que los ni\u00f1os y ni\u00f1as deber\u00e1n ayudar a la familia del Super3 a luchar contra el se\u00f1or Pla, conocido como el Se\u00f1or de las Sombras, que est\u00e1 haciendo desaparecer los libros de las bibliotecas y dando vida a los malvados cl\u00e1sicos de los cuentos, con el objetivo de hacer volver a los malvados a los libros.<\/span><\/p>\n<p style=\"text-align: justify;\"><span style=\"color: #000000;\">Las semanas previas a la actividad, la Biblioteca p\u00fablica de la Bisbal del Pened\u00e8s tambi\u00e9n organizar\u00e1 dos actividades para ayudar a los &#8216;s\u00fapers&#8217;, una de las cuales ser\u00e1 un taller en que se ense\u00f1ar\u00e1 a los participantes a hacer orejas \u00e9lficas, pues solo la magia de las peque\u00f1as elfas, la Nen\u00fafar y la Matoll, puede luchar contra el poder oscuro del se\u00f1or Pla. Aun as\u00ed, ellas son demasiado peque\u00f1as y los malvados son muchos y poderosos y, por eso, necesitar\u00e1n la ayuda de muchos m\u00e1s &#8216;s\u00fapers&#8217;, ya que as\u00ed podr\u00e1n unir su magia para vencer a todos los malvados. Si lo consiguen, los libros retornar\u00e1n a las bibliotecas con los malvados en sus p\u00e1ginas, el lugar del que no deber\u00edan haber salido jam\u00e1s.<\/span><\/p>\n<p style=\"text-align: justify;\"><span style=\"color: #000000;\">La actividad tiene una duraci\u00f3n prevista de una hora y est\u00e1 abierta a todos los ni\u00f1os y ni\u00f1as que tengan a partir de 4 a\u00f1os (acompa\u00f1ados de un adulto) sean o no miembros del Club Super 3 y tengan o no el carn\u00e9 de la Biblioteca P\u00fablica de la Bisbal del Pened\u00e8s. Aunque la actividad es gratuita, el aforo es limitado. Por este motivo es necesario que los ni\u00f1os y las ni\u00f1as que quieran participar se apunten en la Biblioteca P\u00fablica de la Bisbal.<\/span><\/p>\n<p>&nbsp;<\/p>\n","protected":false},"excerpt":{"rendered":"<p>PLACES ESGOTADES\/PLAZAS AGOTADAS La Biblioteca P\u00fablica de la Bisbal del Pened\u00e8s acollir\u00e0 la segona edici\u00f3 de la celebraci\u00f3 de la \u201cSupernit a les biblioteques\u201d el proper divendres 31 de maig &hellip; <a href=\"https:\/\/bisbalpenedes.com\/web\/2019\/05\/13\/super-el-divendres-31-de-maig-vine-a-la-biblioteca-a-salvar-els-llibres\/\" class=\"more-link\">Read More<\/a><\/p>\n","protected":false},"author":4,"featured_media":9565,"comment_status":"closed","ping_status":"closed","sticky":false,"template":"","format":"standard","meta":[],"categories":[2478,13],"tags":[169,3001,3003,1783,3002],"_links":{"self":[{"href":"https:\/\/bisbalpenedes.com\/web\/wp-json\/wp\/v2\/posts\/9564"}],"collection":[{"href":"https:\/\/bisbalpenedes.com\/web\/wp-json\/wp\/v2\/posts"}],"about":[{"href":"https:\/\/bisbalpenedes.com\/web\/wp-json\/wp\/v2\/types\/post"}],"author":[{"embeddable":true,"href":"https:\/\/bisbalpenedes.com\/web\/wp-json\/wp\/v2\/users\/4"}],"replies":[{"embeddable":true,"href":"https:\/\/bisbalpenedes.com\/web\/wp-json\/wp\/v2\/comments?post=9564"}],"version-history":[{"count":2,"href":"https:\/\/bisbalpenedes.com\/web\/wp-json\/wp\/v2\/posts\/9564\/revisions"}],"predecessor-version":[{"id":9694,"href":"https:\/\/bisbalpenedes.com\/web\/wp-json\/wp\/v2\/posts\/9564\/revisions\/9694"}],"wp:featuredmedia":[{"embeddable":true,"href":"https:\/\/bisbalpenedes.com\/web\/wp-json\/wp\/v2\/media\/9565"}],"wp:attachment":[{"href":"https:\/\/bisbalpenedes.com\/web\/wp-json\/wp\/v2\/media?parent=9564"}],"wp:term":[{"taxonomy":"category","embeddable":true,"href":"https:\/\/bisbalpenedes.com\/web\/wp-json\/wp\/v2\/categories?post=9564"},{"taxonomy":"post_tag","embeddable":true,"href":"https:\/\/bisbalpenedes.com\/web\/wp-json\/wp\/v2\/tags?post=9564"}],"curies":[{"name":"wp","href":"https:\/\/api.w.org\/{rel}","templated":true}]}}