{"id":9562,"date":"2019-05-13T17:43:16","date_gmt":"2019-05-13T16:43:16","guid":{"rendered":"http:\/\/bisbalpenedes.com\/web\/?p=9562"},"modified":"2019-05-13T17:43:50","modified_gmt":"2019-05-13T16:43:50","slug":"avis-de-tall-de-circulacio-al-carrer-pere-junque-previst-per-al-dimarts-14-de-maig-de-12-a-13h","status":"publish","type":"post","link":"https:\/\/bisbalpenedes.com\/web\/2019\/05\/13\/avis-de-tall-de-circulacio-al-carrer-pere-junque-previst-per-al-dimarts-14-de-maig-de-12-a-13h\/","title":{"rendered":"Av\u00eds de tall de circulaci\u00f3 al carrer Pere Junqu\u00e9 previst per al dimarts 14 de maig de 12 a 13h"},"content":{"rendered":"<p><span style=\"color: #000000;\">Aqualia ha informat que aquest dimarts 14 de maig, de 12 a 13h, hi haur\u00e0 un tall de circulaci\u00f3 de vehicles al carrer Santa Cristina, a l\u2019al\u00e7ada de la conflu\u00e8ncia amb el carrer Pere Junqu\u00e9, per treballs d\u2019asfaltat a la via. Disculpeu les mol\u00e8sties.<\/span><\/p>\n<hr \/>\n<p><span style=\"color: #000000;\">Aqualia ha informado que este martes 14 de mayo, de 12 a 13h, habr\u00e1 un corte de circulaci\u00f3n de veh\u00edculos en la calle Santa Cristina, a la altura de la confluencia con la calle Pere Junqu\u00e9, por trabajos de asfaltado de la v\u00eda. Disculpad las molestias.<\/span><\/p>\n","protected":false},"excerpt":{"rendered":"<p>Aqualia ha informat que aquest dimarts 14 de maig, de 12 a 13h, hi haur\u00e0 un tall de circulaci\u00f3 de vehicles al carrer Santa Cristina, a l\u2019al\u00e7ada de la conflu\u00e8ncia &hellip; <a href=\"https:\/\/bisbalpenedes.com\/web\/2019\/05\/13\/avis-de-tall-de-circulacio-al-carrer-pere-junque-previst-per-al-dimarts-14-de-maig-de-12-a-13h\/\" class=\"more-link\">Read More<\/a><\/p>\n","protected":false},"author":4,"featured_media":6733,"comment_status":"closed","ping_status":"closed","sticky":false,"template":"","format":"standard","meta":[],"categories":[1628],"tags":[649,531,3000],"_links":{"self":[{"href":"https:\/\/bisbalpenedes.com\/web\/wp-json\/wp\/v2\/posts\/9562"}],"collection":[{"href":"https:\/\/bisbalpenedes.com\/web\/wp-json\/wp\/v2\/posts"}],"about":[{"href":"https:\/\/bisbalpenedes.com\/web\/wp-json\/wp\/v2\/types\/post"}],"author":[{"embeddable":true,"href":"https:\/\/bisbalpenedes.com\/web\/wp-json\/wp\/v2\/users\/4"}],"replies":[{"embeddable":true,"href":"https:\/\/bisbalpenedes.com\/web\/wp-json\/wp\/v2\/comments?post=9562"}],"version-history":[{"count":1,"href":"https:\/\/bisbalpenedes.com\/web\/wp-json\/wp\/v2\/posts\/9562\/revisions"}],"predecessor-version":[{"id":9563,"href":"https:\/\/bisbalpenedes.com\/web\/wp-json\/wp\/v2\/posts\/9562\/revisions\/9563"}],"wp:featuredmedia":[{"embeddable":true,"href":"https:\/\/bisbalpenedes.com\/web\/wp-json\/wp\/v2\/media\/6733"}],"wp:attachment":[{"href":"https:\/\/bisbalpenedes.com\/web\/wp-json\/wp\/v2\/media?parent=9562"}],"wp:term":[{"taxonomy":"category","embeddable":true,"href":"https:\/\/bisbalpenedes.com\/web\/wp-json\/wp\/v2\/categories?post=9562"},{"taxonomy":"post_tag","embeddable":true,"href":"https:\/\/bisbalpenedes.com\/web\/wp-json\/wp\/v2\/tags?post=9562"}],"curies":[{"name":"wp","href":"https:\/\/api.w.org\/{rel}","templated":true}]}}