{"id":9530,"date":"2019-05-07T09:38:44","date_gmt":"2019-05-07T08:38:44","guid":{"rendered":"http:\/\/bisbalpenedes.com\/web\/?p=9530"},"modified":"2019-05-07T09:55:32","modified_gmt":"2019-05-07T08:55:32","slug":"el-dissabte-11-de-maig-a-les-11h-farem-una-accio-de-neteja-al-torrent-en-el-marc-de-leuropean-clean-up-day-us-hi-esperem","status":"publish","type":"post","link":"https:\/\/bisbalpenedes.com\/web\/2019\/05\/07\/el-dissabte-11-de-maig-a-les-11h-farem-una-accio-de-neteja-al-torrent-en-el-marc-de-leuropean-clean-up-day-us-hi-esperem\/","title":{"rendered":"El dissabte 11 de maig a les 11h farem una acci\u00f3 de neteja al torrent en el marc de l&#8217;European Clean Up Day. Us hi esperem!"},"content":{"rendered":"<p style=\"text-align: justify;\"><a href=\"http:\/\/bisbalpenedes.com\/web\/wp-content\/uploads\/2019\/05\/CLEAN-DAY-2-2019.jpg\"><img loading=\"lazy\" class=\"aligncenter size-large wp-image-9531\" src=\"http:\/\/bisbalpenedes.com\/web\/wp-content\/uploads\/2019\/05\/CLEAN-DAY-2-2019-724x1024.jpg\" alt=\"CLEAN-DAY-2-2019\" width=\"630\" height=\"891\" srcset=\"https:\/\/bisbalpenedes.com\/web\/wp-content\/uploads\/2019\/05\/CLEAN-DAY-2-2019-724x1024.jpg 724w, https:\/\/bisbalpenedes.com\/web\/wp-content\/uploads\/2019\/05\/CLEAN-DAY-2-2019-600x849.jpg 600w, https:\/\/bisbalpenedes.com\/web\/wp-content\/uploads\/2019\/05\/CLEAN-DAY-2-2019-212x300.jpg 212w, https:\/\/bisbalpenedes.com\/web\/wp-content\/uploads\/2019\/05\/CLEAN-DAY-2-2019-768x1087.jpg 768w, https:\/\/bisbalpenedes.com\/web\/wp-content\/uploads\/2019\/05\/CLEAN-DAY-2-2019.jpg 1169w\" sizes=\"(max-width: 630px) 100vw, 630px\" \/><\/a><\/p>\n<p style=\"text-align: justify;\"><span style=\"color: #000000;\">La Bisbal del Pened\u00e8s s\u2019adhereix per quart any consecutiu a l\u2019European Clean Up Day, l\u2019operaci\u00f3 de neteja que es du a terme a tota Europa amb l\u2019objectiu de sensibilitzar en termes de protecci\u00f3 del medi ambient, crear consci\u00e8ncia sobre la quantitat de residus que llencem de forma incontrolada a la natura i combatre els comportaments inc\u00edvics amb el nostre entorn.<\/span><\/p>\n<p style=\"text-align: justify;\"><span style=\"color: #000000;\">L\u2019acci\u00f3, organitzada des de la Regidoria de Medi Ambient, consistir\u00e0 en netejar un espai natural del municipi. El primer any es va netejar una franja forestal d\u2019una part del torrent que passa pel Priorat de la Bisbal, el segon any es va netejar el cam\u00ed del Priorat i tant l\u2019any passat com aquest, es\u00a0 netejar\u00e0 el torrent, \u00e9s a dir, la Riera de la Bisbal al seu pas pel nucli del municipi.<\/span><\/p>\n<p style=\"text-align: justify;\"><span style=\"color: #000000;\"><strong>L\u2019activitat es dur\u00e0 a terme el dissabte 11 de maig a les 11 del mat\u00ed<\/strong><strong> i est\u00e0 inclosa dins la Setmana Europea de la Prevenci\u00f3 de Residus, <\/strong>que persegueix els objectius de conscienciar sobre la import\u00e0ncia de la prevenci\u00f3 i la bona gesti\u00f3 dels residus i fer pedagogia sobre tot all\u00f2 que es pot fer per reduir la quantitat de residus generats, potenciant la reutilitzaci\u00f3 i el reciclatge entre la ciutadania.<\/span><\/p>\n<p style=\"text-align: justify;\"><span style=\"color: #000000;\">Us animem a participar en aquesta jornada volunt\u00e0ria el dissabte 11 de maig.\u00a0<strong>Ens trobarem a les 11h del mat\u00ed a la pista d\u2019<em>skate<\/em> i us facilitarem el material per poder dur a terme la neteja. La durada aproximada \u00e9s de dues hores i no cal inscripci\u00f3 pr\u00e8via.<\/strong>\u00a0Us hi esperem!<\/span><\/p>\n<hr \/>\n<p style=\"text-align: justify;\"><span style=\"color: #000000;\"><strong>CASTELLANO |<\/strong> La Bisbal del Pened\u00e8s se adhiere por cuarto a\u00f1o consecutivo al European Clean Up Day, la operaci\u00f3n de limpieza que se lleva a cabo en toda Europa con el objetivo de sensibilizar en t\u00e9rminos de protecci\u00f3n del medio ambiente, crear conciencia sobre la cantidad de residuos que vertemos de forma incontrolada en la naturaleza y combatir los comportamientos inc\u00edvicos con nuestro entorno.<\/span><\/p>\n<p style=\"text-align: justify;\"><span style=\"color: #000000;\">La acci\u00f3n, organizada desde la Concejal\u00eda de Medio Ambiente, consistir\u00e1 en limpiar un espacio natural del municipio. El primer a\u00f1o se limpi\u00f3 una franja forestal de una parte del torrente que pasa por el Priorat de la Bisbal, el segundo a\u00f1o se limpi\u00f3 el camino del Priorato y tanto el a\u00f1o pasado como este, se limpiar\u00e1 el torrente, es decir, la Riera de la Bisbal a su paso por el n\u00facleo del municipio.<\/span><\/p>\n<p style=\"text-align: justify;\"><span style=\"color: #000000;\"><strong>La actividad se llevar\u00e1 a cabo el s\u00e1bado 11 de mayo a las 11 de la ma\u00f1ana y est\u00e1 incluida dentro de la Semana Europea de la Prevenci\u00f3n de Residuo<\/strong>s, que persigue los objetivos de concienciar sobre la importancia de la prevenci\u00f3n y la buena gesti\u00f3n de los residuos y hacer pedagog\u00eda sobre todo aquello que se puede hacer para reducir la cantidad de residuos generados, potenciando la reutilizaci\u00f3n y el reciclaje entre la ciudadan\u00eda.<\/span><\/p>\n<p style=\"text-align: justify;\"><span style=\"color: #000000;\">Os animamos a participar en esta jornada voluntaria el s\u00e1bado 11 de mayo. <strong>Nos encontraremos a las 11h de la ma\u00f1ana en la pista de <em>skate<\/em> y os facilitaremos el material para poder llevar a cabo la limpieza. La duraci\u00f3n aproximada es de dos horas y no es necesario inscribirse previamente<\/strong>. \u00a1Os esperamos!<\/span><\/p>\n<p>&nbsp;<\/p>\n<p>&nbsp;<\/p>\n<p>&nbsp;<\/p>\n","protected":false},"excerpt":{"rendered":"<p>La Bisbal del Pened\u00e8s s\u2019adhereix per quart any consecutiu a l\u2019European Clean Up Day, l\u2019operaci\u00f3 de neteja que es du a terme a tota Europa amb l\u2019objectiu de sensibilitzar en &hellip; <a href=\"https:\/\/bisbalpenedes.com\/web\/2019\/05\/07\/el-dissabte-11-de-maig-a-les-11h-farem-una-accio-de-neteja-al-torrent-en-el-marc-de-leuropean-clean-up-day-us-hi-esperem\/\" class=\"more-link\">Read More<\/a><\/p>\n","protected":false},"author":4,"featured_media":9531,"comment_status":"closed","ping_status":"closed","sticky":false,"template":"","format":"standard","meta":[],"categories":[32],"tags":[1764,2998,2997,220,361,1182,1679],"_links":{"self":[{"href":"https:\/\/bisbalpenedes.com\/web\/wp-json\/wp\/v2\/posts\/9530"}],"collection":[{"href":"https:\/\/bisbalpenedes.com\/web\/wp-json\/wp\/v2\/posts"}],"about":[{"href":"https:\/\/bisbalpenedes.com\/web\/wp-json\/wp\/v2\/types\/post"}],"author":[{"embeddable":true,"href":"https:\/\/bisbalpenedes.com\/web\/wp-json\/wp\/v2\/users\/4"}],"replies":[{"embeddable":true,"href":"https:\/\/bisbalpenedes.com\/web\/wp-json\/wp\/v2\/comments?post=9530"}],"version-history":[{"count":3,"href":"https:\/\/bisbalpenedes.com\/web\/wp-json\/wp\/v2\/posts\/9530\/revisions"}],"predecessor-version":[{"id":9534,"href":"https:\/\/bisbalpenedes.com\/web\/wp-json\/wp\/v2\/posts\/9530\/revisions\/9534"}],"wp:featuredmedia":[{"embeddable":true,"href":"https:\/\/bisbalpenedes.com\/web\/wp-json\/wp\/v2\/media\/9531"}],"wp:attachment":[{"href":"https:\/\/bisbalpenedes.com\/web\/wp-json\/wp\/v2\/media?parent=9530"}],"wp:term":[{"taxonomy":"category","embeddable":true,"href":"https:\/\/bisbalpenedes.com\/web\/wp-json\/wp\/v2\/categories?post=9530"},{"taxonomy":"post_tag","embeddable":true,"href":"https:\/\/bisbalpenedes.com\/web\/wp-json\/wp\/v2\/tags?post=9530"}],"curies":[{"name":"wp","href":"https:\/\/api.w.org\/{rel}","templated":true}]}}