{"id":9522,"date":"2019-05-06T17:58:33","date_gmt":"2019-05-06T16:58:33","guid":{"rendered":"http:\/\/bisbalpenedes.com\/web\/?p=9522"},"modified":"2019-05-06T18:00:15","modified_gmt":"2019-05-06T17:00:15","slug":"aquest-dimarts-comenca-la-campanya-informativa-sobre-la-recollida-de-materia-organica-a-la-miralba","status":"publish","type":"post","link":"https:\/\/bisbalpenedes.com\/web\/2019\/05\/06\/aquest-dimarts-comenca-la-campanya-informativa-sobre-la-recollida-de-materia-organica-a-la-miralba\/","title":{"rendered":"Aquest dimarts comen\u00e7a la campanya informativa sobre la recollida de mat\u00e8ria org\u00e0nica a la Miralba"},"content":{"rendered":"<p style=\"text-align: justify;\"><span style=\"color: #000000;\"><a style=\"color: #000000;\" href=\"http:\/\/bisbalpenedes.com\/web\/wp-content\/uploads\/2019\/04\/organica-informadora.jpg\"><img loading=\"lazy\" class=\"size-large wp-image-9303 aligncenter\" src=\"http:\/\/bisbalpenedes.com\/web\/wp-content\/uploads\/2019\/04\/organica-informadora-1024x724.jpg\" alt=\"organica informadora\" width=\"630\" height=\"445\" srcset=\"https:\/\/bisbalpenedes.com\/web\/wp-content\/uploads\/2019\/04\/organica-informadora-1024x724.jpg 1024w, https:\/\/bisbalpenedes.com\/web\/wp-content\/uploads\/2019\/04\/organica-informadora-600x424.jpg 600w, https:\/\/bisbalpenedes.com\/web\/wp-content\/uploads\/2019\/04\/organica-informadora-300x212.jpg 300w, https:\/\/bisbalpenedes.com\/web\/wp-content\/uploads\/2019\/04\/organica-informadora-768x543.jpg 768w\" sizes=\"(max-width: 630px) 100vw, 630px\" \/><\/a><\/span><\/p>\n<p style=\"text-align: justify;\"><span style=\"color: #000000;\">Aquest\u00a0dimarts 7 de maig comen\u00e7a la campanya informativa de la recollida de mat\u00e8ria org\u00e0nica, mitjan\u00e7ant el porta a porta, a la Miralba. El proper dissabte la informadora estar\u00e0, durant el mat\u00ed (de 10h a 13h), al local social de\u00a0la Miralba.<\/span><\/p>\n<p style=\"text-align: justify;\"><span style=\"color: #000000;\">Per a m\u00e9s informaci\u00f3 sobre la campanya informativa de la implantaci\u00f3 de la recollida de la mat\u00e8ria org\u00e0nica als barris de fora del nucli, podeu entrar a l&#8217;enlla\u00e7:\u00a0<a style=\"color: #000000;\" href=\"http:\/\/bisbalpenedes.com\/web\/2019\/04\/04\/comenca-la-campanya-informativa-de-la-implantacio-de-la-recollida-materia-organica-als-barris-de-fora-del-nucli\/\" target=\"_blank\">http:\/\/bisbalpenedes.com\/web\/2019\/04\/04\/comenca-la-campanya-informativa-de-la-implantacio-de-la-recollida-materia-organica-als-barris-de-fora-del-nucli\/<\/a><\/span><\/p>\n<div class=\"\" style=\"text-align: justify;\" data-block=\"true\" data-editor=\"euont\" data-offset-key=\"5g1o1-0-0\">\n<div class=\"_1mf _1mj\" data-offset-key=\"5g1o1-0-0\">\n<hr \/>\n<\/div>\n<\/div>\n<div class=\"\" style=\"text-align: justify;\" data-block=\"true\" data-editor=\"euont\" data-offset-key=\"2ojmf-0-0\"><span style=\"color: #000000;\">\u00a0<\/span><\/div>\n<div class=\"\" style=\"text-align: justify;\" data-block=\"true\" data-editor=\"euont\" data-offset-key=\"985f7-0-0\">\n<div class=\"_1mf _1mj\" data-offset-key=\"985f7-0-0\"><span style=\"color: #000000;\"><strong>CASTELLANO |<\/strong>\u00a0Este\u00a0 martes 7 de mayo empieza la campa\u00f1a informativa de la recogida de materia org\u00e1nica, mediante el puerta a puerta, en la Miralba. El pr\u00f3ximo s\u00e1bado la informadora estar\u00e1, durante la ma\u00f1ana (de 10 a 13h), en el local social de\u00a0la Miralba.<\/span><\/div>\n<div class=\"_1mf _1mj\" data-offset-key=\"985f7-0-0\"><\/div>\n<div class=\"_1mf _1mj\" data-offset-key=\"985f7-0-0\"><\/div>\n<\/div>\n<div class=\"\" data-block=\"true\" data-editor=\"euont\" data-offset-key=\"bnma8-0-0\">\n<div class=\"_1mf _1mj\" style=\"text-align: justify;\" data-offset-key=\"bnma8-0-0\"><span style=\"color: #000000;\">Para m\u00e1s informaci\u00f3n sobre la campa\u00f1a informativa de la implantaci\u00f3n de la recogida de la materia org\u00e1nica en los barrios de fuera del n\u00facleo, pod\u00e9is entrar en el enlace:\u00a0<a style=\"color: #000000;\" href=\"http:\/\/bisbalpenedes.com\/web\/2019\/04\/04\/comenca-la-campanya-informativa-de-la-implantacio-de-la-recollida-materia-organica-als-barris-de-fora-del-nucli\/\" target=\"_blank\">http:\/\/bisbalpenedes.com\/web\/2019\/04\/04\/comenca-la-campanya-informativa-de-la-implantacio-de-la-recollida-materia-organica-als-barris-de-fora-del-nucli\/<\/a><\/span><\/div>\n<\/div>\n","protected":false},"excerpt":{"rendered":"<p>Aquest\u00a0dimarts 7 de maig comen\u00e7a la campanya informativa de la recollida de mat\u00e8ria org\u00e0nica, mitjan\u00e7ant el porta a porta, a la Miralba. El proper dissabte la informadora estar\u00e0, durant el &hellip; <a href=\"https:\/\/bisbalpenedes.com\/web\/2019\/05\/06\/aquest-dimarts-comenca-la-campanya-informativa-sobre-la-recollida-de-materia-organica-a-la-miralba\/\" class=\"more-link\">Read More<\/a><\/p>\n","protected":false},"author":4,"featured_media":9302,"comment_status":"closed","ping_status":"closed","sticky":false,"template":"","format":"standard","meta":[],"categories":[32],"tags":[358,246,1907,220],"_links":{"self":[{"href":"https:\/\/bisbalpenedes.com\/web\/wp-json\/wp\/v2\/posts\/9522"}],"collection":[{"href":"https:\/\/bisbalpenedes.com\/web\/wp-json\/wp\/v2\/posts"}],"about":[{"href":"https:\/\/bisbalpenedes.com\/web\/wp-json\/wp\/v2\/types\/post"}],"author":[{"embeddable":true,"href":"https:\/\/bisbalpenedes.com\/web\/wp-json\/wp\/v2\/users\/4"}],"replies":[{"embeddable":true,"href":"https:\/\/bisbalpenedes.com\/web\/wp-json\/wp\/v2\/comments?post=9522"}],"version-history":[{"count":5,"href":"https:\/\/bisbalpenedes.com\/web\/wp-json\/wp\/v2\/posts\/9522\/revisions"}],"predecessor-version":[{"id":9527,"href":"https:\/\/bisbalpenedes.com\/web\/wp-json\/wp\/v2\/posts\/9522\/revisions\/9527"}],"wp:featuredmedia":[{"embeddable":true,"href":"https:\/\/bisbalpenedes.com\/web\/wp-json\/wp\/v2\/media\/9302"}],"wp:attachment":[{"href":"https:\/\/bisbalpenedes.com\/web\/wp-json\/wp\/v2\/media?parent=9522"}],"wp:term":[{"taxonomy":"category","embeddable":true,"href":"https:\/\/bisbalpenedes.com\/web\/wp-json\/wp\/v2\/categories?post=9522"},{"taxonomy":"post_tag","embeddable":true,"href":"https:\/\/bisbalpenedes.com\/web\/wp-json\/wp\/v2\/tags?post=9522"}],"curies":[{"name":"wp","href":"https:\/\/api.w.org\/{rel}","templated":true}]}}