{"id":9519,"date":"2019-05-03T12:52:10","date_gmt":"2019-05-03T11:52:10","guid":{"rendered":"http:\/\/bisbalpenedes.com\/web\/?p=9519"},"modified":"2019-05-03T12:52:29","modified_gmt":"2019-05-03T11:52:29","slug":"avis-de-tall-de-subministrament-electric-a-lesplai-programat-per-al-divendres-10-de-maig","status":"publish","type":"post","link":"https:\/\/bisbalpenedes.com\/web\/2019\/05\/03\/avis-de-tall-de-subministrament-electric-a-lesplai-programat-per-al-divendres-10-de-maig\/","title":{"rendered":"Av\u00eds de tall de subministrament el\u00e8ctric a l&#8217;Esplai previst per al divendres 10 de maig"},"content":{"rendered":"<p><span style=\"color: #000000;\">Fecsa-Endesa ha informat que el proper divendres 10 de maig de 2019, de 9:00 a 13:00h tallar\u00e0 el subministrament\u00a0el\u00e8ctric a l&#8217;Esplai del Pened\u00e8s per tasques de manteniment de la xarxa de distribuci\u00f3 el\u00e8ctrica.<\/span><\/p>\n<p><span style=\"color: #000000;\">Per a m\u00e9s informaci\u00f3 us podeu adre\u00e7ar al web <a href=\"http:\/\/www.endesadistribucion.es\" target=\"_blank\">www.endesadistribucion.es<\/a> o al tel\u00e8fon\u00a0800760706.<\/span><\/p>\n<hr \/>\n<p><span style=\"color: #000000;\">CASTELLANO | Fecsa-Endesa ha informado que el pr\u00f3ximo viernes 10 de mayo del 2019, de 9:00h a 13:00h cortar\u00e1 el suministro\u00a0el\u00e9ctrico\u00a0en l&#8217;Esplai del Pened\u00e8s por trabajos de mantenimiento de la red de distribuci\u00f3n el\u00e9ctrica.<\/span><\/p>\n<p><span style=\"color: #000000;\">Para m\u00e1s informaci\u00f3n os pod\u00e9is dirigir a la web <a href=\"http:\/\/www.endesadistribucion.es\" target=\"_blank\">www.endesadistribucion.es\u00a0<\/a>o al tel\u00e9fono 800760706<\/span>.<\/p>\n<p>&nbsp;<\/p>\n","protected":false},"excerpt":{"rendered":"<p>Fecsa-Endesa ha informat que el proper divendres 10 de maig de 2019, de 9:00 a 13:00h tallar\u00e0 el subministrament\u00a0el\u00e8ctric a l&#8217;Esplai del Pened\u00e8s per tasques de manteniment de la xarxa &hellip; <a href=\"https:\/\/bisbalpenedes.com\/web\/2019\/05\/03\/avis-de-tall-de-subministrament-electric-a-lesplai-programat-per-al-divendres-10-de-maig\/\" class=\"more-link\">Read More<\/a><\/p>\n","protected":false},"author":4,"featured_media":6679,"comment_status":"closed","ping_status":"closed","sticky":false,"template":"","format":"standard","meta":[],"categories":[1628],"tags":[1630,334,2995,2996,1629],"_links":{"self":[{"href":"https:\/\/bisbalpenedes.com\/web\/wp-json\/wp\/v2\/posts\/9519"}],"collection":[{"href":"https:\/\/bisbalpenedes.com\/web\/wp-json\/wp\/v2\/posts"}],"about":[{"href":"https:\/\/bisbalpenedes.com\/web\/wp-json\/wp\/v2\/types\/post"}],"author":[{"embeddable":true,"href":"https:\/\/bisbalpenedes.com\/web\/wp-json\/wp\/v2\/users\/4"}],"replies":[{"embeddable":true,"href":"https:\/\/bisbalpenedes.com\/web\/wp-json\/wp\/v2\/comments?post=9519"}],"version-history":[{"count":2,"href":"https:\/\/bisbalpenedes.com\/web\/wp-json\/wp\/v2\/posts\/9519\/revisions"}],"predecessor-version":[{"id":9521,"href":"https:\/\/bisbalpenedes.com\/web\/wp-json\/wp\/v2\/posts\/9519\/revisions\/9521"}],"wp:featuredmedia":[{"embeddable":true,"href":"https:\/\/bisbalpenedes.com\/web\/wp-json\/wp\/v2\/media\/6679"}],"wp:attachment":[{"href":"https:\/\/bisbalpenedes.com\/web\/wp-json\/wp\/v2\/media?parent=9519"}],"wp:term":[{"taxonomy":"category","embeddable":true,"href":"https:\/\/bisbalpenedes.com\/web\/wp-json\/wp\/v2\/categories?post=9519"},{"taxonomy":"post_tag","embeddable":true,"href":"https:\/\/bisbalpenedes.com\/web\/wp-json\/wp\/v2\/tags?post=9519"}],"curies":[{"name":"wp","href":"https:\/\/api.w.org\/{rel}","templated":true}]}}