{"id":9507,"date":"2019-05-02T12:27:31","date_gmt":"2019-05-02T11:27:31","guid":{"rendered":"http:\/\/bisbalpenedes.com\/web\/?p=9507"},"modified":"2019-05-07T12:07:51","modified_gmt":"2019-05-07T11:07:51","slug":"superlopez","status":"publish","type":"post","link":"https:\/\/bisbalpenedes.com\/web\/2019\/05\/02\/superlopez\/","title":{"rendered":"El dissabte 25 de maig a les 19h es projectar\u00e0 &#8216;Superl\u00f3pez&#8217; a l&#8217;Auditori Salb\u00e0 del CMC"},"content":{"rendered":"<p style=\"text-align: justify;\"><a href=\"http:\/\/bisbalpenedes.com\/web\/wp-content\/uploads\/2019\/05\/VISUAL_A3_SUPERLOPEZ_LA_BISBAL_PENEDES-25-maig.jpg\"><img loading=\"lazy\" class=\"aligncenter size-medium wp-image-9540\" src=\"http:\/\/bisbalpenedes.com\/web\/wp-content\/uploads\/2019\/05\/VISUAL_A3_SUPERLOPEZ_LA_BISBAL_PENEDES-25-maig-213x300.jpg\" alt=\"VISUAL_A3_SUPERLOPEZ_LA_BISBAL_PENEDES 25 maig\" width=\"213\" height=\"300\" srcset=\"https:\/\/bisbalpenedes.com\/web\/wp-content\/uploads\/2019\/05\/VISUAL_A3_SUPERLOPEZ_LA_BISBAL_PENEDES-25-maig-213x300.jpg 213w, https:\/\/bisbalpenedes.com\/web\/wp-content\/uploads\/2019\/05\/VISUAL_A3_SUPERLOPEZ_LA_BISBAL_PENEDES-25-maig-600x843.jpg 600w, https:\/\/bisbalpenedes.com\/web\/wp-content\/uploads\/2019\/05\/VISUAL_A3_SUPERLOPEZ_LA_BISBAL_PENEDES-25-maig-768x1080.jpg 768w, https:\/\/bisbalpenedes.com\/web\/wp-content\/uploads\/2019\/05\/VISUAL_A3_SUPERLOPEZ_LA_BISBAL_PENEDES-25-maig-728x1024.jpg 728w, https:\/\/bisbalpenedes.com\/web\/wp-content\/uploads\/2019\/05\/VISUAL_A3_SUPERLOPEZ_LA_BISBAL_PENEDES-25-maig.jpg 1146w\" sizes=\"(max-width: 213px) 100vw, 213px\" \/><\/a><\/p>\n<p style=\"text-align: justify;\"><span style=\"color: #000000;\">El dissabte 25 de maig, a les 19h, es projectar\u00e0 la pel\u00b7l\u00edcula &#8216;Superl\u00f3pez&#8217; a l&#8217;Auditori Salb\u00e0 del CMC<\/span><\/p>\n<div class=\"wpb_text_column wpb_content_element \" style=\"text-align: justify;\">\n<div class=\"wpb_wrapper\">\n<p><span style=\"color: #000000;\"><strong>FITXA\u00a0T\u00c8CNICA\u00a0<\/strong><\/span><\/p>\n<\/div>\n<\/div>\n<div class=\"wpb_text_column wpb_content_element \" style=\"text-align: justify;\">\n<div class=\"wpb_wrapper\">\n<p><span style=\"color: #000000;\">Direcci\u00f3:\u00a0<strong>Javier Ruiz Caldera<\/strong><\/span><\/p>\n<p><span style=\"color: #000000;\">Gui\u00f3:\u00a0<strong>Borja Cobeaga, Diego San Jos\u00e9<\/strong><\/span><\/p>\n<p><span style=\"color: #000000;\">M\u00fasica:\u00a0<strong>Fernando Vel\u00e1zquez<\/strong><\/span><\/p>\n<p><span style=\"color: #000000;\">Estrena:\u00a0<strong>Novembre de 2018<\/strong><\/span><\/p>\n<p><span style=\"color: #000000;\">Durada:\u00a0<strong>107\u00a0min.<\/strong><\/span><\/p>\n<p><span style=\"color: #000000;\">G\u00e8nere:\u00a0<strong>Com\u00e8dia \u2013 Acci\u00f3<\/strong><\/span><\/p>\n<p><span style=\"color: #000000;\">Versi\u00f3:\u00a0<strong>Original en castell\u00e0<\/strong><\/span><\/p>\n<p><span style=\"color: #000000;\">Int\u00e8rprets:\u00a0<strong>Dani Rovira, Alexandra Jim\u00e9nez, Maribel Verd\u00fa, Juli\u00e1n L\u00f3pez, Pedro Casablanc<\/strong><\/span><\/p>\n<p>&nbsp;<\/p>\n<p><span style=\"color: #000000;\"><strong>SINOPSI<\/strong><\/span><\/p>\n<p><span style=\"color: #000000;\"><strong>Basada en les aventures del personatge creat pel dibuixant Jan, Superlopez arriba a les pantalles del Cicle Gaud\u00ed de la m\u00e0 de Javier Ruiz Caldera.<\/strong><\/span><\/p>\n<p><span style=\"color: #000000;\">Est\u00e0 clar que tota llegenda t\u00e9 un comen\u00e7ament, per\u00f2 a en Jan, un dels il\u00b7lustradors m\u00e9s importants del nostre pa\u00eds, se li va oblidar explicar-nos el de Juan L\u00f3pez, la par\u00f2dia castissa de Superman. Quan va descobrir els seus poders? D\u2019on ha tret aquestes malles o per qu\u00e8 es va convertir en un heroi? Aquestes s\u00f3n algunes de les preguntes que Javier Ruiz Caldera en la direcci\u00f3 i Borja Cobeaga i Diego San Jos\u00e9 en el gui\u00f3, estan disposats a resoldre a \u2018Superl\u00f3pez \u2018, una com\u00e8dia sense masses superpoders.<\/span><\/p>\n<p><iframe loading=\"lazy\" src=\"https:\/\/www.youtube.com\/embed\/qVcbe05DWTA\" width=\"560\" height=\"315\" frameborder=\"0\" allowfullscreen=\"allowfullscreen\"><\/iframe><br \/>\n<span style=\"color: #000000;\">El preu general de l\u2019entrada \u00e9s de 4,5\u20ac i s\u2019ofereix un preu redu\u00eft de 3\u20ac presentant el carnet de la Biblioteca Municipal de La Bisbal.<\/span><\/p>\n<p><span style=\"color: #000000;\">Quant a la recaptaci\u00f3, aquesta es destinar\u00e0 a l\u2019entitat del poble que s\u2019encarregui de gestionar la taquilla en cadascuna de les projeccions, en aquest cas\u00a0el Ball de Gitanes de la Bisbal.<\/span><\/p>\n<p><span style=\"color: #000000;\">Per a m\u00e9s informaci\u00f3 podeu anar a l\u2019enlla\u00e7:<\/span>\u00a0<a href=\"https:\/\/www.ciclegaudi.cat\/\" target=\"_blank\">https:\/\/www.ciclegaudi.cat\/<\/a><\/p>\n<p><a href=\"http:\/\/bisbalpenedes.com\/web\/wp-content\/uploads\/2019\/05\/VISUAL_A3_SUPERLOPEZ_LA_BISBAL_PENEDES-25-maig.jpg\"><img loading=\"lazy\" class=\"aligncenter size-medium wp-image-9540\" src=\"http:\/\/bisbalpenedes.com\/web\/wp-content\/uploads\/2019\/05\/VISUAL_A3_SUPERLOPEZ_LA_BISBAL_PENEDES-25-maig-213x300.jpg\" alt=\"VISUAL_A3_SUPERLOPEZ_LA_BISBAL_PENEDES 25 maig\" width=\"213\" height=\"300\" srcset=\"https:\/\/bisbalpenedes.com\/web\/wp-content\/uploads\/2019\/05\/VISUAL_A3_SUPERLOPEZ_LA_BISBAL_PENEDES-25-maig-213x300.jpg 213w, https:\/\/bisbalpenedes.com\/web\/wp-content\/uploads\/2019\/05\/VISUAL_A3_SUPERLOPEZ_LA_BISBAL_PENEDES-25-maig-600x843.jpg 600w, https:\/\/bisbalpenedes.com\/web\/wp-content\/uploads\/2019\/05\/VISUAL_A3_SUPERLOPEZ_LA_BISBAL_PENEDES-25-maig-768x1080.jpg 768w, https:\/\/bisbalpenedes.com\/web\/wp-content\/uploads\/2019\/05\/VISUAL_A3_SUPERLOPEZ_LA_BISBAL_PENEDES-25-maig-728x1024.jpg 728w, https:\/\/bisbalpenedes.com\/web\/wp-content\/uploads\/2019\/05\/VISUAL_A3_SUPERLOPEZ_LA_BISBAL_PENEDES-25-maig.jpg 1146w\" sizes=\"(max-width: 213px) 100vw, 213px\" \/><\/a><\/p>\n<\/div>\n<\/div>\n<p style=\"text-align: justify;\"><span style=\"color: #000000;\">El s\u00e1bado 25 de mayo, a las 19h, se proyectar\u00e1 la pel\u00edcula &#8216;Superl\u00f3pez&#8217; en el Auditori Salb\u00e0 del CMC.<\/span><\/p>\n<p style=\"text-align: justify;\"><span style=\"color: #000000;\"><strong>FICHA T\u00c9CNICA<\/strong><\/span><\/p>\n<p style=\"text-align: justify;\"><span style=\"color: #000000;\">Direcci\u00f3n: Javier Ruiz Caldera<\/span><\/p>\n<p style=\"text-align: justify;\"><span style=\"color: #000000;\">Gui\u00f3n: Borja Cobeaga, Diego San Jos\u00e9<\/span><\/p>\n<p style=\"text-align: justify;\"><span style=\"color: #000000;\">M\u00fasica: Fernando Vel\u00e1zquez<\/span><\/p>\n<p style=\"text-align: justify;\"><span style=\"color: #000000;\">Estreno: Noviembre del 2018<\/span><\/p>\n<p style=\"text-align: justify;\"><span style=\"color: #000000;\">Duraci\u00f3n: 107 min.<\/span><\/p>\n<p style=\"text-align: justify;\"><span style=\"color: #000000;\">G\u00e9nero: Comedia &#8211; Acci\u00f3n<\/span><\/p>\n<p style=\"text-align: justify;\"><span style=\"color: #000000;\">Versi\u00f3n: Original en castellano<\/span><\/p>\n<p style=\"text-align: justify;\"><span style=\"color: #000000;\">Int\u00e9rpretes: Dani Rovira, Alexandra Jim\u00e9nez, Maribel Verd\u00fa, Juli\u00e1n L\u00f3pez, Pedro Casablanc<\/span><\/p>\n<p style=\"text-align: justify;\"><span style=\"color: #000000;\"><strong>SINOPSIS<\/strong><\/span><\/p>\n<p style=\"text-align: justify;\"><span style=\"color: #000000;\">Basada en las aventuras del personaje creado por el dibujante Jan, Superlopez llega a las pantallas del Cicle Gaud\u00ed de la mano de Javier Ruiz Caldera.<\/span><\/p>\n<p style=\"text-align: justify;\"><span style=\"color: #000000;\">Est\u00e1 claro que toda leyenda tiene un inicio, pero a Jan, uno de los ilustradores m\u00e1s importantes de nuestro pa\u00eds, se le olvid\u00f3 explicarnos la que Juan L\u00f3pez, la parodia castiza de Superman. \u00bfCuando descubri\u00f3 sus poderes? \u00bfDe d\u00f3nde ha sacado estas mayas o por qu\u00e9 se convirti\u00f3 en heroe? Estas son algunas de las preguntas que Javier Ruiz Caldera en la direcci\u00f3n y Borja Cobeaga y Diego San Jos\u00e9 en el gui\u00f3n, est\u00e1n dispuestos a resolver a &#8216;Superl\u00f3pez&#8217;, una comedia sin muchos superpoderes.<\/span><\/p>\n<div class=\"wpb_text_column wpb_content_element \">\n<div class=\"wpb_wrapper\"><iframe loading=\"lazy\" src=\"https:\/\/www.youtube.com\/embed\/qVcbe05DWTA\" width=\"560\" height=\"315\" frameborder=\"0\" allowfullscreen=\"allowfullscreen\"><\/iframe><\/div>\n<p><span style=\"color: #000000;\">El precio general de la entrada es de 4,5\u20ac y se ofrece un precio reducido de 3\u20ac presentando el carn\u00e9 de la Biblioteca Municipal de la Bisbal.<\/span><\/p>\n<p><span style=\"color: #000000;\">En cuanto a la recaudaci\u00f3n, esta se destinar\u00e1 a la entidad del municipio que se encargue de gestionar la taquilla en cada una de las proyecciones, en este caso el Ball de Gitanes de la Bisbal.<\/span><\/p>\n<p><span style=\"color: #000000;\">Para m\u00e1s informaci\u00f3n pod\u00e9is ir al enlace:\u00a0<\/span><a href=\"https:\/\/www.ciclegaudi.cat\/\" target=\"_blank\">https:\/\/www.ciclegaudi.cat\/<\/a><\/p>\n<\/div>\n","protected":false},"excerpt":{"rendered":"<p>El dissabte 25 de maig, a les 19h, es projectar\u00e0 la pel\u00b7l\u00edcula &#8216;Superl\u00f3pez&#8217; a l&#8217;Auditori Salb\u00e0 del CMC FITXA\u00a0T\u00c8CNICA\u00a0 Direcci\u00f3:\u00a0Javier Ruiz Caldera Gui\u00f3:\u00a0Borja Cobeaga, Diego San Jos\u00e9 M\u00fasica:\u00a0Fernando Vel\u00e1zquez Estrena:\u00a0Novembre &hellip; <a href=\"https:\/\/bisbalpenedes.com\/web\/2019\/05\/02\/superlopez\/\" class=\"more-link\">Read More<\/a><\/p>\n","protected":false},"author":4,"featured_media":9540,"comment_status":"closed","ping_status":"closed","sticky":false,"template":"","format":"standard","meta":[],"categories":[13],"tags":[2992,308,2994,2993,2991,2990],"_links":{"self":[{"href":"https:\/\/bisbalpenedes.com\/web\/wp-json\/wp\/v2\/posts\/9507"}],"collection":[{"href":"https:\/\/bisbalpenedes.com\/web\/wp-json\/wp\/v2\/posts"}],"about":[{"href":"https:\/\/bisbalpenedes.com\/web\/wp-json\/wp\/v2\/types\/post"}],"author":[{"embeddable":true,"href":"https:\/\/bisbalpenedes.com\/web\/wp-json\/wp\/v2\/users\/4"}],"replies":[{"embeddable":true,"href":"https:\/\/bisbalpenedes.com\/web\/wp-json\/wp\/v2\/comments?post=9507"}],"version-history":[{"count":6,"href":"https:\/\/bisbalpenedes.com\/web\/wp-json\/wp\/v2\/posts\/9507\/revisions"}],"predecessor-version":[{"id":9542,"href":"https:\/\/bisbalpenedes.com\/web\/wp-json\/wp\/v2\/posts\/9507\/revisions\/9542"}],"wp:featuredmedia":[{"embeddable":true,"href":"https:\/\/bisbalpenedes.com\/web\/wp-json\/wp\/v2\/media\/9540"}],"wp:attachment":[{"href":"https:\/\/bisbalpenedes.com\/web\/wp-json\/wp\/v2\/media?parent=9507"}],"wp:term":[{"taxonomy":"category","embeddable":true,"href":"https:\/\/bisbalpenedes.com\/web\/wp-json\/wp\/v2\/categories?post=9507"},{"taxonomy":"post_tag","embeddable":true,"href":"https:\/\/bisbalpenedes.com\/web\/wp-json\/wp\/v2\/tags?post=9507"}],"curies":[{"name":"wp","href":"https:\/\/api.w.org\/{rel}","templated":true}]}}