{"id":95,"date":"2012-10-09T02:58:15","date_gmt":"2012-10-08T20:58:15","guid":{"rendered":"http:\/\/bisbalpenedes.com\/web\/?p=95"},"modified":"2013-01-11T16:07:15","modified_gmt":"2013-01-11T10:07:15","slug":"plans-de-formacio-2","status":"publish","type":"post","link":"https:\/\/bisbalpenedes.com\/web\/2012\/10\/09\/plans-de-formacio-2\/","title":{"rendered":"Plans de Formaci\u00f3 2"},"content":{"rendered":"<p>Seguint amb els PLANS DE FORMACI\u00d3, com a Alcalde i des de la Regidoria de Formaci\u00f3 i Treball, us oferim dos nous cursos, que ampliaran el vostre curr\u00edculum. Es tracta d\u2019uns cursos presencials, impartits per formadors especialistes.<\/p>\n<p>El vostre inter\u00e8s i participaci\u00f3 en els cursos fets fins ara, m\u2019encoratja a cercar totes les vies que us pugui oferir per formar-vos i d\u2019aquesta forma poder trobar feina.<\/p>\n<p>Estem al vostre costat per ajudar-vos.<br \/>\nEndavant!!! Formeu-vos!!!<\/p>\n<h3>CURS PROFESSIONALS DEL TEL\u00c8FON<br \/>\nCOM GESTIONAR PROFESSIONALMENT UNA TRUCADA TELEF\u00d2NICA<br \/>\nDINTRE DE LES EMPRESES<br \/>\n___<br \/>\n&#8211; 14 de novembre &#8211; 24 \u20ac<br \/>\n___<br \/>\nLes empreses busquen persones amb una comunicaci\u00f3 clara i fluida, que s\u00e0piguen donar la resposta adequada a les trucades telef\u00f2niques que es reben. \u00c9s a dir, una primera impresi\u00f3 satisfact\u00f2ria. Totes les empreses necessiten un\/una recepcionista<br \/>\nAmb la formaci\u00f3 es lliurar\u00e0 una guia-llibre d&#8217;atenci\u00f3 telef\u00f2nica<br \/>\n__________________________________________________<br \/>\nCURS COM GESTIONAR EL TEMPS<br \/>\nCOM GESTIONAR PROFESSIONALMENT EL TEMPS DE TREBALL<br \/>\nDINTRE DE LES EMPRESES<br \/>\n___<br \/>\n&#8211; 28 de novembre &#8211; 24 \u20ac<br \/>\n___<\/h3>\n<p>Les empreses busquen persones resolutives, que s\u00e0piguen establir les prioritats i distribuir la feina d\u2019acord amb el temps disponible. En aquest curs aprendreu a prioritzar les prefer\u00e8ncies de l\u2019empresa de forma efica\u00e7, aportant-li rendabilitat<\/p>\n<p>Amb la formaci\u00f3 es lliurar\u00e0 una guia-llibre de com gestionar el temps<\/p>\n<p>PER APUNTAR-SE, FINS AL 31 D\u2019OCTUBRE A LES OFICINES MUNICIPALS<\/p>\n","protected":false},"excerpt":{"rendered":"<p>Seguint amb els PLANS DE FORMACI\u00d3, com a Alcalde i des de la Regidoria de Formaci\u00f3 i Treball, us oferim dos nous cursos, que ampliaran el vostre curr\u00edculum. Es tracta &hellip; <a href=\"https:\/\/bisbalpenedes.com\/web\/2012\/10\/09\/plans-de-formacio-2\/\" class=\"more-link\">Read More<\/a><\/p>\n","protected":false},"author":1,"featured_media":109,"comment_status":"closed","ping_status":"open","sticky":false,"template":"","format":"standard","meta":[],"categories":[9],"tags":[12,10,11],"_links":{"self":[{"href":"https:\/\/bisbalpenedes.com\/web\/wp-json\/wp\/v2\/posts\/95"}],"collection":[{"href":"https:\/\/bisbalpenedes.com\/web\/wp-json\/wp\/v2\/posts"}],"about":[{"href":"https:\/\/bisbalpenedes.com\/web\/wp-json\/wp\/v2\/types\/post"}],"author":[{"embeddable":true,"href":"https:\/\/bisbalpenedes.com\/web\/wp-json\/wp\/v2\/users\/1"}],"replies":[{"embeddable":true,"href":"https:\/\/bisbalpenedes.com\/web\/wp-json\/wp\/v2\/comments?post=95"}],"version-history":[{"count":6,"href":"https:\/\/bisbalpenedes.com\/web\/wp-json\/wp\/v2\/posts\/95\/revisions"}],"predecessor-version":[{"id":385,"href":"https:\/\/bisbalpenedes.com\/web\/wp-json\/wp\/v2\/posts\/95\/revisions\/385"}],"wp:featuredmedia":[{"embeddable":true,"href":"https:\/\/bisbalpenedes.com\/web\/wp-json\/wp\/v2\/media\/109"}],"wp:attachment":[{"href":"https:\/\/bisbalpenedes.com\/web\/wp-json\/wp\/v2\/media?parent=95"}],"wp:term":[{"taxonomy":"category","embeddable":true,"href":"https:\/\/bisbalpenedes.com\/web\/wp-json\/wp\/v2\/categories?post=95"},{"taxonomy":"post_tag","embeddable":true,"href":"https:\/\/bisbalpenedes.com\/web\/wp-json\/wp\/v2\/tags?post=95"}],"curies":[{"name":"wp","href":"https:\/\/api.w.org\/{rel}","templated":true}]}}