{"id":9487,"date":"2019-05-02T11:22:00","date_gmt":"2019-05-02T10:22:00","guid":{"rendered":"http:\/\/bisbalpenedes.com\/web\/?p=9487"},"modified":"2019-05-03T13:02:21","modified_gmt":"2019-05-03T12:02:21","slug":"lescola-ull-de-vent-de-la-bisbal-del-penedes-ha-dedicat-les-jornades-culturals-2019-al-mon-casteller","status":"publish","type":"post","link":"https:\/\/bisbalpenedes.com\/web\/2019\/05\/02\/lescola-ull-de-vent-de-la-bisbal-del-penedes-ha-dedicat-les-jornades-culturals-2019-al-mon-casteller\/","title":{"rendered":"L&#8217;escola Ull de Vent de la Bisbal del Pened\u00e8s ha dedicat les Jornades Culturals 2019 al m\u00f3n casteller"},"content":{"rendered":"<p style=\"text-align: justify;\"><a href=\"http:\/\/bisbalpenedes.com\/web\/wp-content\/uploads\/2019\/05\/1.jpg\"><img loading=\"lazy\" class=\"aligncenter size-medium wp-image-9490\" src=\"http:\/\/bisbalpenedes.com\/web\/wp-content\/uploads\/2019\/05\/1-212x300.jpg\" alt=\"1\" width=\"212\" height=\"300\" srcset=\"https:\/\/bisbalpenedes.com\/web\/wp-content\/uploads\/2019\/05\/1-212x300.jpg 212w, https:\/\/bisbalpenedes.com\/web\/wp-content\/uploads\/2019\/05\/1-600x849.jpg 600w, https:\/\/bisbalpenedes.com\/web\/wp-content\/uploads\/2019\/05\/1-768x1086.jpg 768w, https:\/\/bisbalpenedes.com\/web\/wp-content\/uploads\/2019\/05\/1-724x1024.jpg 724w, https:\/\/bisbalpenedes.com\/web\/wp-content\/uploads\/2019\/05\/1.jpg 1588w\" sizes=\"(max-width: 212px) 100vw, 212px\" \/><\/a><\/p>\n<p style=\"text-align: justify;\"><span style=\"color: #000000;\">L&#8217;escola Ull de Vent ha dedicat les Jornades Culturals 2019 al m\u00f3n casteller. Despr\u00e9s de la celebraci\u00f3, ens han fet arribar el text seg\u00fcent:<\/span><\/p>\n<p style=\"text-align: justify;\"><span style=\"color: #000000;\">&#8220;Del 24 al 29 d\u2019abril els i les alumnes de l\u2019escola Ull de Vent de la Bisbal del Pened\u00e8s han dut a terme les Jornades Culturals 2019. Aquest any la tem\u00e0tica escollida ha estat el fet casteller, una tradici\u00f3 molt arrelada a la Bisbal que no nom\u00e9s es concreta en una de les diades m\u00e9s importants de l\u2019estiu per la seva festa major sin\u00f3 que en els darrers anys s\u2019ha consolidat amb l\u2019aparici\u00f3 de la colla dels Bous de la Bisbal.<\/span><\/p>\n<p style=\"text-align: justify;\"><a href=\"http:\/\/bisbalpenedes.com\/web\/wp-content\/uploads\/2019\/05\/IMG_0940.jpg\"><img loading=\"lazy\" class=\"aligncenter size-medium wp-image-9497\" src=\"http:\/\/bisbalpenedes.com\/web\/wp-content\/uploads\/2019\/05\/IMG_0940-225x300.jpg\" alt=\"pati castellers\" width=\"225\" height=\"300\" srcset=\"https:\/\/bisbalpenedes.com\/web\/wp-content\/uploads\/2019\/05\/IMG_0940-225x300.jpg 225w, https:\/\/bisbalpenedes.com\/web\/wp-content\/uploads\/2019\/05\/IMG_0940-600x800.jpg 600w, https:\/\/bisbalpenedes.com\/web\/wp-content\/uploads\/2019\/05\/IMG_0940-768x1024.jpg 768w, https:\/\/bisbalpenedes.com\/web\/wp-content\/uploads\/2019\/05\/IMG_0940-scaled.jpg 1920w\" sizes=\"(max-width: 225px) 100vw, 225px\" \/><\/a><\/p>\n<p style=\"text-align: justify;\"><span style=\"color: #000000;\">En aquests dies hem acollit a la nostra escola a alguns membres de la Colla Vella dels Xiquets de Valls que ens van explicar les principals caracter\u00edstiques dels castells per\u00f2 tamb\u00e9 ens van ensenyar com s\u2019han de col\u00b7locar els castellers del tronc en els diferents castells. Tamb\u00e9 hem tingut l\u2019oportunitat de visitar el local dels Castellers de Vilafranca, Cal Figarot, on hem pogut veure el mateix que veu un enxaneta quan corona un castell de 8 pisos en el moment de fer l\u2019aleta i ens han mostrat la feinada que hi ha al darrere de les grans construccions que es poden veure a pla\u00e7a. Aprofitant la visita hem passejat per Vilafranca per veure la pla\u00e7a m\u00e9s castellera i el monument als castells de Josep Ca\u00f1as.<\/span><\/p>\n<p style=\"text-align: justify;\"><a href=\"http:\/\/bisbalpenedes.com\/web\/wp-content\/uploads\/2019\/05\/DSC_1030.jpg\"><img loading=\"lazy\" class=\"aligncenter size-medium wp-image-9492\" src=\"http:\/\/bisbalpenedes.com\/web\/wp-content\/uploads\/2019\/05\/DSC_1030-300x200.jpg\" alt=\"DSC_1030\" width=\"300\" height=\"200\" srcset=\"https:\/\/bisbalpenedes.com\/web\/wp-content\/uploads\/2019\/05\/DSC_1030-300x200.jpg 300w, https:\/\/bisbalpenedes.com\/web\/wp-content\/uploads\/2019\/05\/DSC_1030-600x400.jpg 600w, https:\/\/bisbalpenedes.com\/web\/wp-content\/uploads\/2019\/05\/DSC_1030-768x512.jpg 768w, https:\/\/bisbalpenedes.com\/web\/wp-content\/uploads\/2019\/05\/DSC_1030-1024x683.jpg 1024w\" sizes=\"(max-width: 300px) 100vw, 300px\" \/><\/a><\/p>\n<p style=\"text-align: justify;\"><span style=\"color: #000000;\">Un dels moments culminats de les Jornades han estat els tallers que ens han ofert els Bous de la Bisbal. Primer ens han mostrat tots els secrets dels castells; la seva organitzaci\u00f3, les posicions, la indument\u00e0ria,\u00a0 els tocs de gralla i alguna de les seves actuacions. Per\u00f2 el que m\u00e9s ens ha agradat \u00e9s poder-nos enfaixar i ser protagonistes pujant a les espatlles d\u2019un casteller, ser integrant d\u2019un pom de dalt o participar d\u2019algun dels jocs que fan servir per preparar-se.\u00a0 Amb les seves ganes i el seu entusiasme els Bous de la Bisbal han transm\u00e8s la seva passi\u00f3 i de ben\u00a0 segur han pogut despertar l\u2019inter\u00e8s dels nostres alumnes pel m\u00f3n dels castells.<\/span><\/p>\n<p style=\"text-align: justify;\"><a href=\"http:\/\/bisbalpenedes.com\/web\/wp-content\/uploads\/2019\/05\/DSC_1006.jpg\"><img loading=\"lazy\" class=\"aligncenter size-medium wp-image-9491\" src=\"http:\/\/bisbalpenedes.com\/web\/wp-content\/uploads\/2019\/05\/DSC_1006-e1556792212832-300x203.jpg\" alt=\"Bous Setmana Cultural Escola Ull de Vent\" width=\"300\" height=\"203\" srcset=\"https:\/\/bisbalpenedes.com\/web\/wp-content\/uploads\/2019\/05\/DSC_1006-e1556792212832-300x203.jpg 300w, https:\/\/bisbalpenedes.com\/web\/wp-content\/uploads\/2019\/05\/DSC_1006-e1556792212832-600x407.jpg 600w, https:\/\/bisbalpenedes.com\/web\/wp-content\/uploads\/2019\/05\/DSC_1006-e1556792212832-768x521.jpg 768w, https:\/\/bisbalpenedes.com\/web\/wp-content\/uploads\/2019\/05\/DSC_1006-e1556792212832-1024x694.jpg 1024w\" sizes=\"(max-width: 300px) 100vw, 300px\" \/><\/a><\/p>\n<p style=\"text-align: justify;\"><span style=\"color: #000000;\">Per \u00faltim no pod\u00edem descuidar la visita a la Societat, on cada quinze d\u2019agost es poden veure les millors colles intentant cada cop castells m\u00e9s alts i amb m\u00e9s dificultat. En Salvador Ferr\u00e9, expert del m\u00f3n dels castells, ens ha pogut mostrar que cada una d\u2019aquestes construccions han merescut una placa a la fa\u00e7ana de la Societat i constaten la import\u00e0ncia d\u2019aquesta pla\u00e7a.<\/span><\/p>\n<p style=\"text-align: justify;\"><a href=\"http:\/\/bisbalpenedes.com\/web\/wp-content\/uploads\/2019\/05\/IMG_0959.jpg\"><img loading=\"lazy\" class=\"aligncenter size-medium wp-image-9493\" src=\"http:\/\/bisbalpenedes.com\/web\/wp-content\/uploads\/2019\/05\/IMG_0959-300x225.jpg\" alt=\"salvador ferre societat plaques\" width=\"300\" height=\"225\" srcset=\"https:\/\/bisbalpenedes.com\/web\/wp-content\/uploads\/2019\/05\/IMG_0959-300x225.jpg 300w, https:\/\/bisbalpenedes.com\/web\/wp-content\/uploads\/2019\/05\/IMG_0959-600x450.jpg 600w, https:\/\/bisbalpenedes.com\/web\/wp-content\/uploads\/2019\/05\/IMG_0959-768x576.jpg 768w, https:\/\/bisbalpenedes.com\/web\/wp-content\/uploads\/2019\/05\/IMG_0959-1024x768.jpg 1024w\" sizes=\"(max-width: 300px) 100vw, 300px\" \/><\/a><\/p>\n<p style=\"text-align: justify;\"><span style=\"color: #000000;\">Per\u00f2 sens dubte l\u2019aprenentatge m\u00e9s important d\u2019aquesta setmana tan intensa \u00e9s que, com a l\u2019escola, en el m\u00f3n dels castells tothom hi t\u00e9 un lloc i \u00e9s igual de necessari&#8221;.<\/span><\/p>\n<hr \/>\n<p style=\"text-align: justify;\"><span style=\"color: #000000;\"><strong>CASTELLANO |<\/strong> La escola Ull de Vent ha dedicado las Jornadas Culturales 2019 al mundo casteller. Despu\u00e9s de la celebraci\u00f3n, nos han hecho llegar el texto siguiente:<\/span><\/p>\n<p style=\"text-align: justify;\"><span style=\"color: #000000;\">&#8220;Del 24 al 29 de abril los y las alumnas de la escuela Ull de Vent de la Bisbal del Pened\u00e8s han llevado a cabo las Jornadas Culturales 2019. Este a\u00f1o la tem\u00e1tica escogida ha sido el <em>fet casteller<\/em>, una tradici\u00f3n muy enraizada en la Bisbal que no solo se concreta en una de las <em>diades<\/em> m\u00e1s importantes del verano por fiesta mayor sino que en los \u00faltimos a\u00f1os se ha consolidado con la aparici\u00f3n de la colla de los Bous de la Bisbal.<\/span><\/p>\n<p style=\"text-align: justify;\"><a href=\"http:\/\/bisbalpenedes.com\/web\/wp-content\/uploads\/2019\/05\/IMG_0940.jpg\"><img loading=\"lazy\" class=\"aligncenter size-medium wp-image-9497\" src=\"http:\/\/bisbalpenedes.com\/web\/wp-content\/uploads\/2019\/05\/IMG_0940-225x300.jpg\" alt=\"pati castellers\" width=\"225\" height=\"300\" srcset=\"https:\/\/bisbalpenedes.com\/web\/wp-content\/uploads\/2019\/05\/IMG_0940-225x300.jpg 225w, https:\/\/bisbalpenedes.com\/web\/wp-content\/uploads\/2019\/05\/IMG_0940-600x800.jpg 600w, https:\/\/bisbalpenedes.com\/web\/wp-content\/uploads\/2019\/05\/IMG_0940-768x1024.jpg 768w, https:\/\/bisbalpenedes.com\/web\/wp-content\/uploads\/2019\/05\/IMG_0940-scaled.jpg 1920w\" sizes=\"(max-width: 225px) 100vw, 225px\" \/><\/a><\/p>\n<p style=\"text-align: justify;\"><span style=\"color: #000000;\">Es estos d\u00edas hemos acogido en nuestra escuela a algunos miembros de la Colla Vella dels Xiquets de Valls que nos explicaron las principales caracter\u00edsticas de los <em>castells<\/em> pero tambi\u00e9n nos ense\u00f1aron como se deben colocar los\u00a0<em>castellers<\/em> del tronco en cada uno de los <em>castells<\/em>. Tambi\u00e9n hemos tenido la oportunidad de visitar el local de los Castellers de Vilafranca, Cal Figarot, donde hemos podido ver lo mismo que ve un <em>enxaneta<\/em> cuando corona un castillo de 8 pisos en el momento de hacer la <em>aleta<\/em> y nos han mostrado el gran trabajo que hay detr\u00e1s de las grandes construcciones que se pueden ver en la plaza. Aprovechando la visita hemos paseado por Vilafranca para ver la plaza m\u00e1s <em>castellera<\/em> y el monumento a los <em>castells<\/em> de Josep Ca\u00f1as.<\/span><\/p>\n<p style=\"text-align: justify;\"><a href=\"http:\/\/bisbalpenedes.com\/web\/wp-content\/uploads\/2019\/05\/DSC_1030.jpg\"><img loading=\"lazy\" class=\"aligncenter wp-image-9492 size-medium\" src=\"http:\/\/bisbalpenedes.com\/web\/wp-content\/uploads\/2019\/05\/DSC_1030-300x200.jpg\" alt=\"cal figarot castellers de vilafranca\" width=\"300\" height=\"200\" srcset=\"https:\/\/bisbalpenedes.com\/web\/wp-content\/uploads\/2019\/05\/DSC_1030-300x200.jpg 300w, https:\/\/bisbalpenedes.com\/web\/wp-content\/uploads\/2019\/05\/DSC_1030-600x400.jpg 600w, https:\/\/bisbalpenedes.com\/web\/wp-content\/uploads\/2019\/05\/DSC_1030-768x512.jpg 768w, https:\/\/bisbalpenedes.com\/web\/wp-content\/uploads\/2019\/05\/DSC_1030-1024x683.jpg 1024w\" sizes=\"(max-width: 300px) 100vw, 300px\" \/><\/a><\/p>\n<p style=\"text-align: justify;\"><span style=\"color: #000000;\">Uno de los momentos culminantes de las Jornadas han sido los tallers que nos han ofrecido los Bous de la Bisbal. Primero nos han mostrado todos los secretos de los <em>castells<\/em>: su organizaci\u00f3n, las posiciones, la indumentaria, los tocs de gralla y alguna de sus actuaciones. pero lo que m\u00e1s nos ha gustado es podernos enfaixar y ser protagonistas subiendo a los hombros de un <em>casteller<\/em>, ser integrante de un <em>pom de dalt<\/em> o participar en alguno de los juegos que emplean para prepararse. Con sus ganas y su entusiasmo, los Bous de la Bisbal han transmitido su pasi\u00f3n y seguro que han podido despertar el inter\u00e9s de nuestros alumnos por el mundo de los castillos.<\/span><\/p>\n<p style=\"text-align: justify;\"><a href=\"http:\/\/bisbalpenedes.com\/web\/wp-content\/uploads\/2019\/05\/DSC_1006.jpg\"><img loading=\"lazy\" class=\"aligncenter size-medium wp-image-9491\" src=\"http:\/\/bisbalpenedes.com\/web\/wp-content\/uploads\/2019\/05\/DSC_1006-e1556792212832-300x203.jpg\" alt=\"Bous Setmana Cultural Escola Ull de Vent\" width=\"300\" height=\"203\" srcset=\"https:\/\/bisbalpenedes.com\/web\/wp-content\/uploads\/2019\/05\/DSC_1006-e1556792212832-300x203.jpg 300w, https:\/\/bisbalpenedes.com\/web\/wp-content\/uploads\/2019\/05\/DSC_1006-e1556792212832-600x407.jpg 600w, https:\/\/bisbalpenedes.com\/web\/wp-content\/uploads\/2019\/05\/DSC_1006-e1556792212832-768x521.jpg 768w, https:\/\/bisbalpenedes.com\/web\/wp-content\/uploads\/2019\/05\/DSC_1006-e1556792212832-1024x694.jpg 1024w\" sizes=\"(max-width: 300px) 100vw, 300px\" \/><\/a><\/p>\n<p style=\"text-align: justify;\"><span style=\"color: #000000;\">Por \u00faltimo no pod\u00edamos olvidarnos de la visita a la Societat, donde cada quince de agosto se pueden ver las mejores <em>colles<\/em> intentando cada vez <em>castells<\/em> m\u00e1s altos y con m\u00e1s dificultad. Salvador Ferr\u00e9, experto del mundo de los <em>castells<\/em>, nos ha podido mostrar que cada una de estas construcciones ha merecido una placa en la fachada de la Societat y constatan la importancia de esta plaza.<\/span><\/p>\n<p style=\"text-align: justify;\"><a href=\"http:\/\/bisbalpenedes.com\/web\/wp-content\/uploads\/2019\/05\/IMG_0959.jpg\"><img loading=\"lazy\" class=\"aligncenter size-medium wp-image-9493\" src=\"http:\/\/bisbalpenedes.com\/web\/wp-content\/uploads\/2019\/05\/IMG_0959-300x225.jpg\" alt=\"salvador ferre societat plaques\" width=\"300\" height=\"225\" srcset=\"https:\/\/bisbalpenedes.com\/web\/wp-content\/uploads\/2019\/05\/IMG_0959-300x225.jpg 300w, https:\/\/bisbalpenedes.com\/web\/wp-content\/uploads\/2019\/05\/IMG_0959-600x450.jpg 600w, https:\/\/bisbalpenedes.com\/web\/wp-content\/uploads\/2019\/05\/IMG_0959-768x576.jpg 768w, https:\/\/bisbalpenedes.com\/web\/wp-content\/uploads\/2019\/05\/IMG_0959-1024x768.jpg 1024w\" sizes=\"(max-width: 300px) 100vw, 300px\" \/><\/a><\/p>\n<p style=\"text-align: justify;\"><span style=\"color: #000000;\">Pero sin duda el aprendizaje m\u00e1s importante de esta semana tan intensa es que, como en la escuela, en el mundo de los <em>castells<\/em> todos tenemos un sitio y es igual de necesario&#8221;.<\/span><\/p>\n<p>&nbsp;<\/p>\n<p>&nbsp;<\/p>\n","protected":false},"excerpt":{"rendered":"<p>L&#8217;escola Ull de Vent ha dedicat les Jornades Culturals 2019 al m\u00f3n casteller. Despr\u00e9s de la celebraci\u00f3, ens han fet arribar el text seg\u00fcent: &#8220;Del 24 al 29 d\u2019abril els &hellip; <a href=\"https:\/\/bisbalpenedes.com\/web\/2019\/05\/02\/lescola-ull-de-vent-de-la-bisbal-del-penedes-ha-dedicat-les-jornades-culturals-2019-al-mon-casteller\/\" class=\"more-link\">Read More<\/a><\/p>\n","protected":false},"author":4,"featured_media":9491,"comment_status":"closed","ping_status":"closed","sticky":false,"template":"","format":"standard","meta":[],"categories":[13,16],"tags":[378,377,379,667,1220,65,1771],"_links":{"self":[{"href":"https:\/\/bisbalpenedes.com\/web\/wp-json\/wp\/v2\/posts\/9487"}],"collection":[{"href":"https:\/\/bisbalpenedes.com\/web\/wp-json\/wp\/v2\/posts"}],"about":[{"href":"https:\/\/bisbalpenedes.com\/web\/wp-json\/wp\/v2\/types\/post"}],"author":[{"embeddable":true,"href":"https:\/\/bisbalpenedes.com\/web\/wp-json\/wp\/v2\/users\/4"}],"replies":[{"embeddable":true,"href":"https:\/\/bisbalpenedes.com\/web\/wp-json\/wp\/v2\/comments?post=9487"}],"version-history":[{"count":6,"href":"https:\/\/bisbalpenedes.com\/web\/wp-json\/wp\/v2\/posts\/9487\/revisions"}],"predecessor-version":[{"id":9498,"href":"https:\/\/bisbalpenedes.com\/web\/wp-json\/wp\/v2\/posts\/9487\/revisions\/9498"}],"wp:featuredmedia":[{"embeddable":true,"href":"https:\/\/bisbalpenedes.com\/web\/wp-json\/wp\/v2\/media\/9491"}],"wp:attachment":[{"href":"https:\/\/bisbalpenedes.com\/web\/wp-json\/wp\/v2\/media?parent=9487"}],"wp:term":[{"taxonomy":"category","embeddable":true,"href":"https:\/\/bisbalpenedes.com\/web\/wp-json\/wp\/v2\/categories?post=9487"},{"taxonomy":"post_tag","embeddable":true,"href":"https:\/\/bisbalpenedes.com\/web\/wp-json\/wp\/v2\/tags?post=9487"}],"curies":[{"name":"wp","href":"https:\/\/api.w.org\/{rel}","templated":true}]}}