{"id":9483,"date":"2019-05-02T10:44:54","date_gmt":"2019-05-02T09:44:54","guid":{"rendered":"http:\/\/bisbalpenedes.com\/web\/?p=9483"},"modified":"2019-05-02T10:44:54","modified_gmt":"2019-05-02T09:44:54","slug":"aquest-dissabte-se-celebrara-el-baix-penedes-festival-2019-al-vendrell","status":"publish","type":"post","link":"https:\/\/bisbalpenedes.com\/web\/2019\/05\/02\/aquest-dissabte-se-celebrara-el-baix-penedes-festival-2019-al-vendrell\/","title":{"rendered":"Aquest dissabte se celebrar\u00e0 el Baix Pened\u00e8s Festival 2019 al Vendrell"},"content":{"rendered":"<p style=\"text-align: justify;\"><a href=\"http:\/\/bisbalpenedes.com\/web\/wp-content\/uploads\/2019\/05\/Cartell-BPFest-2019-724x1024.jpg\"><img loading=\"lazy\" class=\"aligncenter size-large wp-image-9485\" src=\"http:\/\/bisbalpenedes.com\/web\/wp-content\/uploads\/2019\/05\/Cartell-BPFest-2019-724x1024-724x1024.jpg\" alt=\"Cartell-BPFest-2019--724x1024\" width=\"630\" height=\"891\" srcset=\"https:\/\/bisbalpenedes.com\/web\/wp-content\/uploads\/2019\/05\/Cartell-BPFest-2019-724x1024.jpg 724w, https:\/\/bisbalpenedes.com\/web\/wp-content\/uploads\/2019\/05\/Cartell-BPFest-2019-724x1024-600x849.jpg 600w, https:\/\/bisbalpenedes.com\/web\/wp-content\/uploads\/2019\/05\/Cartell-BPFest-2019-724x1024-212x300.jpg 212w\" sizes=\"(max-width: 630px) 100vw, 630px\" \/><\/a><\/p>\n<p style=\"text-align: justify;\"><span style=\"color: #000000;\">El proper dissabte 4 de mar\u00e7 se celebrar\u00e0 el Baix Pened\u00e8s Festival (BPfest), una gran festa musical del Baix Pened\u00e8s, al Vendrell. Durant tot el dia hi haur\u00e0 concerts i\u00a0espectacles de carrer. A m\u00e9s, es far\u00e0 un dinar musical i, en el marc del BPfestPro, es duran a terme diverses activitats, entre elles, una xerrada sobre el Festival Esperanzah! i l&#8217;ecosistema cooperatiu del Prat de Llobregat que compta amb la col\u00b7laboraci\u00f3 de CoopCamp,\u00a0entitat que va oferir una xerrada durant la Setmana de l&#8217;Empresa i l&#8217;Ocupaci\u00f3 de la Bisbal del Pened\u00e8s.<\/span><\/p>\n<p style=\"text-align: justify;\"><span style=\"color: #000000;\">Podeu consultar tot el programa d&#8217;activitats del BPfest al seg\u00fcent enlla\u00e7:<\/span><\/p>\n<p>https:\/\/bpfest.cat\/edicio-2019\/<\/p>\n<hr \/>\n<p style=\"text-align: justify;\"><a href=\"http:\/\/bisbalpenedes.com\/web\/wp-content\/uploads\/2019\/05\/Cartell-BPFest-2019-724x1024.jpg\"><br \/>\n<span style=\"color: #000000;\"><img loading=\"lazy\" class=\"aligncenter size-large wp-image-9485\" src=\"http:\/\/bisbalpenedes.com\/web\/wp-content\/uploads\/2019\/05\/Cartell-BPFest-2019-724x1024-724x1024.jpg\" alt=\"Cartell-BPFest-2019--724x1024\" width=\"630\" height=\"891\" srcset=\"https:\/\/bisbalpenedes.com\/web\/wp-content\/uploads\/2019\/05\/Cartell-BPFest-2019-724x1024.jpg 724w, https:\/\/bisbalpenedes.com\/web\/wp-content\/uploads\/2019\/05\/Cartell-BPFest-2019-724x1024-600x849.jpg 600w, https:\/\/bisbalpenedes.com\/web\/wp-content\/uploads\/2019\/05\/Cartell-BPFest-2019-724x1024-212x300.jpg 212w\" sizes=\"(max-width: 630px) 100vw, 630px\" \/><\/span><\/a><\/p>\n<p style=\"text-align: justify;\"><span style=\"color: #000000;\"><strong>CASTELLANO |<\/strong> El pr\u00f3ximo s\u00e1bado 4 de marzo se celebrar\u00e1 el Baix Pened\u00e8s Festival (BPfest), una gran fiesta musical del Baix Pened\u00e8s, en el Vendrell. Durante todo el d\u00eda habr\u00e1 conciertos y espect\u00e1culos de calle. Adem\u00e1s, se har\u00e1 una comida musical y, en el marco del BPfestPro, se llevar\u00e1n a cabo varias actividades, entre ellas, una charla sobre el Festival Esperanzah! y el ecosistema cooperativo del Prat de Llobregat que cuenta con la colaboraci\u00f3n de CoopCamp, entidad que ofreci\u00f3 una charla durante la Setmana de l&#8217;Empresa i l&#8217;Ocupaci\u00f3 de la Bisbal del Pened\u00e8s.<\/span><\/p>\n<p style=\"text-align: justify;\"><span style=\"color: #000000;\">Pod\u00e9is consultar todo el programa de actividades del BPfest en el siguiente enlace: <\/span><\/p>\n<p>https:\/\/bpfest.cat\/edicio-2019\/<\/p>\n","protected":false},"excerpt":{"rendered":"<p>El proper dissabte 4 de mar\u00e7 se celebrar\u00e0 el Baix Pened\u00e8s Festival (BPfest), una gran festa musical del Baix Pened\u00e8s, al Vendrell. Durant tot el dia hi haur\u00e0 concerts i\u00a0espectacles &hellip; <a href=\"https:\/\/bisbalpenedes.com\/web\/2019\/05\/02\/aquest-dissabte-se-celebrara-el-baix-penedes-festival-2019-al-vendrell\/\" class=\"more-link\">Read More<\/a><\/p>\n","protected":false},"author":4,"featured_media":9485,"comment_status":"closed","ping_status":"closed","sticky":false,"template":"","format":"standard","meta":[],"categories":[2983],"tags":[459,2985,2986,688,2987,1243],"_links":{"self":[{"href":"https:\/\/bisbalpenedes.com\/web\/wp-json\/wp\/v2\/posts\/9483"}],"collection":[{"href":"https:\/\/bisbalpenedes.com\/web\/wp-json\/wp\/v2\/posts"}],"about":[{"href":"https:\/\/bisbalpenedes.com\/web\/wp-json\/wp\/v2\/types\/post"}],"author":[{"embeddable":true,"href":"https:\/\/bisbalpenedes.com\/web\/wp-json\/wp\/v2\/users\/4"}],"replies":[{"embeddable":true,"href":"https:\/\/bisbalpenedes.com\/web\/wp-json\/wp\/v2\/comments?post=9483"}],"version-history":[{"count":2,"href":"https:\/\/bisbalpenedes.com\/web\/wp-json\/wp\/v2\/posts\/9483\/revisions"}],"predecessor-version":[{"id":9486,"href":"https:\/\/bisbalpenedes.com\/web\/wp-json\/wp\/v2\/posts\/9483\/revisions\/9486"}],"wp:featuredmedia":[{"embeddable":true,"href":"https:\/\/bisbalpenedes.com\/web\/wp-json\/wp\/v2\/media\/9485"}],"wp:attachment":[{"href":"https:\/\/bisbalpenedes.com\/web\/wp-json\/wp\/v2\/media?parent=9483"}],"wp:term":[{"taxonomy":"category","embeddable":true,"href":"https:\/\/bisbalpenedes.com\/web\/wp-json\/wp\/v2\/categories?post=9483"},{"taxonomy":"post_tag","embeddable":true,"href":"https:\/\/bisbalpenedes.com\/web\/wp-json\/wp\/v2\/tags?post=9483"}],"curies":[{"name":"wp","href":"https:\/\/api.w.org\/{rel}","templated":true}]}}