{"id":9477,"date":"2019-04-30T15:20:33","date_gmt":"2019-04-30T14:20:33","guid":{"rendered":"http:\/\/bisbalpenedes.com\/web\/?p=9477"},"modified":"2019-04-30T15:20:33","modified_gmt":"2019-04-30T14:20:33","slug":"can-gordei-celebra-la-seva-feria-del-3-al-5-de-maig","status":"publish","type":"post","link":"https:\/\/bisbalpenedes.com\/web\/2019\/04\/30\/can-gordei-celebra-la-seva-feria-del-3-al-5-de-maig\/","title":{"rendered":"Can Gordei celebra la seva Feria del 3 al 5 de maig"},"content":{"rendered":"<p style=\"text-align: justify;\"><a href=\"http:\/\/bisbalpenedes.com\/web\/wp-content\/uploads\/2018\/02\/Feria-de-Can-Gordei-2019.jpg\"><img loading=\"lazy\" class=\"aligncenter size-large wp-image-9468\" src=\"http:\/\/bisbalpenedes.com\/web\/wp-content\/uploads\/2018\/02\/Feria-de-Can-Gordei-2019-1024x755.jpg\" alt=\"Feria de Can Gordei 2019\" width=\"630\" height=\"465\" srcset=\"https:\/\/bisbalpenedes.com\/web\/wp-content\/uploads\/2018\/02\/Feria-de-Can-Gordei-2019-1024x755.jpg 1024w, https:\/\/bisbalpenedes.com\/web\/wp-content\/uploads\/2018\/02\/Feria-de-Can-Gordei-2019-600x442.jpg 600w, https:\/\/bisbalpenedes.com\/web\/wp-content\/uploads\/2018\/02\/Feria-de-Can-Gordei-2019-300x221.jpg 300w, https:\/\/bisbalpenedes.com\/web\/wp-content\/uploads\/2018\/02\/Feria-de-Can-Gordei-2019-768x566.jpg 768w, https:\/\/bisbalpenedes.com\/web\/wp-content\/uploads\/2018\/02\/Feria-de-Can-Gordei-2019.jpg 1520w\" sizes=\"(max-width: 630px) 100vw, 630px\" \/><\/a><\/p>\n<p style=\"text-align: justify;\"><span style=\"color: #000000;\">La Bisbal del Pened\u00e8s viur\u00e0 la Feria de Can Gordei del 3 al 5 de maig. Un any m\u00e9s, la Comissi\u00f3 de Festes de Can Gordei tira endavant aquest esdeveniment que compta amb la col\u00b7laboraci\u00f3 del Bar Polideportivo Can Gordei i l\u2019Ajuntament de la Bisbal del Pened\u00e8s. La Feria, que apropa la cultura i la tradici\u00f3 andalusa a la Bisbal durant tres dies, comen\u00e7ar\u00e0 el divendres 3 de maig, a les 21:30h, amb un preg\u00f3 que anir\u00e0 a c\u00e0rrec de l\u2019alcaldessa Agn\u00e8s Ferr\u00e9, com en els anys anteriors. A les 22:30h actuar\u00e0 el grup de ball Pasi\u00f3n Flamenca amb Eva la Chata. A les 23:30h hi haur\u00e0 rifa i tot seguit l\u2019actuaci\u00f3 del Grup <a style=\"color: #000000;\" href=\"https:\/\/www.telecinco.es\/gottalent\/autenticidad-jindama-emociona-paz_2_2720580180.html\">Jindama<\/a>, una formaci\u00f3 musical que va participar en la darrera edici\u00f3 del programa Got Talent. L\u2019actuaci\u00f3 es far\u00e0 en dues parts, ja que hi haur\u00e0 una pausa per al bingo a les 00:30h.<\/span><\/p>\n<p style=\"text-align: justify;\"><span style=\"color: #000000;\">El dissabte 4 de maig a les 10:00h tindr\u00e0 lloc l\u2019esmorzar de la Feria amb xurros i xocolata i, durant tot el mat\u00ed, sonar\u00e0 m\u00fasica al local social de Can Gordei. A les 18:00h actuaran els grups flamencs Ana Serrano i Escuela de Danza Studio 22. A les 21:00h hi haur\u00e0 sopar, a les 23:30h una rifa i a partir de la mitjanit, concert amb Duende y Comp\u00e1s, amb una pausa a les 00:30h per fer un bingo.<\/span><\/p>\n<p style=\"text-align: justify;\"><span style=\"color: #000000;\">El diumenge 5 de maig, a les 11:00h, hi haur\u00e0 atraccions per a la mainada, que en podr\u00e0 gaudir de forma gratu\u00efta durant una hora. A partir de les 14:00h hi haur\u00e0 barbacoa. A les 16:00h hi haur\u00e0 rifa i a les 18:00h concurs de vestits flamencs. A continuaci\u00f3 hi haur\u00e0 bingo i m\u00fasica.<\/span><\/p>\n<p style=\"text-align: justify;\"><span style=\"color: #000000;\"><strong>VENDA DE TIQUETS<\/strong><\/span><\/p>\n<p style=\"text-align: justify;\"><span style=\"color: #000000;\">Els tiquets per a l\u2019esmorzar, el sopar i el dinar es poden adquirir al Bar Polideportivo de Can Gordei.<\/span><\/p>\n<p style=\"text-align: justify;\"><span style=\"color: #000000;\">Els tiquets per a l\u2019esmorzar de xurros amb xocolata de dissabte es poden adquirir per 3\u20ac.<\/span><\/p>\n<p style=\"text-align: justify;\"><span style=\"color: #000000;\">Els tiquets del sopar de dissabte es poden adquirir per 10\u20ac els dels adults i per 5\u20ac els dels infants. El men\u00fa dels adults inclou entrants i, de segon, bacall\u00e0 amb samfaina o galtes amb guarnici\u00f3. Per als infants hi ha escalopa amb patates.<\/span><\/p>\n<p style=\"text-align: justify;\"><span style=\"color: #000000;\">El preu de la barbacoa del diumenge s\u00f3n 6\u20ac i inclou pollastre, xistorra, cansalada i botifarra.<\/span><\/p>\n<hr \/>\n<p style=\"text-align: justify;\"><a href=\"http:\/\/bisbalpenedes.com\/web\/wp-content\/uploads\/2018\/02\/Feria-de-Can-Gordei-2019.jpg\"><img loading=\"lazy\" class=\"aligncenter size-large wp-image-9468\" src=\"http:\/\/bisbalpenedes.com\/web\/wp-content\/uploads\/2018\/02\/Feria-de-Can-Gordei-2019-1024x755.jpg\" alt=\"Feria de Can Gordei 2019\" width=\"630\" height=\"465\" srcset=\"https:\/\/bisbalpenedes.com\/web\/wp-content\/uploads\/2018\/02\/Feria-de-Can-Gordei-2019-1024x755.jpg 1024w, https:\/\/bisbalpenedes.com\/web\/wp-content\/uploads\/2018\/02\/Feria-de-Can-Gordei-2019-600x442.jpg 600w, https:\/\/bisbalpenedes.com\/web\/wp-content\/uploads\/2018\/02\/Feria-de-Can-Gordei-2019-300x221.jpg 300w, https:\/\/bisbalpenedes.com\/web\/wp-content\/uploads\/2018\/02\/Feria-de-Can-Gordei-2019-768x566.jpg 768w, https:\/\/bisbalpenedes.com\/web\/wp-content\/uploads\/2018\/02\/Feria-de-Can-Gordei-2019.jpg 1520w\" sizes=\"(max-width: 630px) 100vw, 630px\" \/><\/a><\/p>\n<p style=\"text-align: justify;\"><span style=\"color: #000000;\"><strong>CASTELLANO |<\/strong> La Bisbal del Pened\u00e8s vivir\u00e1 la Feria de Can Gordei del 3 al 5 de mayo. Un a\u00f1o m\u00e1s, la Comisi\u00f3n de Fiestas de Can Gordei organiza este evento que cuenta con la colaboraci\u00f3n del Bar Polideportivo Can Gordei y el Ayuntamiento de la Bisbal del Pened\u00e8s. La Feria, que acerca la cultura y la tradici\u00f3n andaluza a la Bisbal durante tres d\u00edas, empezar\u00e1 el viernes 3 de mayo, a las 21:30h, con un preg\u00f3n que ir\u00e1 a cargo de la alcaldesa Agn\u00e8s Ferr\u00e9, como en los a\u00f1os anteriores. A las 22:30h actuar\u00e1 el grupo de baile Pasi\u00f3n Flamenca con Eva la Chata. A las 23:30h habr\u00e1 un sorteo y a continuaci\u00f3n la actuaci\u00f3n del Grupo\u00a0<a style=\"color: #000000;\" href=\"https:\/\/www.telecinco.es\/gottalent\/autenticidad-jindama-emociona-paz_2_2720580180.html\">Jindama<\/a>, una formaci\u00f3n musical que particip\u00f3 en la \u00faltima edici\u00f3n del programa Got Talent. La actuaci\u00f3n se har\u00e1 en dos partes ya que habr\u00e1 una pausa para el bingo a las 00:30h.<\/span><\/p>\n<p style=\"text-align: justify;\"><span style=\"color: #000000;\">El s\u00e1bado 4 de mayo a las 10:00h tendr\u00e1 lugar el desayuno de la Feria con churros y chocolate y, durante toda la ma\u00f1ana, sonar\u00e1 m\u00fasica en el local social de Can Gordei. A las 18:00h actuar\u00e1n los grupos flamencos Ana Serrano y Escuela de Danza Studio 22. A las 21:00h habr\u00e1 una cena, a las 23:30h un sorteo y a partir de la medianoche, concierto con Duende y Comp\u00e1s, con una pausa a las 00:30h para hacer un bingo.<\/span><\/p>\n<p style=\"text-align: justify;\"><span style=\"color: #000000;\">El domingo 5 de mayo, a las 11:00h, habr\u00e1 atracciones para los ni\u00f1os, que podr\u00e1n disfrutar de forma gratuita durante una hora. A partir de las 14:00h habr\u00e1 barbacoa. A las 16:00h habr\u00e1 sorteo y a las 18:00h concurso de vestidos flamencos. A continuaci\u00f3n habr\u00e1 bingo y m\u00fasica.<\/span><\/p>\n<p style=\"text-align: justify;\"><span style=\"color: #000000;\"><strong>VENTA DE TICKETS<\/strong><\/span><\/p>\n<p style=\"text-align: justify;\"><span style=\"color: #000000;\">Los tickets para el desayuno, la cena y la comida se pueden adquirir en el Bar Polideportivo de Can Gordei.<\/span><\/p>\n<p style=\"text-align: justify;\"><span style=\"color: #000000;\">Los tickets para el desayuno de churros con chocolate del s\u00e1bado se pueden adquirir por 3\u20ac.<\/span><\/p>\n<p style=\"text-align: justify;\"><span style=\"color: #000000;\">Los tickets de la cena del s\u00e1bado se pueden adquirir por 10\u20ac el de los adultos y 5\u20ac el de los ni\u00f1os. El men\u00fa de los adultos incluye entrantes y, de segundo, bacalao con samfaina o carrillera con guarnici\u00f3n. Para los ni\u00f1os habr\u00e1 escalopa con patatas.<\/span><\/p>\n<p style=\"text-align: justify;\"><span style=\"color: #000000;\">El precio de la barbacoa del domingo son 6\u20ac e incluye pollo, chistorra, panceta y butifarra.<\/span><\/p>\n<p>&nbsp;<\/p>\n","protected":false},"excerpt":{"rendered":"<p>La Bisbal del Pened\u00e8s viur\u00e0 la Feria de Can Gordei del 3 al 5 de maig. Un any m\u00e9s, la Comissi\u00f3 de Festes de Can Gordei tira endavant aquest esdeveniment &hellip; <a href=\"https:\/\/bisbalpenedes.com\/web\/2019\/04\/30\/can-gordei-celebra-la-seva-feria-del-3-al-5-de-maig\/\" class=\"more-link\">Read More<\/a><\/p>\n","protected":false},"author":4,"featured_media":9480,"comment_status":"closed","ping_status":"closed","sticky":false,"template":"","format":"standard","meta":[],"categories":[1047,20,8],"tags":[1662,198,2982,2981,1664,2979,2980,2952],"_links":{"self":[{"href":"https:\/\/bisbalpenedes.com\/web\/wp-json\/wp\/v2\/posts\/9477"}],"collection":[{"href":"https:\/\/bisbalpenedes.com\/web\/wp-json\/wp\/v2\/posts"}],"about":[{"href":"https:\/\/bisbalpenedes.com\/web\/wp-json\/wp\/v2\/types\/post"}],"author":[{"embeddable":true,"href":"https:\/\/bisbalpenedes.com\/web\/wp-json\/wp\/v2\/users\/4"}],"replies":[{"embeddable":true,"href":"https:\/\/bisbalpenedes.com\/web\/wp-json\/wp\/v2\/comments?post=9477"}],"version-history":[{"count":3,"href":"https:\/\/bisbalpenedes.com\/web\/wp-json\/wp\/v2\/posts\/9477\/revisions"}],"predecessor-version":[{"id":9481,"href":"https:\/\/bisbalpenedes.com\/web\/wp-json\/wp\/v2\/posts\/9477\/revisions\/9481"}],"wp:featuredmedia":[{"embeddable":true,"href":"https:\/\/bisbalpenedes.com\/web\/wp-json\/wp\/v2\/media\/9480"}],"wp:attachment":[{"href":"https:\/\/bisbalpenedes.com\/web\/wp-json\/wp\/v2\/media?parent=9477"}],"wp:term":[{"taxonomy":"category","embeddable":true,"href":"https:\/\/bisbalpenedes.com\/web\/wp-json\/wp\/v2\/categories?post=9477"},{"taxonomy":"post_tag","embeddable":true,"href":"https:\/\/bisbalpenedes.com\/web\/wp-json\/wp\/v2\/tags?post=9477"}],"curies":[{"name":"wp","href":"https:\/\/api.w.org\/{rel}","templated":true}]}}