{"id":9470,"date":"2019-04-30T12:06:32","date_gmt":"2019-04-30T11:06:32","guid":{"rendered":"http:\/\/bisbalpenedes.com\/web\/?p=9470"},"modified":"2019-04-30T12:07:02","modified_gmt":"2019-04-30T11:07:02","slug":"properes-activitats-al-raco-de-la-gent-gran-tast-de-truites-i-decoracio-de-testos","status":"publish","type":"post","link":"https:\/\/bisbalpenedes.com\/web\/2019\/04\/30\/properes-activitats-al-raco-de-la-gent-gran-tast-de-truites-i-decoracio-de-testos\/","title":{"rendered":"Vine al Rac\u00f3 de la Gent Gran a gaudir d&#8217;un tast de truites i d&#8217;un taller de decoraci\u00f3 de testos"},"content":{"rendered":"<p><span style=\"color: #000000;\">El divendres 3 de maig, a partir de les 18h, tindr\u00e0 lloc un tast de truites al Rac\u00f3 de la Gent Gran. Porta la teva!<\/span><\/p>\n<p><span style=\"color: #000000;\">El viernes 3 de mayo, a partir de las 18h, tendr\u00e1 lugar una degustaci\u00f3n de tortillas en el Rac\u00f3 de la Gent Gran. \u00a1Trae la tuya!<\/span><\/p>\n<p><span style=\"color: #000000;\"><a style=\"color: #000000;\" href=\"http:\/\/bisbalpenedes.com\/web\/wp-content\/uploads\/2019\/04\/Tast-de-truites.jpg\"><img loading=\"lazy\" class=\"aligncenter size-large wp-image-9311\" src=\"http:\/\/bisbalpenedes.com\/web\/wp-content\/uploads\/2019\/04\/Tast-de-truites-1024x819.jpg\" alt=\"Tast-de-truites\" width=\"630\" height=\"504\" srcset=\"https:\/\/bisbalpenedes.com\/web\/wp-content\/uploads\/2019\/04\/Tast-de-truites-1024x819.jpg 1024w, https:\/\/bisbalpenedes.com\/web\/wp-content\/uploads\/2019\/04\/Tast-de-truites-600x480.jpg 600w, https:\/\/bisbalpenedes.com\/web\/wp-content\/uploads\/2019\/04\/Tast-de-truites-300x240.jpg 300w, https:\/\/bisbalpenedes.com\/web\/wp-content\/uploads\/2019\/04\/Tast-de-truites-768x614.jpg 768w\" sizes=\"(max-width: 630px) 100vw, 630px\" \/><\/a><\/span><\/p>\n<p><span style=\"color: #000000;\">El dilluns 6 de maig, a les 17h, farem un taller de decoraci\u00f3 de testos al Rac\u00f3 de la Gent Gran. Porta\u00a0les teves torretes de casa i decora-les!<\/span><\/p>\n<p><span style=\"color: #000000;\">El lunes 6 de mayo, a las 17y, haremos un taller de decoraci\u00f3n de macetas en el Rac\u00f3 de la Gent Gran. \u00a1Tr\u00e1ete tus macetas de casa y dec\u00f3ralas!<\/span><\/p>\n<p><span style=\"color: #000000;\"><a style=\"color: #000000;\" href=\"http:\/\/bisbalpenedes.com\/web\/wp-content\/uploads\/2019\/04\/Decoracio_testos.jpg\"><img loading=\"lazy\" class=\"aligncenter size-large wp-image-9314\" src=\"http:\/\/bisbalpenedes.com\/web\/wp-content\/uploads\/2019\/04\/Decoracio_testos-1024x819.jpg\" alt=\"Decoracio_testos\" width=\"630\" height=\"504\" srcset=\"https:\/\/bisbalpenedes.com\/web\/wp-content\/uploads\/2019\/04\/Decoracio_testos-1024x819.jpg 1024w, https:\/\/bisbalpenedes.com\/web\/wp-content\/uploads\/2019\/04\/Decoracio_testos-600x480.jpg 600w, https:\/\/bisbalpenedes.com\/web\/wp-content\/uploads\/2019\/04\/Decoracio_testos-300x240.jpg 300w, https:\/\/bisbalpenedes.com\/web\/wp-content\/uploads\/2019\/04\/Decoracio_testos-768x614.jpg 768w\" sizes=\"(max-width: 630px) 100vw, 630px\" \/><\/a><\/span><\/p>\n","protected":false},"excerpt":{"rendered":"<p>El divendres 3 de maig, a partir de les 18h, tindr\u00e0 lloc un tast de truites al Rac\u00f3 de la Gent Gran. Porta la teva! El viernes 3 de mayo, &hellip; <a href=\"https:\/\/bisbalpenedes.com\/web\/2019\/04\/30\/properes-activitats-al-raco-de-la-gent-gran-tast-de-truites-i-decoracio-de-testos\/\" class=\"more-link\">Read More<\/a><\/p>\n","protected":false},"author":4,"featured_media":9314,"comment_status":"closed","ping_status":"closed","sticky":false,"template":"","format":"standard","meta":[],"categories":[464],"tags":[230,1198,581,2978,305,2115,2931,2932],"_links":{"self":[{"href":"https:\/\/bisbalpenedes.com\/web\/wp-json\/wp\/v2\/posts\/9470"}],"collection":[{"href":"https:\/\/bisbalpenedes.com\/web\/wp-json\/wp\/v2\/posts"}],"about":[{"href":"https:\/\/bisbalpenedes.com\/web\/wp-json\/wp\/v2\/types\/post"}],"author":[{"embeddable":true,"href":"https:\/\/bisbalpenedes.com\/web\/wp-json\/wp\/v2\/users\/4"}],"replies":[{"embeddable":true,"href":"https:\/\/bisbalpenedes.com\/web\/wp-json\/wp\/v2\/comments?post=9470"}],"version-history":[{"count":2,"href":"https:\/\/bisbalpenedes.com\/web\/wp-json\/wp\/v2\/posts\/9470\/revisions"}],"predecessor-version":[{"id":9472,"href":"https:\/\/bisbalpenedes.com\/web\/wp-json\/wp\/v2\/posts\/9470\/revisions\/9472"}],"wp:featuredmedia":[{"embeddable":true,"href":"https:\/\/bisbalpenedes.com\/web\/wp-json\/wp\/v2\/media\/9314"}],"wp:attachment":[{"href":"https:\/\/bisbalpenedes.com\/web\/wp-json\/wp\/v2\/media?parent=9470"}],"wp:term":[{"taxonomy":"category","embeddable":true,"href":"https:\/\/bisbalpenedes.com\/web\/wp-json\/wp\/v2\/categories?post=9470"},{"taxonomy":"post_tag","embeddable":true,"href":"https:\/\/bisbalpenedes.com\/web\/wp-json\/wp\/v2\/tags?post=9470"}],"curies":[{"name":"wp","href":"https:\/\/api.w.org\/{rel}","templated":true}]}}