{"id":9458,"date":"2019-04-30T10:41:00","date_gmt":"2019-04-30T09:41:00","guid":{"rendered":"http:\/\/bisbalpenedes.com\/web\/?p=9458"},"modified":"2019-04-30T10:59:45","modified_gmt":"2019-04-30T09:59:45","slug":"la-propera-recollida-de-trastos-vells-i-voluminosos-tindra-lloc-el-dilluns-6-de-maig","status":"publish","type":"post","link":"https:\/\/bisbalpenedes.com\/web\/2019\/04\/30\/la-propera-recollida-de-trastos-vells-i-voluminosos-tindra-lloc-el-dilluns-6-de-maig\/","title":{"rendered":"La propera recollida de trastos vells i voluminosos tindr\u00e0 lloc el dilluns 6 de maig"},"content":{"rendered":"<div class=\"\" data-block=\"true\" data-editor=\"5al2g\" data-offset-key=\"9vi1r-0-0\">\n<div class=\"_1mf _1mj\" data-offset-key=\"9vi1r-0-0\">\n<div class=\"\" data-block=\"true\" data-editor=\"5al2g\" data-offset-key=\"9vi1r-0-0\">\n<div class=\"_1mf _1mj\" data-offset-key=\"9vi1r-0-0\">\n<div class=\"\" data-block=\"true\" data-editor=\"5al2g\" data-offset-key=\"9vi1r-0-0\">\n<div class=\"_1mf _1mj\" data-offset-key=\"9vi1r-0-0\"><span style=\"color: #000000;\">Teniu mobiliari o andr\u00f2mines per llen\u00e7ar per\u00f2 no podeu despla\u00e7ar-vos al Punt Verd? Cap problema!\u00a0El\u00a0<strong>primer dilluns de cada mes\u00a0<\/strong>fem la recollida de trastos vells a domicili. Si voleu beneficiar-vos d\u2019aquest servei, aviseu amb un m\u00ednim de 5 dies d\u2019antelaci\u00f3 a l\u2019Ajuntament\u00a0977688438. La propera recollida tindr\u00e0 lloc el dilluns\u00a06 de maig.<\/span><\/div>\n<div class=\"_1mf _1mj\" data-offset-key=\"9vi1r-0-0\"><\/div>\n<div class=\"_1mf _1mj\" data-offset-key=\"9vi1r-0-0\"><span style=\"color: #000000;\">A banda d&#8217;aquest servei, us recordem que el Punt Verd est\u00e0 obert els 365 dies de l&#8217;any i hi podeu portar residus les 24 hores del dia. Per fer \u00fas del servei heu de sol\u00b7licitar la vostra targeta a l&#8217;Ajuntament:<\/span>\u00a0<a href=\"http:\/\/bisbalpenedes.com\/web\/2018\/01\/19\/com-funciona-el-punt-verd\/\" target=\"_blank\">http:\/\/bisbalpenedes.com\/web\/2018\/01\/19\/com-funciona-el-punt-verd\/<\/a><\/div>\n<\/div>\n<div class=\"\" data-block=\"true\" data-editor=\"5al2g\" data-offset-key=\"2ia2r-0-0\">\n<div class=\"_1mf _1mj\" data-offset-key=\"2ia2r-0-0\"><\/div>\n<\/div>\n<div class=\"\" data-block=\"true\" data-editor=\"5al2g\" data-offset-key=\"607pd-0-0\">\n<div class=\"_1mf _1mj\" data-offset-key=\"607pd-0-0\">\u2014<\/div>\n<div class=\"_1mf _1mj\" data-offset-key=\"607pd-0-0\"><\/div>\n<\/div>\n<div class=\"\" data-block=\"true\" data-editor=\"5al2g\" data-offset-key=\"bg35q-0-0\">\n<div class=\"_1mf _1mj\" data-offset-key=\"bg35q-0-0\"><span style=\"color: #000000;\"><strong>CASTELLANO |<\/strong>\u00a0\u00bfTen\u00e9is mobiliario o trastos para tirar pero no os pod\u00e9is desplazar al Punt Verd? \u00a1No hay problema!\u00a0<strong>El primer\u00a0lunes de cada mes\u00a0<\/strong>hacemos la recogida de trastos viejos a domicilio. Si os quer\u00e9is beneficiar de este servicio, avisad con un m\u00ednimo de 5 d\u00edas de antelaci\u00f3n al Ayuntamiento\u00a0977688438. La pr\u00f3xima recogida tendr\u00e1 lugar el lunes\u00a06 de mayo.<\/span><\/div>\n<div class=\"_1mf _1mj\" data-offset-key=\"bg35q-0-0\"><\/div>\n<div class=\"_1mf _1mj\" data-offset-key=\"bg35q-0-0\"><span style=\"color: #000000;\">A parte de este servicio, os recordamos que el Punt Verd est\u00e1 abierto los 365 d\u00edas del a\u00f1o y pod\u00e9is llevar residuos las 24 horas del d\u00eda. Para hacer uso del servicio ten\u00e9is que solicitar vuestra tarjeta en el Ayuntamiento:\u00a0<\/span><a href=\"http:\/\/bisbalpenedes.com\/web\/2018\/01\/19\/com-funciona-el-punt-verd\/\" target=\"_blank\">http:\/\/bisbalpenedes.com\/web\/2018\/01\/19\/com-funciona-el-punt-verd\/<\/a><\/div>\n<\/div>\n<\/div>\n<\/div>\n<div class=\"\" data-block=\"true\" data-editor=\"5al2g\" data-offset-key=\"bg35q-0-0\"><\/div>\n<\/div>\n<\/div>\n<div class=\"\" data-block=\"true\" data-editor=\"5al2g\" data-offset-key=\"bg35q-0-0\">\n<div class=\"_1mf _1mj\" data-offset-key=\"bg35q-0-0\"><a href=\"http:\/\/bisbalpenedes.com\/web\/wp-content\/uploads\/2018\/01\/Trastos-Vells-Recollida.jpg\"><img loading=\"lazy\" class=\"aligncenter size-large wp-image-4417\" src=\"http:\/\/bisbalpenedes.com\/web\/wp-content\/uploads\/2018\/01\/Trastos-Vells-Recollida-498x1024.jpg\" alt=\"Trastos-Vells-Recollida\" width=\"498\" height=\"1024\" srcset=\"https:\/\/bisbalpenedes.com\/web\/wp-content\/uploads\/2018\/01\/Trastos-Vells-Recollida-498x1024.jpg 498w, https:\/\/bisbalpenedes.com\/web\/wp-content\/uploads\/2018\/01\/Trastos-Vells-Recollida-600x1234.jpg 600w, https:\/\/bisbalpenedes.com\/web\/wp-content\/uploads\/2018\/01\/Trastos-Vells-Recollida-146x300.jpg 146w, https:\/\/bisbalpenedes.com\/web\/wp-content\/uploads\/2018\/01\/Trastos-Vells-Recollida-768x1580.jpg 768w, https:\/\/bisbalpenedes.com\/web\/wp-content\/uploads\/2018\/01\/Trastos-Vells-Recollida.jpg 1240w\" sizes=\"(max-width: 498px) 100vw, 498px\" \/><\/a><a href=\"http:\/\/bisbalpenedes.com\/web\/wp-content\/uploads\/2018\/01\/Trastos-Vells-Recollida.jpg\"><br \/>\n<\/a><\/div>\n<\/div>\n","protected":false},"excerpt":{"rendered":"<p>Teniu mobiliari o andr\u00f2mines per llen\u00e7ar per\u00f2 no podeu despla\u00e7ar-vos al Punt Verd? Cap problema!\u00a0El\u00a0primer dilluns de cada mes\u00a0fem la recollida de trastos vells a domicili. Si voleu beneficiar-vos d\u2019aquest &hellip; <a href=\"https:\/\/bisbalpenedes.com\/web\/2019\/04\/30\/la-propera-recollida-de-trastos-vells-i-voluminosos-tindra-lloc-el-dilluns-6-de-maig\/\" class=\"more-link\">Read More<\/a><\/p>\n","protected":false},"author":4,"featured_media":4417,"comment_status":"closed","ping_status":"closed","sticky":false,"template":"","format":"standard","meta":[],"categories":[32],"tags":[92,207,1883,1183],"_links":{"self":[{"href":"https:\/\/bisbalpenedes.com\/web\/wp-json\/wp\/v2\/posts\/9458"}],"collection":[{"href":"https:\/\/bisbalpenedes.com\/web\/wp-json\/wp\/v2\/posts"}],"about":[{"href":"https:\/\/bisbalpenedes.com\/web\/wp-json\/wp\/v2\/types\/post"}],"author":[{"embeddable":true,"href":"https:\/\/bisbalpenedes.com\/web\/wp-json\/wp\/v2\/users\/4"}],"replies":[{"embeddable":true,"href":"https:\/\/bisbalpenedes.com\/web\/wp-json\/wp\/v2\/comments?post=9458"}],"version-history":[{"count":5,"href":"https:\/\/bisbalpenedes.com\/web\/wp-json\/wp\/v2\/posts\/9458\/revisions"}],"predecessor-version":[{"id":9463,"href":"https:\/\/bisbalpenedes.com\/web\/wp-json\/wp\/v2\/posts\/9458\/revisions\/9463"}],"wp:featuredmedia":[{"embeddable":true,"href":"https:\/\/bisbalpenedes.com\/web\/wp-json\/wp\/v2\/media\/4417"}],"wp:attachment":[{"href":"https:\/\/bisbalpenedes.com\/web\/wp-json\/wp\/v2\/media?parent=9458"}],"wp:term":[{"taxonomy":"category","embeddable":true,"href":"https:\/\/bisbalpenedes.com\/web\/wp-json\/wp\/v2\/categories?post=9458"},{"taxonomy":"post_tag","embeddable":true,"href":"https:\/\/bisbalpenedes.com\/web\/wp-json\/wp\/v2\/tags?post=9458"}],"curies":[{"name":"wp","href":"https:\/\/api.w.org\/{rel}","templated":true}]}}