{"id":9450,"date":"2019-04-30T10:19:03","date_gmt":"2019-04-30T09:19:03","guid":{"rendered":"http:\/\/bisbalpenedes.com\/web\/?p=9450"},"modified":"2019-04-30T10:19:03","modified_gmt":"2019-04-30T09:19:03","slug":"nous-horaris-datencio-al-public-de-lajuntament-de-la-bisbal-del-penedes-i-la-biblioteca-publica","status":"publish","type":"post","link":"https:\/\/bisbalpenedes.com\/web\/2019\/04\/30\/nous-horaris-datencio-al-public-de-lajuntament-de-la-bisbal-del-penedes-i-la-biblioteca-publica\/","title":{"rendered":"Nous horaris d&#8217;atenci\u00f3 al p\u00fablic de l&#8217;Ajuntament de la Bisbal del Pened\u00e8s i la Biblioteca p\u00fablica"},"content":{"rendered":"<p><span style=\"color: #000000;\">Us informem que, partir del 2 de maig de 2019, els horaris d&#8217;atenci\u00f3 al p\u00fablic de l&#8217;Ajuntament de la Bisbal del Pened\u00e8s i la Biblioteca p\u00fablica seran els seg\u00fcents:<\/span><\/p>\n<table>\n<tbody>\n<tr>\n<td colspan=\"2\" width=\"518\"><span style=\"color: #000000;\"><strong>Horaris d\u2019atenci\u00f3 de l\u2019Ajuntament de la Bisbal del Pened\u00e8s<\/strong><\/span><\/td>\n<\/tr>\n<tr>\n<td colspan=\"2\" width=\"518\"><span style=\"color: #000000;\"><strong>Horari d\u2019hivern<\/strong><\/span><\/td>\n<\/tr>\n<tr>\n<td width=\"259\"><span style=\"color: #000000;\">Dilluns<\/span><\/td>\n<td width=\"259\"><span style=\"color: #000000;\">De 9.00 a 14.00h i de 16.00h a 19.00h<\/span><\/td>\n<\/tr>\n<tr>\n<td width=\"259\"><span style=\"color: #000000;\">Dimarts, dimecres, dijous i divendres<\/span><\/td>\n<td width=\"259\"><span style=\"color: #000000;\">De 9.00 a 14.00h<\/span><\/td>\n<\/tr>\n<tr>\n<td colspan=\"2\" width=\"518\"><span style=\"color: #000000;\"><strong>Horari d\u2019estiu<\/strong><\/span><\/td>\n<\/tr>\n<tr>\n<td width=\"259\"><span style=\"color: #000000;\">De dilluns a divendres<\/span><\/td>\n<td width=\"259\"><span style=\"color: #000000;\">De 9.00 a 14.00h<\/span><\/td>\n<\/tr>\n<\/tbody>\n<\/table>\n<p>&nbsp;<\/p>\n<table>\n<tbody>\n<tr>\n<td colspan=\"2\" width=\"518\"><span style=\"color: #000000;\"><strong>Horaris d\u2019atenci\u00f3 de la Biblioteca p\u00fablica<\/strong><\/span><\/td>\n<\/tr>\n<tr>\n<td colspan=\"2\" width=\"518\"><span style=\"color: #000000;\"><strong>Horari d\u2019hivern<\/strong><\/span><\/td>\n<\/tr>\n<tr>\n<td width=\"259\"><span style=\"color: #000000;\">De dilluns a divendres<\/span><\/td>\n<td width=\"259\"><span style=\"color: #000000;\">De 16.30h a 20.30h<\/span><\/td>\n<\/tr>\n<tr>\n<td width=\"259\"><span style=\"color: #000000;\">Dissabtes<\/span><\/td>\n<td width=\"259\"><span style=\"color: #000000;\">De 10.00h a 14.00h<\/span><\/td>\n<\/tr>\n<tr>\n<td colspan=\"2\" width=\"518\"><span style=\"color: #000000;\"><strong>Horari d\u2019estiu<\/strong><\/span><\/td>\n<\/tr>\n<tr>\n<td width=\"259\"><span style=\"color: #000000;\">De dilluns a divendres<\/span><\/td>\n<td width=\"259\"><span style=\"color: #000000;\">De 16.30h a 20.30h<\/span><\/td>\n<\/tr>\n<\/tbody>\n<\/table>\n<hr \/>\n<hr \/>\n<p><span style=\"color: #000000;\"><strong>CASTELLANO |<\/strong> Os informamos que, a partir del d\u00eda 2 de mayo, los horarios del Ayuntamiento de la Bisbal del Pened\u00e8s i la Biblioteca p\u00fablica seran los siguientes:<\/span><\/p>\n<table>\n<tbody>\n<tr>\n<td colspan=\"2\" width=\"518\"><span style=\"color: #000000;\"><strong>Horarios de atenci\u00f3n del Ayuntamiento de la Bisbal del Pened\u00e8s<\/strong><\/span><\/td>\n<\/tr>\n<tr>\n<td colspan=\"2\" width=\"518\"><span style=\"color: #000000;\"><strong>Horario de invierno<\/strong><\/span><\/td>\n<\/tr>\n<tr>\n<td width=\"259\"><span style=\"color: #000000;\">Lunes<\/span><\/td>\n<td width=\"259\"><span style=\"color: #000000;\">De 9.00 a 14.00h y de 16.00h a 19.00h<\/span><\/td>\n<\/tr>\n<tr>\n<td width=\"259\"><span style=\"color: #000000;\">Martes, mi\u00e9rcoles, jueves y viernes<\/span><\/td>\n<td width=\"259\"><span style=\"color: #000000;\">De 9.00 a 14.00h<\/span><\/td>\n<\/tr>\n<tr>\n<td colspan=\"2\" width=\"518\"><span style=\"color: #000000;\"><strong>Horario de verano<\/strong><\/span><\/td>\n<\/tr>\n<tr>\n<td width=\"259\"><span style=\"color: #000000;\">De lunes a viernes<\/span><\/td>\n<td width=\"259\"><span style=\"color: #000000;\">De 9.00 a 14.00h<\/span><\/td>\n<\/tr>\n<\/tbody>\n<\/table>\n<p>&nbsp;<\/p>\n<table>\n<tbody>\n<tr>\n<td colspan=\"2\" width=\"518\"><span style=\"color: #000000;\"><strong>Horarios de atenci\u00f3n\u00a0de la Biblioteca p\u00fablica<\/strong><\/span><\/td>\n<\/tr>\n<tr>\n<td colspan=\"2\" width=\"518\"><span style=\"color: #000000;\"><strong>Horario de invierno<\/strong><\/span><\/td>\n<\/tr>\n<tr>\n<td width=\"259\"><span style=\"color: #000000;\">De lunes a viernes<\/span><\/td>\n<td width=\"259\"><span style=\"color: #000000;\">De 16.30h a 20.30h<\/span><\/td>\n<\/tr>\n<tr>\n<td width=\"259\"><span style=\"color: #000000;\">S\u00e1bados<\/span><\/td>\n<td width=\"259\"><span style=\"color: #000000;\">De 10.00h a 14.00h<\/span><\/td>\n<\/tr>\n<tr>\n<td colspan=\"2\" width=\"518\"><span style=\"color: #000000;\"><strong>Horario de verano<\/strong><\/span><\/td>\n<\/tr>\n<tr>\n<td width=\"259\"><span style=\"color: #000000;\">De lunes a viernes<\/span><\/td>\n<td width=\"259\"><span style=\"color: #000000;\">De 16.30h a 20.30h<\/span><\/td>\n<\/tr>\n<\/tbody>\n<\/table>\n","protected":false},"excerpt":{"rendered":"<p>Us informem que, partir del 2 de maig de 2019, els horaris d&#8217;atenci\u00f3 al p\u00fablic de l&#8217;Ajuntament de la Bisbal del Pened\u00e8s i la Biblioteca p\u00fablica seran els seg\u00fcents: Horaris &hellip; <a href=\"https:\/\/bisbalpenedes.com\/web\/2019\/04\/30\/nous-horaris-datencio-al-public-de-lajuntament-de-la-bisbal-del-penedes-i-la-biblioteca-publica\/\" class=\"more-link\">Read More<\/a><\/p>\n","protected":false},"author":4,"featured_media":6737,"comment_status":"closed","ping_status":"closed","sticky":false,"template":"","format":"standard","meta":[],"categories":[4],"tags":[2866,2977,2976,180,784],"_links":{"self":[{"href":"https:\/\/bisbalpenedes.com\/web\/wp-json\/wp\/v2\/posts\/9450"}],"collection":[{"href":"https:\/\/bisbalpenedes.com\/web\/wp-json\/wp\/v2\/posts"}],"about":[{"href":"https:\/\/bisbalpenedes.com\/web\/wp-json\/wp\/v2\/types\/post"}],"author":[{"embeddable":true,"href":"https:\/\/bisbalpenedes.com\/web\/wp-json\/wp\/v2\/users\/4"}],"replies":[{"embeddable":true,"href":"https:\/\/bisbalpenedes.com\/web\/wp-json\/wp\/v2\/comments?post=9450"}],"version-history":[{"count":1,"href":"https:\/\/bisbalpenedes.com\/web\/wp-json\/wp\/v2\/posts\/9450\/revisions"}],"predecessor-version":[{"id":9451,"href":"https:\/\/bisbalpenedes.com\/web\/wp-json\/wp\/v2\/posts\/9450\/revisions\/9451"}],"wp:featuredmedia":[{"embeddable":true,"href":"https:\/\/bisbalpenedes.com\/web\/wp-json\/wp\/v2\/media\/6737"}],"wp:attachment":[{"href":"https:\/\/bisbalpenedes.com\/web\/wp-json\/wp\/v2\/media?parent=9450"}],"wp:term":[{"taxonomy":"category","embeddable":true,"href":"https:\/\/bisbalpenedes.com\/web\/wp-json\/wp\/v2\/categories?post=9450"},{"taxonomy":"post_tag","embeddable":true,"href":"https:\/\/bisbalpenedes.com\/web\/wp-json\/wp\/v2\/tags?post=9450"}],"curies":[{"name":"wp","href":"https:\/\/api.w.org\/{rel}","templated":true}]}}