{"id":9448,"date":"2019-04-29T19:19:03","date_gmt":"2019-04-29T18:19:03","guid":{"rendered":"http:\/\/bisbalpenedes.com\/web\/?p=9448"},"modified":"2019-04-29T19:19:03","modified_gmt":"2019-04-29T18:19:03","slug":"aquesta-setmana-continua-la-campanya-informativa-sobre-la-recollida-de-materia-organica-a-can-gordei","status":"publish","type":"post","link":"https:\/\/bisbalpenedes.com\/web\/2019\/04\/29\/aquesta-setmana-continua-la-campanya-informativa-sobre-la-recollida-de-materia-organica-a-can-gordei\/","title":{"rendered":"Aquesta setmana continua la campanya informativa sobre la recollida de mat\u00e8ria org\u00e0nica a Can Gordei"},"content":{"rendered":"<p><a href=\"http:\/\/bisbalpenedes.com\/web\/wp-content\/uploads\/2019\/04\/organica-informadora.jpg\"><img loading=\"lazy\" class=\"aligncenter size-medium wp-image-9303\" src=\"http:\/\/bisbalpenedes.com\/web\/wp-content\/uploads\/2019\/04\/organica-informadora-300x212.jpg\" alt=\"organica informadora\" width=\"300\" height=\"212\" srcset=\"https:\/\/bisbalpenedes.com\/web\/wp-content\/uploads\/2019\/04\/organica-informadora-300x212.jpg 300w, https:\/\/bisbalpenedes.com\/web\/wp-content\/uploads\/2019\/04\/organica-informadora-600x424.jpg 600w, https:\/\/bisbalpenedes.com\/web\/wp-content\/uploads\/2019\/04\/organica-informadora-768x543.jpg 768w, https:\/\/bisbalpenedes.com\/web\/wp-content\/uploads\/2019\/04\/organica-informadora-1024x724.jpg 1024w\" sizes=\"(max-width: 300px) 100vw, 300px\" \/><\/a><\/p>\n<p><span style=\"color: #000000;\">Aquesta setmana continua\u00a0la campanya informativa de la recollida de mat\u00e8ria org\u00e0nica, mitjan\u00e7ant el porta a porta, a Can Gordei. El proper dissabte la informadora estar\u00e0, durant el mat\u00ed (de 10h a 13h), al local social de Can Gordei.<\/span><\/p>\n<p><span style=\"color: #000000;\">Per a m\u00e9s informaci\u00f3 sobre la campanya informativa de la implantaci\u00f3 de la recollida de la mat\u00e8ria org\u00e0nica als barris de fora del nucli, podeu entrar a l&#8217;enlla\u00e7:<\/span>\u00a0<a href=\"http:\/\/bisbalpenedes.com\/web\/2019\/04\/15\/aquest-dimarts-comenca-la-campanya-de-la-recollida-de-materia-organica-a-lortigos-i-la-masieta\/\" target=\"_blank\">http:\/\/bisbalpenedes.com\/web\/2019\/04\/15\/aquest-dimarts-comenca-la-campanya-de-la-recollida-de-materia-organica-a-lortigos-i-la-masieta\/<\/a><\/p>\n<div class=\"\" data-block=\"true\" data-editor=\"euont\" data-offset-key=\"5g1o1-0-0\">\n<div class=\"_1mf _1mj\" data-offset-key=\"5g1o1-0-0\">\n<hr \/>\n<\/div>\n<\/div>\n<div class=\"\" data-block=\"true\" data-editor=\"euont\" data-offset-key=\"2ojmf-0-0\"><\/div>\n<div class=\"\" data-block=\"true\" data-editor=\"euont\" data-offset-key=\"985f7-0-0\">\n<div class=\"_1mf _1mj\" data-offset-key=\"985f7-0-0\"><span style=\"color: #000000;\"><strong>CASTELLANO |<\/strong>\u00a0Esta semana contin\u00faa la campa\u00f1a informativa de la recogida de materia org\u00e1nica, mediante el puerta a puerta, en Can Gordei. El pr\u00f3ximo s\u00e1bado la informadora estar\u00e1, durante la ma\u00f1ana (de 10 a 13h), en el local social de\u00a0Can Gordei.<\/span><\/div>\n<div class=\"_1mf _1mj\" data-offset-key=\"985f7-0-0\"><\/div>\n<\/div>\n<div class=\"\" data-block=\"true\" data-editor=\"euont\" data-offset-key=\"bnma8-0-0\">\n<div class=\"_1mf _1mj\" data-offset-key=\"bnma8-0-0\"><span style=\"color: #000000;\">Para m\u00e1s informaci\u00f3n sobre la campa\u00f1a informativa de la implantaci\u00f3n de la recogida de la materia org\u00e1nica en los barrios de fuera del n\u00facleo, pod\u00e9is entrar en el enlace:\u00a0<\/span><a href=\"http:\/\/bisbalpenedes.com\/web\/2019\/04\/15\/aquest-dimarts-comenca-la-campanya-de-la-recollida-de-materia-organica-a-lortigos-i-la-masieta\/\" target=\"_blank\">http:\/\/bisbalpenedes.com\/web\/2019\/04\/15\/aquest-dimarts-comenca-la-campanya-de-la-recollida-de-materia-organica-a-lortigos-i-la-masieta\/<\/a><\/div>\n<\/div>\n","protected":false},"excerpt":{"rendered":"<p>Aquesta setmana continua\u00a0la campanya informativa de la recollida de mat\u00e8ria org\u00e0nica, mitjan\u00e7ant el porta a porta, a Can Gordei. El proper dissabte la informadora estar\u00e0, durant el mat\u00ed (de 10h &hellip; <a href=\"https:\/\/bisbalpenedes.com\/web\/2019\/04\/29\/aquesta-setmana-continua-la-campanya-informativa-sobre-la-recollida-de-materia-organica-a-can-gordei\/\" class=\"more-link\">Read More<\/a><\/p>\n","protected":false},"author":4,"featured_media":9223,"comment_status":"closed","ping_status":"closed","sticky":false,"template":"","format":"standard","meta":[],"categories":[32],"tags":[438,198,2975,1448,220,2446,1730,2974],"_links":{"self":[{"href":"https:\/\/bisbalpenedes.com\/web\/wp-json\/wp\/v2\/posts\/9448"}],"collection":[{"href":"https:\/\/bisbalpenedes.com\/web\/wp-json\/wp\/v2\/posts"}],"about":[{"href":"https:\/\/bisbalpenedes.com\/web\/wp-json\/wp\/v2\/types\/post"}],"author":[{"embeddable":true,"href":"https:\/\/bisbalpenedes.com\/web\/wp-json\/wp\/v2\/users\/4"}],"replies":[{"embeddable":true,"href":"https:\/\/bisbalpenedes.com\/web\/wp-json\/wp\/v2\/comments?post=9448"}],"version-history":[{"count":1,"href":"https:\/\/bisbalpenedes.com\/web\/wp-json\/wp\/v2\/posts\/9448\/revisions"}],"predecessor-version":[{"id":9449,"href":"https:\/\/bisbalpenedes.com\/web\/wp-json\/wp\/v2\/posts\/9448\/revisions\/9449"}],"wp:featuredmedia":[{"embeddable":true,"href":"https:\/\/bisbalpenedes.com\/web\/wp-json\/wp\/v2\/media\/9223"}],"wp:attachment":[{"href":"https:\/\/bisbalpenedes.com\/web\/wp-json\/wp\/v2\/media?parent=9448"}],"wp:term":[{"taxonomy":"category","embeddable":true,"href":"https:\/\/bisbalpenedes.com\/web\/wp-json\/wp\/v2\/categories?post=9448"},{"taxonomy":"post_tag","embeddable":true,"href":"https:\/\/bisbalpenedes.com\/web\/wp-json\/wp\/v2\/tags?post=9448"}],"curies":[{"name":"wp","href":"https:\/\/api.w.org\/{rel}","templated":true}]}}