{"id":9442,"date":"2019-04-29T18:48:33","date_gmt":"2019-04-29T17:48:33","guid":{"rendered":"http:\/\/bisbalpenedes.com\/web\/?p=9442"},"modified":"2019-06-21T11:52:52","modified_gmt":"2019-06-21T10:52:52","slug":"aquest-dilluns-29-dabril-han-tingut-lloc-dos-plens-extraordinaris-a-lajuntament-de-la-bisbal-del-penedes","status":"publish","type":"post","link":"https:\/\/bisbalpenedes.com\/web\/2019\/04\/29\/aquest-dilluns-29-dabril-han-tingut-lloc-dos-plens-extraordinaris-a-lajuntament-de-la-bisbal-del-penedes\/","title":{"rendered":"Aquest dilluns 29 d&#8217;abril han tingut lloc dos Plens extraordinaris a l&#8217;Ajuntament de la Bisbal del Pened\u00e8s"},"content":{"rendered":"<p><a href=\"http:\/\/bisbalpenedes.com\/web\/wp-content\/uploads\/2019\/04\/IMG_7427.jpg\"><img loading=\"lazy\" class=\"aligncenter size-medium wp-image-9443\" src=\"http:\/\/bisbalpenedes.com\/web\/wp-content\/uploads\/2019\/04\/IMG_7427-300x225.jpg\" alt=\"ple extraordinari 29 abril 2019\" width=\"300\" height=\"225\" srcset=\"https:\/\/bisbalpenedes.com\/web\/wp-content\/uploads\/2019\/04\/IMG_7427-300x225.jpg 300w, https:\/\/bisbalpenedes.com\/web\/wp-content\/uploads\/2019\/04\/IMG_7427-600x450.jpg 600w, https:\/\/bisbalpenedes.com\/web\/wp-content\/uploads\/2019\/04\/IMG_7427-768x576.jpg 768w, https:\/\/bisbalpenedes.com\/web\/wp-content\/uploads\/2019\/04\/IMG_7427-1024x768.jpg 1024w\" sizes=\"(max-width: 300px) 100vw, 300px\" \/><\/a><\/p>\n<p><span style=\"color: #000000;\"><strong>PLE EXTRAORDINARI DE 29 D\u2019ABRIL DE 2019 A LES 10H<\/strong><\/span><\/p>\n<p><span style=\"color: #000000;\">Aquest dilluns 29 d\u2019abril, a les 10h, ha tingut lloc un Ple extraordinari a l\u2019Ajuntament de la Bisbal del Pened\u00e8s. S\u2019ha excusat l\u2019abs\u00e8ncia dels regidors Pere Saumoy (PDeCAT) i Juana Reina (ERC) i s\u2019hi han tractat els seg\u00fcents punts:<\/span><\/p>\n<p><span style=\"color: #000000;\"><strong>1.-Expedient 577\/2019. Sorteig dels membres de les meses electorals per al 26 de maig.<\/strong><\/span><\/p>\n<p><span style=\"color: #000000;\"><strong>2.-Expedient 578\/2019. Reconeixement extrajudicial de cr\u00e8dits.<\/strong><\/span><\/p>\n<p><span style=\"color: #000000;\"><strong>S\u2019ha aprovat<\/strong> amb els vots a favor del PDeCAT (4) i la regidora no adscrita Maguy Antol\u00edn (1); i els vots en contra d\u2019ERC (4).<\/span><\/p>\n<p><span style=\"color: #000000;\">En aquest punt s\u2019ha aprovat la despesa i el pagament de 5 factures del 2018 de diferents prove\u00efdors que, entre els mesos de juliol i desembre de 2018, van fer arribar factures a l\u2019Ajuntament, mitjan\u00e7ant mitjans electr\u00f2nics, i no es van registrar correctament per diversos motius, com ara l\u2019enviament de la factura a trav\u00e9s d\u2019una plataforma electr\u00f2nica que no utilitza l\u2019Ajuntament de la Bisbal del Pened\u00e8s o per problemes inform\u00e0tics. Com que les factures corresponen a un exercici anterior, aquestes s\u2019havien d\u2019aprovar per Ple.<\/span><\/p>\n<p><span style=\"color: #000000;\"><strong>3.- Expedient 339\/2019. Es dona compte del Decret d\u2019alcaldia d\u2019aprovaci\u00f3 del pla pressupostari a mig termini.<\/strong> El pla pressupostari per als anys 2020, 2021 i 2022 cont\u00e9: el compliment d\u2019objectius d\u2019estabilitat pressupost\u00e0ria, de deute p\u00fablic i la regla de la despesa i les projeccions de les principals partides d\u2019ingressos i despeses.<\/span><\/p>\n<p><span style=\"color: #000000;\"><strong>4.-Expedient 387\/2019. Informes d\u2019estabilitat pressupost\u00e0ria.<\/strong><\/span><\/p>\n<p><span style=\"color: #000000;\"><strong>Es dona compte<\/strong> de l\u2019informe d\u2019intervenci\u00f3 d\u2019avaluaci\u00f3 del compliment de l\u2019objectiu d\u2019estabilitat pressupost\u00e0ria, de la regla de la despesa i del deute p\u00fablic de la modificaci\u00f3 de cr\u00e8dit 2ALC\/2019. Es tracta d\u2019un informe que es va confeccionar per part del departament d\u2019intervenci\u00f3 el 25 de mar\u00e7 de 2019 i conclou que la modificaci\u00f3 de cr\u00e8dit compleix amb la llei org\u00e0nica 2\/2012 d\u2019estabilitat pressupost\u00e0ria i sostenibilitat financera, ja que:<\/span><\/p>\n<p style=\"padding-left: 30px;\"><span style=\"color: #000000;\">-Compleix amb l\u2019objectiu d\u2019estabilitat pressupost\u00e0ria per tenir capacitat de finan\u00e7ament<\/span><\/p>\n<p style=\"padding-left: 30px;\"><span style=\"color: #000000;\">-Compleix l\u2019objectiu de regla de la despesa<\/span><\/p>\n<p style=\"padding-left: 30px;\"><span style=\"color: #000000;\">-Compleix amb l\u2019objectiu del l\u00edmit de deute p\u00fablic, amb una r\u00e0tio de deute viu del 24,9%.<\/span><\/p>\n<p><span style=\"color: #000000;\"><strong>5.- Expedient 576\/2019.<\/strong> <strong>Es dona compte del per\u00edode mig de pagament<\/strong> del 1r trimestre de 2019, que \u00e9s de 6,38 dies, complint aix\u00ed amb la llei org\u00e0nica 2\/2012 d\u2019estabilitat financera.<\/span><\/p>\n<p><span style=\"color: #000000;\"><strong>6.-Es dona compte dels decrets d\u2019alcaldia signats des del 12 de mar\u00e7 fins al 24 d\u2019abril.<\/strong><\/span><\/p>\n<hr \/>\n<p><span style=\"color: #000000;\"><strong>PLE EXTRAORDINARI DE 29 D\u2019ABRIL DE 2019 A LES 11H<\/strong><\/span><\/p>\n<p><span style=\"color: #000000;\">Aquest dilluns 29 d\u2019abril, en finalitzar el Ple Extraordinari, s\u2019ha votat la urg\u00e8ncia d\u2019un segon Ple Extraordinari, en aquest cas amb car\u00e0cter urgent. Com en l\u2019anterior, s\u2019ha excusat l\u2019abs\u00e8ncia dels regidors Pere Saumoy (PDeCAT) i Juana Reina (ERC). S\u2019hi han tractat els seg\u00fcents punts:<\/span><\/p>\n<p><span style=\"color: #000000;\"><strong>1.-Declarar la urg\u00e8ncia de la sessi\u00f3 i aprovar la convocat\u00f2ria de la sessi\u00f3 extraordin\u00e0ria amb car\u00e0cter urgent d\u2019aquest Ple.<\/strong><\/span><\/p>\n<p><span style=\"color: #000000;\"><strong>S\u2019ha aprovat per unanimitat<\/strong> amb els vots a favor del PDeCAT (4), ERC (4) i la regidora no adscrita Maguy Antol\u00edn (1).<\/span><\/p>\n<p><span style=\"color: #000000;\"><strong>2.-Sol\u00b7licitud per a la modificaci\u00f3 de la tarifa d\u2019aigua del servei p\u00fablic d\u2019abastament d\u2019aigua potable.<\/strong><\/span><\/p>\n<p><span style=\"color: #000000;\"><strong>S\u2019aprova per unanimitat<\/strong> <strong>desestimar la sol\u00b7licitud de FCC-Aqualia, SA,<\/strong> amb els vots a favor del PDeCAT (4), ERC (4) i la regidora no adscrita Maguy Antol\u00edn (1).<\/span><\/p>\n<p><span style=\"color: #000000;\">En aquest punt s\u2019ha donat compte de l\u2019informe d\u2019intervenci\u00f3 desfavorable a la proposta de l\u2019empresa concession\u00e0ria FCC \u2013 AQUALIA SA, mitjan\u00e7ant la qual sol\u00b7licitava una modificaci\u00f3 de la tarifa de l\u2019aigua del servei p\u00fablic d\u2019abastament d\u2019aigua potable del municipi de la Bisbal del Pened\u00e8s. S\u2019ha votat la no acceptaci\u00f3 de la sol\u00b7licitud de modificaci\u00f3 de tarifes i donar compte d\u2019aquest acord a la Comissi\u00f3 de Preus.<\/span><\/p>\n<p><span style=\"color: #000000;\">Aqualia proposava modificar la tarifa del 1r tram de consum (de 0 a 20m3). Actualment \u00e9s de 0,335 i es proposava 0,37, que \u00e9s un increment del 9,45%. Tamb\u00e9 proposava augmentar les quotes fixes: passar de 14,66\u20ac a 16\u20ac la quota de servei (import bimensual) i passar de 8,40\u20ac a 10\u20ac la quota de conservaci\u00f3 d\u2019infraestructures (import bimensual).<\/span><\/p>\n<p><span style=\"color: #000000;\">El passat 27 de febrer de 2019, l\u2019empresa concession\u00e0ria FCC-AQUALIA, SA, va presentar una sol\u00b7licitud per a la modificaci\u00f3 de la tarifa de l\u2019aigua del servei p\u00fablic d\u2019abastament d\u2019aigua potable del municipi de la Bisbal del Pened\u00e8s. Segons la normativa, l\u2019Ajuntament ha d\u2019aprovar un informe motivat sobre aquesta sol\u00b7licitud en el termini de 30 dies a comptar des de l\u2019endem\u00e0 de la presentaci\u00f3 de la sol\u00b7licitud. El termini finalitzava el 29 de mar\u00e7 per\u00f2, el 26 de mar\u00e7 de 2019, l\u2019Ajuntament de la Bisbal del Pened\u00e8s va sol\u00b7licitar a l\u2019empresa concession\u00e0ria la presentaci\u00f3 de la documentaci\u00f3 justificativa. L\u2019empresa concession\u00e0ria va rebre la notificaci\u00f3 el 27 de mar\u00e7 de 2019, fet pel qual se suspenia el termini de tramitaci\u00f3. A partir d\u2019aquesta data, l\u2019empresa concession\u00e0ria tenia un mes per presentar la documentaci\u00f3 justificativa (fins al 27 d\u2019abril de 2019). L\u2019Ajuntament de la Bisbal del Pened\u00e8s no ha rebut la documentaci\u00f3 sol\u00b7licitada per\u00f2 el Ple s\u2019ha hagut de convocar igualment per resoldre i, segons la normativa, es pot fer en els dos dies seg\u00fcents a la finalitzaci\u00f3 del termini. Per aquest motiu s\u2019ha convocat un Ple extraordinari urgent que ha desestimat la sol\u00b7licitud d\u2019apujar els preus de la tarifa del primer tram de consum i de l\u2019augment de dues de les quotes fixes del servei.<\/span><\/p>\n<hr \/>\n<p><a href=\"http:\/\/bisbalpenedes.com\/web\/wp-content\/uploads\/2019\/04\/IMG_7427.jpg\"><img loading=\"lazy\" class=\"aligncenter size-medium wp-image-9443\" src=\"http:\/\/bisbalpenedes.com\/web\/wp-content\/uploads\/2019\/04\/IMG_7427-300x225.jpg\" alt=\"ple extraordinari 29 abril 2019\" width=\"300\" height=\"225\" srcset=\"https:\/\/bisbalpenedes.com\/web\/wp-content\/uploads\/2019\/04\/IMG_7427-300x225.jpg 300w, https:\/\/bisbalpenedes.com\/web\/wp-content\/uploads\/2019\/04\/IMG_7427-600x450.jpg 600w, https:\/\/bisbalpenedes.com\/web\/wp-content\/uploads\/2019\/04\/IMG_7427-768x576.jpg 768w, https:\/\/bisbalpenedes.com\/web\/wp-content\/uploads\/2019\/04\/IMG_7427-1024x768.jpg 1024w\" sizes=\"(max-width: 300px) 100vw, 300px\" \/><\/a><\/p>\n<p><span style=\"color: #000000;\"><strong>CASTELLANO | PLENO EXTRAORDINARIO DEL 29 DE ABRIL DE 2019 A LAS 10H<\/strong><\/span><\/p>\n<p><span style=\"color: #000000;\">Este lunes 29 de abril, a las 10h, ha tenido lugar un Pleno extraordinario en el Ayuntamiento de la Bisbal del Pened\u00e8s. Se ha excusado la ausencia de los concejales Pere Saumoy (PDeCAT) y Juana Reina (ERC) y se han tratado los siguientes puntos:<\/span><\/p>\n<p><span style=\"color: #000000;\"><strong>1.-Expediente 577\/2019. Sorteo de los miembros de las mesas electorales para el 26 de mayo.<\/strong><\/span><\/p>\n<p><span style=\"color: #000000;\"><strong>2.-Expediente 578\/2019. Reconocimiento extrajudicial de cr\u00e9ditos.<\/strong><\/span><\/p>\n<p><span style=\"color: #000000;\"><strong>Se ha aprobado<\/strong> con los votos a favor del PDeCAT (4) y la concejala no adscrita Maguy Antol\u00edn (1); y los votos en contra de ERC (4).<\/span><\/p>\n<p><span style=\"color: #000000;\">En este punto se ha aprobado el gasto y el pago de 5 facturas del 2018 de distintos proveedores que, entre los meses de julio y diciembre del 2018, hicieron llegar facturas al Ayuntamiento, mediante medios electr\u00f3nicos, y no se registraron correctamente por varios motivos, como por ejemplo el env\u00edo de la factura a trav\u00e9s de una plataforma electr\u00f3nica que no utiliza el Ayuntamiento de la Bisbal del Pened\u00e8s o por problemas inform\u00e1ticos. Como las facturas corresponden a un ejercicio anterior, estas se ten\u00edan que aprobar por pleno.<\/span><\/p>\n<p><span style=\"color: #000000;\"><strong>3.-Expediente 339\/2019. Se da cuenta del Decreto de alcald\u00eda de aprobaci\u00f3n del plan presupuestario a medio plazo.<\/strong><\/span><\/p>\n<p><span style=\"color: #000000;\">El plan presupuestario para los a\u00f1os 2020, 2021 y 2022 contiene: el cumplimiento de objetivos de estabilidad presupuestaria, de deuda p\u00fablica y la regla del gasto y las proyecciones de las principales partidas de ingresos y gastos.<\/span><\/p>\n<p><span style=\"color: #000000;\"><strong>4.-Expediente 387\/2019. Informes de estabilidad presupuestaria.<\/strong><\/span><\/p>\n<p><span style=\"color: #000000;\"><strong>Se da cuenta<\/strong> del informe de intervenci\u00f3n del cumplimiento del objetivo de estabilidad presupuestaria, de la regla del gasto y de la deuda p\u00fablica de la modificaci\u00f3n de cr\u00e9dito 2ALC\/2019. Se trata de un informe que se confeccion\u00f3 por parte del departamento de intervenci\u00f3n el 25 de marzo del 2019 y concluye que la modificaci\u00f3n de cr\u00e9dito cumple con la ley org\u00e1nica 2\/2012 de estabilidad presupuestaria y sostenibilidad financiera, ya que:<\/span><\/p>\n<p style=\"padding-left: 30px;\"><span style=\"color: #000000;\">-Cumple con el objetivo de estabilidad presupuestaria para tener capacidad de financiaci\u00f3n.<\/span><\/p>\n<p style=\"padding-left: 30px;\"><span style=\"color: #000000;\">-Cumple el objetivo de la regla del gasto.<\/span><\/p>\n<p style=\"padding-left: 30px;\"><span style=\"color: #000000;\">-Cumple el objetivo del l\u00edmite de deuda p\u00fablica, con una radio de deuda viva de 24,9%.<\/span><\/p>\n<p><span style=\"color: #000000;\"><strong>5.-Expediente 576\/2019. Se da cuenta<\/strong> del periodo medio de pago del 1r trimestre del 2019, que es de 6,38 d\u00edas, cumpliendo as\u00ed la ley org\u00e1nica 2\/2012 de estabilidad financiera.<\/span><\/p>\n<p><span style=\"color: #000000;\">6.-<strong>Se da cuenta de los decretos de alcald\u00eda<\/strong> firmados desde el 12 de marzo hasta el 24 de abril.<\/span><\/p>\n<p>&nbsp;<\/p>\n<hr \/>\n<p><span style=\"color: #000000;\"><strong>PLENO EXTRAORDINARIO DEL 29 DE ABRIL DEL 2019 A LAS 11H.<\/strong><\/span><\/p>\n<p>&nbsp;<\/p>\n<p>&nbsp;<\/p>\n<p>&nbsp;<\/p>\n<p><span style=\"color: #000000;\">Este lunes 29 de abril, en finalizar el Pleno Extraordinario, se ha votado la urgencia de un segundo Pleno Extraordinario, en este caso con car\u00e1cter\u00a0urgente. Como en el anterior, se ha excusado la ausencia de los concejales Pere Saumoy (PDeCAT) y Juana Reina (ERC). Se han tratado los siguientes puntos:<\/span><\/p>\n<p><span style=\"color: #000000;\"><strong>1.-Declarar la urgencia de la sesi\u00f3n y aprobar la convocatoria de la sesi\u00f3n extraordinaria con car\u00e1cter urgente de este pleno.<\/strong><\/span><\/p>\n<p><span style=\"color: #000000;\"><strong>Se ha aprobado por unanimidad<\/strong> con los votos a favor del PDeCAT (4), ERC (4) y la concejala no adscrita Maguy Antol\u00edn (1).<\/span><\/p>\n<p><span style=\"color: #000000;\"><strong>2.-Solicitud para la modificaci\u00f3n de la tarifa de agua del servicio p\u00fablico de abastecimiento de agua potable.<\/strong><\/span><\/p>\n<p><span style=\"color: #000000;\"><strong>Se aprueba por unanimidad desestimar la solicitud de FCC-Aqualia, SA<\/strong>, con los votos a favor del PDeCAT (4), ERC (4) y la concejala no adscrita Maguy Antol\u00edn (1).<\/span><\/p>\n<p><span style=\"color: #000000;\">En este punto se ha dado cuenta del informe de intervenci\u00f3n desfavorable a la propuesta de la empresa concesionaria FCC-AQUALIA SA, mediante la cual solicitaba una modificaci\u00f3n de la tarifa de agua del servicio p\u00fablico de abastecimiento de agua potable del municipio de la Bisbal del Pened\u00e8s. Se ha votado la no aceptaci\u00f3n de la solicitud de modificaci\u00f3n de tarifas y dar cuenta de este acuerdo a la Comisi\u00f3n de Precios.<\/span><\/p>\n<p><span style=\"color: #000000;\">Aqualia propon\u00eda modificar la tarifa del 1er tramo de consumo (de 0 a 20m3). Actualmente es de 0,335 y se propon\u00eda 0,37, que es un incremento del 9.45%. Tambi\u00e9n se propon\u00eda aumentar las cuotas fijas: pasar de 14,66\u20ac a 16\u20ac la cuota de servicio (importe bimensual) y pasar de 8,40\u20ac a 10\u20ac la cuota de conservaci\u00f3n de infraestructuras (importe bimensual).<\/span><\/p>\n<p><span style=\"color: #000000;\">El pasado 27 de febrero de 2019, la empresa concesionaria FCC-AQUALIA, SA, present\u00f3 una solicitud para la modificaci\u00f3n de la tarifa del agua del servicio p\u00fablico de abastecimiento de agua potable del municipio de la Bisbal del Pened\u00e8s. Seg\u00fan la normativa, el Ayuntamiento debe aprobar un informe motivado sobre esta solicitud en el plazo de 30 d\u00edas a contar desde el d\u00eda siguiente de la presentaci\u00f3n de la solicitud. El plazo finalizaba el 29 de marzo pero, el 26 de marzo del 2019, el Ayuntamiento de la Bisbal del Pened\u00e8s solicit\u00f3 a la empresa concesionaria la presentaci\u00f3n de la documentaci\u00f3n justificativa. La empresa concesionaria recibi\u00f3 la notificaci\u00f3n el 27 de marzo del 2019, hecho por el cual se suspend\u00eda el plazo de tramitaci\u00f3n. A partir de esta fecha, la empresa concesionaria ten\u00eda un mes para presentar la documentaci\u00f3n justificativa (hasta el 27 de abril del 2019). El Ayuntamiento de la Bisbal del Pened\u00e8s no ha recibido la documentaci\u00f3n solicitada pero el Pleno se ha tenido que convocar igualmente para resolver y, seg\u00fan la normativa, se puede hacer en los dos d\u00edas siguientes a la finalizaci\u00f3n del plazo. Por este motivo se ha convocado un Pleno extraordinario urgente que ha desestimado la solicitud de subir los precios de la tarifa del primer tramo de consumo y del aumento de dos de las cuotas fijas del servicio.<\/span><\/p>\n<p>&nbsp;<\/p>\n<p style=\"text-align: center;\"><iframe loading=\"lazy\" src=\"https:\/\/www.youtube.com\/embed\/fMlUP7f1P5M\" width=\"560\" height=\"315\" frameborder=\"0\" allowfullscreen=\"allowfullscreen\"><\/iframe><\/p>\n<p style=\"text-align: center;\"><iframe loading=\"lazy\" src=\"https:\/\/www.youtube.com\/embed\/IwNdyUUdaKs\" width=\"560\" height=\"315\" frameborder=\"0\" allowfullscreen=\"allowfullscreen\"><\/iframe><\/p>\n","protected":false},"excerpt":{"rendered":"<p>PLE EXTRAORDINARI DE 29 D\u2019ABRIL DE 2019 A LES 10H Aquest dilluns 29 d\u2019abril, a les 10h, ha tingut lloc un Ple extraordinari a l\u2019Ajuntament de la Bisbal del Pened\u00e8s. &hellip; <a href=\"https:\/\/bisbalpenedes.com\/web\/2019\/04\/29\/aquest-dilluns-29-dabril-han-tingut-lloc-dos-plens-extraordinaris-a-lajuntament-de-la-bisbal-del-penedes\/\" class=\"more-link\">Read More<\/a><\/p>\n","protected":false},"author":4,"featured_media":9443,"comment_status":"closed","ping_status":"closed","sticky":false,"template":"","format":"standard","meta":[],"categories":[2250],"tags":[649,2971,2958,2959,423,2972,2973,1127],"_links":{"self":[{"href":"https:\/\/bisbalpenedes.com\/web\/wp-json\/wp\/v2\/posts\/9442"}],"collection":[{"href":"https:\/\/bisbalpenedes.com\/web\/wp-json\/wp\/v2\/posts"}],"about":[{"href":"https:\/\/bisbalpenedes.com\/web\/wp-json\/wp\/v2\/types\/post"}],"author":[{"embeddable":true,"href":"https:\/\/bisbalpenedes.com\/web\/wp-json\/wp\/v2\/users\/4"}],"replies":[{"embeddable":true,"href":"https:\/\/bisbalpenedes.com\/web\/wp-json\/wp\/v2\/comments?post=9442"}],"version-history":[{"count":7,"href":"https:\/\/bisbalpenedes.com\/web\/wp-json\/wp\/v2\/posts\/9442\/revisions"}],"predecessor-version":[{"id":9844,"href":"https:\/\/bisbalpenedes.com\/web\/wp-json\/wp\/v2\/posts\/9442\/revisions\/9844"}],"wp:featuredmedia":[{"embeddable":true,"href":"https:\/\/bisbalpenedes.com\/web\/wp-json\/wp\/v2\/media\/9443"}],"wp:attachment":[{"href":"https:\/\/bisbalpenedes.com\/web\/wp-json\/wp\/v2\/media?parent=9442"}],"wp:term":[{"taxonomy":"category","embeddable":true,"href":"https:\/\/bisbalpenedes.com\/web\/wp-json\/wp\/v2\/categories?post=9442"},{"taxonomy":"post_tag","embeddable":true,"href":"https:\/\/bisbalpenedes.com\/web\/wp-json\/wp\/v2\/tags?post=9442"}],"curies":[{"name":"wp","href":"https:\/\/api.w.org\/{rel}","templated":true}]}}