{"id":9439,"date":"2019-04-29T18:18:23","date_gmt":"2019-04-29T17:18:23","guid":{"rendered":"http:\/\/bisbalpenedes.com\/web\/?p=9439"},"modified":"2019-04-29T18:18:23","modified_gmt":"2019-04-29T17:18:23","slug":"lassociacio-de-la-gent-gran-ha-organitzat-una-sortida-a-mont-roig-del-camp-i-al-centre-gaudi-de-reus","status":"publish","type":"post","link":"https:\/\/bisbalpenedes.com\/web\/2019\/04\/29\/lassociacio-de-la-gent-gran-ha-organitzat-una-sortida-a-mont-roig-del-camp-i-al-centre-gaudi-de-reus\/","title":{"rendered":"L&#8217;Associaci\u00f3 de la Gent Gran ha organitzat una sortida a Mont-roig del Camp i al Centre Gaud\u00ed de Reus"},"content":{"rendered":"<p style=\"text-align: justify;\"><span style=\"color: #000000;\">L&#8217;Associaci\u00f3 de la Gent Gran de la Bisbal del Penedes ha organitzat una sortida a Mont-roig del Camp i al Centre Gaud\u00ed de Reus. Tindr\u00e0 lloc el dimecres 15 de maig i es poden reservar places fins al 13 de maig. Per a m\u00e9s informaci\u00f3 cal que us adreceu al Rac\u00f3 de la Gent Gran o al tel\u00e8fon 977688438 ext. 222.<\/span><\/p>\n<hr \/>\n<p style=\"text-align: justify;\"><span style=\"color: #000000;\"><strong>CASTELLANO |<\/strong> La Associaci\u00f3 de la Gent Gran de la Bisbal del Pened\u00e8s ha organizado una salida a Mont-roig del Camp y al Centre Gaud\u00ed de Reus. Tendr\u00e1 lugar el mi\u00e9rcoles 15 de mayo y se pueden reservar plazas hasta el 13 de mayo. Para m\u00e1s informaci\u00f3n os pod\u00e9is dirigir al Rac\u00f3 de la Gent Gran o al tel\u00e9fono 977688438 ext. 222.<\/span><\/p>\n<p style=\"text-align: justify;\"><a href=\"http:\/\/bisbalpenedes.com\/web\/wp-content\/uploads\/2019\/04\/excursio-montroig-gaudi-reus.jpg\"><img loading=\"lazy\" class=\"aligncenter size-large wp-image-9440\" src=\"http:\/\/bisbalpenedes.com\/web\/wp-content\/uploads\/2019\/04\/excursio-montroig-gaudi-reus-724x1024.jpg\" alt=\"excursio-montroig-gaudi-reus\" width=\"630\" height=\"891\" srcset=\"https:\/\/bisbalpenedes.com\/web\/wp-content\/uploads\/2019\/04\/excursio-montroig-gaudi-reus-724x1024.jpg 724w, https:\/\/bisbalpenedes.com\/web\/wp-content\/uploads\/2019\/04\/excursio-montroig-gaudi-reus-600x848.jpg 600w, https:\/\/bisbalpenedes.com\/web\/wp-content\/uploads\/2019\/04\/excursio-montroig-gaudi-reus-212x300.jpg 212w, https:\/\/bisbalpenedes.com\/web\/wp-content\/uploads\/2019\/04\/excursio-montroig-gaudi-reus-768x1086.jpg 768w, https:\/\/bisbalpenedes.com\/web\/wp-content\/uploads\/2019\/04\/excursio-montroig-gaudi-reus.jpg 827w\" sizes=\"(max-width: 630px) 100vw, 630px\" \/><\/a><\/p>\n","protected":false},"excerpt":{"rendered":"<p>L&#8217;Associaci\u00f3 de la Gent Gran de la Bisbal del Penedes ha organitzat una sortida a Mont-roig del Camp i al Centre Gaud\u00ed de Reus. Tindr\u00e0 lloc el dimecres 15 de &hellip; <a href=\"https:\/\/bisbalpenedes.com\/web\/2019\/04\/29\/lassociacio-de-la-gent-gran-ha-organitzat-una-sortida-a-mont-roig-del-camp-i-al-centre-gaudi-de-reus\/\" class=\"more-link\">Read More<\/a><\/p>\n","protected":false},"author":4,"featured_media":9440,"comment_status":"closed","ping_status":"closed","sticky":false,"template":"","format":"standard","meta":[],"categories":[20,464],"tags":[2970,565,305,2968,2969,175],"_links":{"self":[{"href":"https:\/\/bisbalpenedes.com\/web\/wp-json\/wp\/v2\/posts\/9439"}],"collection":[{"href":"https:\/\/bisbalpenedes.com\/web\/wp-json\/wp\/v2\/posts"}],"about":[{"href":"https:\/\/bisbalpenedes.com\/web\/wp-json\/wp\/v2\/types\/post"}],"author":[{"embeddable":true,"href":"https:\/\/bisbalpenedes.com\/web\/wp-json\/wp\/v2\/users\/4"}],"replies":[{"embeddable":true,"href":"https:\/\/bisbalpenedes.com\/web\/wp-json\/wp\/v2\/comments?post=9439"}],"version-history":[{"count":1,"href":"https:\/\/bisbalpenedes.com\/web\/wp-json\/wp\/v2\/posts\/9439\/revisions"}],"predecessor-version":[{"id":9441,"href":"https:\/\/bisbalpenedes.com\/web\/wp-json\/wp\/v2\/posts\/9439\/revisions\/9441"}],"wp:featuredmedia":[{"embeddable":true,"href":"https:\/\/bisbalpenedes.com\/web\/wp-json\/wp\/v2\/media\/9440"}],"wp:attachment":[{"href":"https:\/\/bisbalpenedes.com\/web\/wp-json\/wp\/v2\/media?parent=9439"}],"wp:term":[{"taxonomy":"category","embeddable":true,"href":"https:\/\/bisbalpenedes.com\/web\/wp-json\/wp\/v2\/categories?post=9439"},{"taxonomy":"post_tag","embeddable":true,"href":"https:\/\/bisbalpenedes.com\/web\/wp-json\/wp\/v2\/tags?post=9439"}],"curies":[{"name":"wp","href":"https:\/\/api.w.org\/{rel}","templated":true}]}}