{"id":9436,"date":"2019-04-29T17:55:08","date_gmt":"2019-04-29T16:55:08","guid":{"rendered":"http:\/\/bisbalpenedes.com\/web\/?p=9436"},"modified":"2019-04-29T17:55:08","modified_gmt":"2019-04-29T16:55:08","slug":"el-dissabte-4-de-maig-tindra-lloc-la-jornada-de-portes-obertes-de-la-llar-dinfants-loreneta","status":"publish","type":"post","link":"https:\/\/bisbalpenedes.com\/web\/2019\/04\/29\/el-dissabte-4-de-maig-tindra-lloc-la-jornada-de-portes-obertes-de-la-llar-dinfants-loreneta\/","title":{"rendered":"El dissabte 4 de maig tindr\u00e0 lloc la jornada de portes obertes de la Llar d&#8217;Infants l&#8217;Oreneta"},"content":{"rendered":"<p style=\"text-align: justify;\"><a href=\"http:\/\/bisbalpenedes.com\/web\/wp-content\/uploads\/2019\/04\/llar_infants_2019_20c.jpg\"><img loading=\"lazy\" class=\"aligncenter size-large wp-image-9437\" src=\"http:\/\/bisbalpenedes.com\/web\/wp-content\/uploads\/2019\/04\/llar_infants_2019_20c-1024x758.jpg\" alt=\"llar_infants_2019_20c\" width=\"630\" height=\"466\" srcset=\"https:\/\/bisbalpenedes.com\/web\/wp-content\/uploads\/2019\/04\/llar_infants_2019_20c-1024x758.jpg 1024w, https:\/\/bisbalpenedes.com\/web\/wp-content\/uploads\/2019\/04\/llar_infants_2019_20c-600x444.jpg 600w, https:\/\/bisbalpenedes.com\/web\/wp-content\/uploads\/2019\/04\/llar_infants_2019_20c-300x222.jpg 300w, https:\/\/bisbalpenedes.com\/web\/wp-content\/uploads\/2019\/04\/llar_infants_2019_20c-768x568.jpg 768w\" sizes=\"(max-width: 630px) 100vw, 630px\" \/><\/a><\/p>\n<p style=\"text-align: justify;\"><span style=\"color: #000000;\">La Regidoria d&#8217;Educaci\u00f3 informa que la Llar d&#8217;Infants l&#8217;Oreneta dur\u00e0 a terme una jornada de portes obertes, pr\u00e8via al per\u00edode de preinscripcions, el proper dissabte 4 de maig de 10:30h a 12:30h.\u00a0<\/span><\/p>\n<p style=\"text-align: justify;\"><span style=\"color: #000000;\">El per\u00edode de preinscripcions tindr\u00e0 lloc entre el 13 i el 24 de maig.<\/span><\/p>\n<hr \/>\n<p style=\"text-align: justify;\"><span style=\"color: #000000;\"><strong>CASTELLANO |<\/strong> La Concejal\u00eda de Educaci\u00f3n informa que la Llar d&#8217;Infants l&#8217;Oreneta llevar\u00e1 a cabo una jornada de puertas abiertas, previa al periodo de preinscripciones, el pr\u00f3ximo s\u00e1bado 4 de mayo de 10:30h a 12:30h.<\/span><\/p>\n<p style=\"text-align: justify;\"><span style=\"color: #000000;\">El periodo de preinscripciones tendr\u00e1 lugar entre el 13 y el 24 de mayo.<\/span><\/p>\n<p style=\"text-align: justify;\">\n","protected":false},"excerpt":{"rendered":"<p>La Regidoria d&#8217;Educaci\u00f3 informa que la Llar d&#8217;Infants l&#8217;Oreneta dur\u00e0 a terme una jornada de portes obertes, pr\u00e8via al per\u00edode de preinscripcions, el proper dissabte 4 de maig de 10:30h &hellip; <a href=\"https:\/\/bisbalpenedes.com\/web\/2019\/04\/29\/el-dissabte-4-de-maig-tindra-lloc-la-jornada-de-portes-obertes-de-la-llar-dinfants-loreneta\/\" class=\"more-link\">Read More<\/a><\/p>\n","protected":false},"author":4,"featured_media":9437,"comment_status":"closed","ping_status":"closed","sticky":false,"template":"","format":"standard","meta":[],"categories":[2397],"tags":[181,272,1833,1540,2967],"_links":{"self":[{"href":"https:\/\/bisbalpenedes.com\/web\/wp-json\/wp\/v2\/posts\/9436"}],"collection":[{"href":"https:\/\/bisbalpenedes.com\/web\/wp-json\/wp\/v2\/posts"}],"about":[{"href":"https:\/\/bisbalpenedes.com\/web\/wp-json\/wp\/v2\/types\/post"}],"author":[{"embeddable":true,"href":"https:\/\/bisbalpenedes.com\/web\/wp-json\/wp\/v2\/users\/4"}],"replies":[{"embeddable":true,"href":"https:\/\/bisbalpenedes.com\/web\/wp-json\/wp\/v2\/comments?post=9436"}],"version-history":[{"count":1,"href":"https:\/\/bisbalpenedes.com\/web\/wp-json\/wp\/v2\/posts\/9436\/revisions"}],"predecessor-version":[{"id":9438,"href":"https:\/\/bisbalpenedes.com\/web\/wp-json\/wp\/v2\/posts\/9436\/revisions\/9438"}],"wp:featuredmedia":[{"embeddable":true,"href":"https:\/\/bisbalpenedes.com\/web\/wp-json\/wp\/v2\/media\/9437"}],"wp:attachment":[{"href":"https:\/\/bisbalpenedes.com\/web\/wp-json\/wp\/v2\/media?parent=9436"}],"wp:term":[{"taxonomy":"category","embeddable":true,"href":"https:\/\/bisbalpenedes.com\/web\/wp-json\/wp\/v2\/categories?post=9436"},{"taxonomy":"post_tag","embeddable":true,"href":"https:\/\/bisbalpenedes.com\/web\/wp-json\/wp\/v2\/tags?post=9436"}],"curies":[{"name":"wp","href":"https:\/\/api.w.org\/{rel}","templated":true}]}}