{"id":9422,"date":"2019-04-29T13:18:29","date_gmt":"2019-04-29T12:18:29","guid":{"rendered":"http:\/\/bisbalpenedes.com\/web\/?p=9422"},"modified":"2019-04-29T13:55:20","modified_gmt":"2019-04-29T12:55:20","slug":"resultats-de-les-eleccions-de-28-dabril-de-2019","status":"publish","type":"post","link":"https:\/\/bisbalpenedes.com\/web\/2019\/04\/29\/resultats-de-les-eleccions-de-28-dabril-de-2019\/","title":{"rendered":"2.007 bisbalencs han votat a les eleccions al Congr\u00e9s dels Diputats aquest diumenge 28 d&#8217;abril de 2019"},"content":{"rendered":"<p><span style=\"color: #000000;\">2.007 bisbalencs han votat, aquest diumenge 28 d&#8217;abril de 2019, a les Eleccions\u00a0a les Corts Generals per escollir els representants del Congr\u00e9s i el Senat. Les eleccions han comptat amb un 72,56% de participaci\u00f3, el que suposa un increment d&#8217;un 10,84% de la participaci\u00f3 vers l&#8217;any 2016 (61,72% de participaci\u00f3).\u00a0Amb el 100% de l&#8217;escrutini fet p\u00fablic, els resultats de la Bisbal al Congr\u00e9s han estat els seg\u00fcents:<\/span><\/p>\n<p><span style=\"color: #808080;\">2007 bisbalencs han votado, este domingo 28 de abril del 2019, en las Elecciones a las Cortes Generales para escoger los representantes del Congreso y el Senado. Las elecciones han contado con un 72,56% de participaci\u00f3n, lo que supone un incremento de un 10,84% de la participaci\u00f3n en comparaci\u00f3n con el a\u00f1o 2016 (61,72% de participaci\u00f3n). Con el 100% del escrutinio hecho p\u00fablico, los resultados de la Bisbal en el Congreso han sido los siguientes:<\/span><\/p>\n<table>\n<tbody>\n<tr>\n<td colspan=\"3\" width=\"566\"><span style=\"color: #000000;\"><strong>Eleccions Generals 2019 \u2013 Elecciones Generales 2019 \u2013 Congr\u00e9s\/Congreso<\/strong><\/span><\/td>\n<\/tr>\n<tr>\n<td colspan=\"3\" width=\"566\"><span style=\"color: #000000;\"><strong>Vots per partits a la Bisbal del Pened\u00e8s\/Votos por partidos en la Bisbal Del Pened\u00e8s<\/strong><\/span><\/td>\n<\/tr>\n<tr>\n<td width=\"189\"><span style=\"color: #000000;\"><strong>Partit\/Partido<\/strong><\/span><\/td>\n<td width=\"189\"><span style=\"color: #000000;\"><strong>Vots\/Votos<\/strong><\/span><\/td>\n<td width=\"189\"><span style=\"color: #000000;\"><strong>%<\/strong><\/span><\/td>\n<\/tr>\n<tr>\n<td width=\"189\"><span style=\"color: #000000;\">PSC<\/span><\/td>\n<td width=\"189\"><span style=\"color: #000000;\">448<\/span><\/td>\n<td width=\"189\"><span style=\"color: #000000;\">22,54%<\/span><\/td>\n<\/tr>\n<tr>\n<td width=\"189\"><span style=\"color: #000000;\">ERC-SOBIRANISTES<\/span><\/td>\n<td width=\"189\"><span style=\"color: #000000;\">426<\/span><\/td>\n<td width=\"189\"><span style=\"color: #000000;\">21,43%<\/span><\/td>\n<\/tr>\n<tr>\n<td width=\"189\"><span style=\"color: #000000;\">ECP-GUANYEM EL CANVI<\/span><\/td>\n<td width=\"189\"><span style=\"color: #000000;\">323<\/span><\/td>\n<td width=\"189\"><span style=\"color: #000000;\">16,25%<\/span><\/td>\n<\/tr>\n<tr>\n<td width=\"189\"><span style=\"color: #000000;\">JxCAT-JUNTS<\/span><\/td>\n<td width=\"189\"><span style=\"color: #000000;\">285<\/span><\/td>\n<td width=\"189\"><span style=\"color: #000000;\">14,34%<\/span><\/td>\n<\/tr>\n<tr>\n<td width=\"189\"><span style=\"color: #000000;\">Cs<\/span><\/td>\n<td width=\"189\"><span style=\"color: #000000;\">229<\/span><\/td>\n<td width=\"189\"><span style=\"color: #000000;\">11,52%<\/span><\/td>\n<\/tr>\n<tr>\n<td width=\"189\"><span style=\"color: #000000;\">VOX<\/span><\/td>\n<td width=\"189\"><span style=\"color: #000000;\">96<\/span><\/td>\n<td width=\"189\"><span style=\"color: #000000;\">4,83%<\/span><\/td>\n<\/tr>\n<tr>\n<td width=\"189\"><span style=\"color: #000000;\">PP<\/span><\/td>\n<td width=\"189\"><span style=\"color: #000000;\">63<\/span><\/td>\n<td width=\"189\"><span style=\"color: #000000;\">3,17%<\/span><\/td>\n<\/tr>\n<tr>\n<td width=\"189\"><span style=\"color: #000000;\">PACMA<\/span><\/td>\n<td width=\"189\"><span style=\"color: #000000;\">59<\/span><\/td>\n<td width=\"189\"><span style=\"color: #000000;\">2,97%<\/span><\/td>\n<\/tr>\n<tr>\n<td width=\"189\"><span style=\"color: #000000;\">FRONT REPUBLIC\u00c0<\/span><\/td>\n<td width=\"189\"><span style=\"color: #000000;\">46<\/span><\/td>\n<td width=\"189\"><span style=\"color: #000000;\">2,31%<\/span><\/td>\n<\/tr>\n<tr>\n<td width=\"189\"><span style=\"color: #000000;\">RECORTES CERO-GV<\/span><\/td>\n<td width=\"189\"><span style=\"color: #000000;\">2<\/span><\/td>\n<td width=\"189\"><span style=\"color: #000000;\">0,10%<\/span><\/td>\n<\/tr>\n<tr>\n<td width=\"189\"><span style=\"color: #000000;\">CNV<\/span><\/td>\n<td width=\"189\"><span style=\"color: #000000;\">2<\/span><\/td>\n<td width=\"189\"><span style=\"color: #000000;\">0,10%<\/span><\/td>\n<\/tr>\n<tr>\n<td width=\"189\"><span style=\"color: #000000;\">PCTC<\/span><\/td>\n<td width=\"189\"><span style=\"color: #000000;\">1<\/span><\/td>\n<td width=\"189\"><span style=\"color: #000000;\">0,05%<\/span><\/td>\n<\/tr>\n<tr>\n<td width=\"189\"><span style=\"color: #000000;\">PUM+J<\/span><\/td>\n<td width=\"189\"><span style=\"color: #000000;\">1<\/span><\/td>\n<td width=\"189\"><span style=\"color: #000000;\">0,05%<\/span><\/td>\n<\/tr>\n<tr>\n<td width=\"189\"><span style=\"color: #000000;\">IZQP<\/span><\/td>\n<td width=\"189\"><span style=\"color: #000000;\">0<\/span><\/td>\n<td width=\"189\"><span style=\"color: #000000;\">0,00%<\/span><\/td>\n<\/tr>\n<tr>\n<td width=\"189\"><span style=\"color: #000000;\">PCPC<\/span><\/td>\n<td width=\"189\"><span style=\"color: #000000;\">0<\/span><\/td>\n<td width=\"189\"><span style=\"color: #000000;\">0,00%<\/span><\/td>\n<\/tr>\n<\/tbody>\n<\/table>\n<p><span style=\"color: #000000;\">Vots nuls\/votos nulos: 19<\/span><\/p>\n<p><span style=\"color: #000000;\">Vots en blanc\/votos en blanco: 7<\/span><\/p>\n<hr \/>\n<p><span style=\"color: #000000;\">Quant a les eleccions al Senat, han votat 1980 bisbalencs. Podeu consultar els resultats aqu\u00ed (dades provisionals):\u00a0<\/span><a href=\"https:\/\/resultados.eleccionesgenerales19.es\/Senado\/Total-nacional\/Cataluna\/Tarragona\/La-Bisbal-del-Penedes\/3701\/es\" target=\"_blank\">https:\/\/resultados.eleccionesgenerales19.es\/Senado\/Total-nacional\/Cataluna\/Tarragona\/La-Bisbal-del-Penedes\/3701\/es<\/a><\/p>\n<p><span style=\"color: #000000;\">Podeu consultar totes les dades sobre les Eleccions Generals a l&#8217;enlla\u00e7<\/span>\u00a0<a href=\"https:\/\/resultados.eleccionesgenerales19.es\/Congreso\/Total-nacional\/Cataluna\/Tarragona\/La-Bisbal-del-Penedes\/3700\/es\" target=\"_blank\">Ministerio del Interior<\/a><\/p>\n<hr \/>\n<p><span style=\"color: #999999;\">En cuanto a las elecciones al Senado, han votado 1980 bisbalencs. pod\u00e9is consultar los resultados aqu\u00ed (datos provisionales):\u00a0<\/span><a href=\"https:\/\/resultados.eleccionesgenerales19.es\/Senado\/Total-nacional\/Cataluna\/Tarragona\/La-Bisbal-del-Penedes\/3701\/es\" target=\"_blank\">https:\/\/resultados.eleccionesgenerales19.es\/Senado\/Total-nacional\/Cataluna\/Tarragona\/La-Bisbal-del-Penedes\/3701\/es<\/a><\/p>\n<p>Pod\u00e9is consultar todos los datos sobre las Elecciones Generales en el enlace\u00a0<a style=\"color: #808080;\" href=\"https:\/\/resultados.eleccionesgenerales19.es\/Congreso\/Total-nacional\/Cataluna\/Tarragona\/La-Bisbal-del-Penedes\/3700\/es\" target=\"_blank\">Ministerio del Interior<\/a><\/p>\n","protected":false},"excerpt":{"rendered":"<p>2.007 bisbalencs han votat, aquest diumenge 28 d&#8217;abril de 2019, a les Eleccions\u00a0a les Corts Generals per escollir els representants del Congr\u00e9s i el Senat. Les eleccions han comptat amb &hellip; <a href=\"https:\/\/bisbalpenedes.com\/web\/2019\/04\/29\/resultats-de-les-eleccions-de-28-dabril-de-2019\/\" class=\"more-link\">Read More<\/a><\/p>\n","protected":false},"author":4,"featured_media":2174,"comment_status":"closed","ping_status":"closed","sticky":false,"template":"","format":"standard","meta":[],"categories":[4],"tags":[2965,2966,2963,393,2964],"_links":{"self":[{"href":"https:\/\/bisbalpenedes.com\/web\/wp-json\/wp\/v2\/posts\/9422"}],"collection":[{"href":"https:\/\/bisbalpenedes.com\/web\/wp-json\/wp\/v2\/posts"}],"about":[{"href":"https:\/\/bisbalpenedes.com\/web\/wp-json\/wp\/v2\/types\/post"}],"author":[{"embeddable":true,"href":"https:\/\/bisbalpenedes.com\/web\/wp-json\/wp\/v2\/users\/4"}],"replies":[{"embeddable":true,"href":"https:\/\/bisbalpenedes.com\/web\/wp-json\/wp\/v2\/comments?post=9422"}],"version-history":[{"count":11,"href":"https:\/\/bisbalpenedes.com\/web\/wp-json\/wp\/v2\/posts\/9422\/revisions"}],"predecessor-version":[{"id":9433,"href":"https:\/\/bisbalpenedes.com\/web\/wp-json\/wp\/v2\/posts\/9422\/revisions\/9433"}],"wp:featuredmedia":[{"embeddable":true,"href":"https:\/\/bisbalpenedes.com\/web\/wp-json\/wp\/v2\/media\/2174"}],"wp:attachment":[{"href":"https:\/\/bisbalpenedes.com\/web\/wp-json\/wp\/v2\/media?parent=9422"}],"wp:term":[{"taxonomy":"category","embeddable":true,"href":"https:\/\/bisbalpenedes.com\/web\/wp-json\/wp\/v2\/categories?post=9422"},{"taxonomy":"post_tag","embeddable":true,"href":"https:\/\/bisbalpenedes.com\/web\/wp-json\/wp\/v2\/tags?post=9422"}],"curies":[{"name":"wp","href":"https:\/\/api.w.org\/{rel}","templated":true}]}}