{"id":9402,"date":"2019-04-25T11:09:30","date_gmt":"2019-04-25T10:09:30","guid":{"rendered":"http:\/\/bisbalpenedes.com\/web\/?p=9402"},"modified":"2019-04-25T11:09:30","modified_gmt":"2019-04-25T10:09:30","slug":"aquesta-setmana-es-du-a-terme-la-campanya-informativa-sobre-la-recollida-de-materia-organica-a-can-gordei","status":"publish","type":"post","link":"https:\/\/bisbalpenedes.com\/web\/2019\/04\/25\/aquesta-setmana-es-du-a-terme-la-campanya-informativa-sobre-la-recollida-de-materia-organica-a-can-gordei\/","title":{"rendered":"Aquesta setmana es du a terme la campanya informativa sobre la recollida de mat\u00e8ria org\u00e0nica a Can Gordei"},"content":{"rendered":"<p><a href=\"http:\/\/bisbalpenedes.com\/web\/wp-content\/uploads\/2019\/04\/organica-cubell-2019.jpg\"><img loading=\"lazy\" class=\"aligncenter wp-image-9302 size-medium\" src=\"http:\/\/bisbalpenedes.com\/web\/wp-content\/uploads\/2019\/04\/organica-cubell-2019-300x225.jpg\" alt=\"organica cubell 2019\" width=\"300\" height=\"225\" srcset=\"https:\/\/bisbalpenedes.com\/web\/wp-content\/uploads\/2019\/04\/organica-cubell-2019-300x225.jpg 300w, https:\/\/bisbalpenedes.com\/web\/wp-content\/uploads\/2019\/04\/organica-cubell-2019-600x450.jpg 600w, https:\/\/bisbalpenedes.com\/web\/wp-content\/uploads\/2019\/04\/organica-cubell-2019-768x576.jpg 768w, https:\/\/bisbalpenedes.com\/web\/wp-content\/uploads\/2019\/04\/organica-cubell-2019-1024x768.jpg 1024w\" sizes=\"(max-width: 300px) 100vw, 300px\" \/><\/a><\/p>\n<p><span style=\"color: #000000;\">Des d&#8217;aquesta setmana es du a terme la campanya informativa de la recollida de mat\u00e8ria org\u00e0nica, mitjan\u00e7ant el porta a porta, a Can Gordei. El proper dissabte la informadora estar\u00e0, durant el mat\u00ed, al local social de Can Gordei.<\/span><\/p>\n<p><span style=\"color: #000000;\">Per a m\u00e9s informaci\u00f3 sobre la campanya informativa de la implantaci\u00f3 de la recollida de la mat\u00e8ria org\u00e0nica als barris de fora del nucli, podeu entrar a l&#8217;enlla\u00e7:<\/span>\u00a0<a href=\"http:\/\/bisbalpenedes.com\/web\/2019\/04\/15\/aquest-dimarts-comenca-la-campanya-de-la-recollida-de-materia-organica-a-lortigos-i-la-masieta\/\" target=\"_blank\">http:\/\/bisbalpenedes.com\/web\/2019\/04\/15\/aquest-dimarts-comenca-la-campanya-de-la-recollida-de-materia-organica-a-lortigos-i-la-masieta\/<\/a><\/p>\n<div class=\"\" data-block=\"true\" data-editor=\"euont\" data-offset-key=\"5g1o1-0-0\">\n<div class=\"_1mf _1mj\" data-offset-key=\"5g1o1-0-0\">\n<hr \/>\n<\/div>\n<\/div>\n<div class=\"\" data-block=\"true\" data-editor=\"euont\" data-offset-key=\"2ojmf-0-0\"><\/div>\n<div class=\"\" data-block=\"true\" data-editor=\"euont\" data-offset-key=\"985f7-0-0\">\n<div class=\"_1mf _1mj\" data-offset-key=\"985f7-0-0\"><span style=\"color: #000000;\"><strong>CASTELLANO |<\/strong>\u00a0A partir de\u00a0esta semana se lleva a cabo la campa\u00f1a informativa de la recogida de materia org\u00e1nica, mediante el puerta a puerta, en Can Gordei. El pr\u00f3ximo s\u00e1bado la informadora estar\u00e1, durante la ma\u00f1ana, en el local social de\u00a0Can Gordei.<\/span><\/div>\n<div class=\"_1mf _1mj\" data-offset-key=\"985f7-0-0\"><\/div>\n<\/div>\n<div class=\"\" data-block=\"true\" data-editor=\"euont\" data-offset-key=\"bnma8-0-0\">\n<div class=\"_1mf _1mj\" data-offset-key=\"bnma8-0-0\"><span style=\"color: #000000;\">Para m\u00e1s informaci\u00f3n sobre la campa\u00f1a informativa de la implantaci\u00f3n de la recogida de la materia org\u00e1nica en los barrios de fuera del n\u00facleo, pod\u00e9is entrar en el enlace:\u00a0<\/span><a href=\"http:\/\/bisbalpenedes.com\/web\/2019\/04\/15\/aquest-dimarts-comenca-la-campanya-de-la-recollida-de-materia-organica-a-lortigos-i-la-masieta\/\" target=\"_blank\">http:\/\/bisbalpenedes.com\/web\/2019\/04\/15\/aquest-dimarts-comenca-la-campanya-de-la-recollida-de-materia-organica-a-lortigos-i-la-masieta\/<\/a><\/div>\n<\/div>\n<div class=\"\" data-block=\"true\" data-editor=\"euont\" data-offset-key=\"4jus9-0-0\"><\/div>\n","protected":false},"excerpt":{"rendered":"<p>Des d&#8217;aquesta setmana es du a terme la campanya informativa de la recollida de mat\u00e8ria org\u00e0nica, mitjan\u00e7ant el porta a porta, a Can Gordei. El proper dissabte la informadora estar\u00e0, &hellip; <a href=\"https:\/\/bisbalpenedes.com\/web\/2019\/04\/25\/aquesta-setmana-es-du-a-terme-la-campanya-informativa-sobre-la-recollida-de-materia-organica-a-can-gordei\/\" class=\"more-link\">Read More<\/a><\/p>\n","protected":false},"author":4,"featured_media":9303,"comment_status":"closed","ping_status":"closed","sticky":false,"template":"","format":"standard","meta":[],"categories":[32],"tags":[1912,1476,1273,1907,207],"_links":{"self":[{"href":"https:\/\/bisbalpenedes.com\/web\/wp-json\/wp\/v2\/posts\/9402"}],"collection":[{"href":"https:\/\/bisbalpenedes.com\/web\/wp-json\/wp\/v2\/posts"}],"about":[{"href":"https:\/\/bisbalpenedes.com\/web\/wp-json\/wp\/v2\/types\/post"}],"author":[{"embeddable":true,"href":"https:\/\/bisbalpenedes.com\/web\/wp-json\/wp\/v2\/users\/4"}],"replies":[{"embeddable":true,"href":"https:\/\/bisbalpenedes.com\/web\/wp-json\/wp\/v2\/comments?post=9402"}],"version-history":[{"count":3,"href":"https:\/\/bisbalpenedes.com\/web\/wp-json\/wp\/v2\/posts\/9402\/revisions"}],"predecessor-version":[{"id":9405,"href":"https:\/\/bisbalpenedes.com\/web\/wp-json\/wp\/v2\/posts\/9402\/revisions\/9405"}],"wp:featuredmedia":[{"embeddable":true,"href":"https:\/\/bisbalpenedes.com\/web\/wp-json\/wp\/v2\/media\/9303"}],"wp:attachment":[{"href":"https:\/\/bisbalpenedes.com\/web\/wp-json\/wp\/v2\/media?parent=9402"}],"wp:term":[{"taxonomy":"category","embeddable":true,"href":"https:\/\/bisbalpenedes.com\/web\/wp-json\/wp\/v2\/categories?post=9402"},{"taxonomy":"post_tag","embeddable":true,"href":"https:\/\/bisbalpenedes.com\/web\/wp-json\/wp\/v2\/tags?post=9402"}],"curies":[{"name":"wp","href":"https:\/\/api.w.org\/{rel}","templated":true}]}}