{"id":9398,"date":"2019-04-25T10:41:14","date_gmt":"2019-04-25T09:41:14","guid":{"rendered":"http:\/\/bisbalpenedes.com\/web\/?p=9398"},"modified":"2019-04-25T10:46:42","modified_gmt":"2019-04-25T09:46:42","slug":"el-bisbalenc-josep-martinez-guanya-el-iii-open-internacional-de-veterans-costa-daurada-de-tennis-taula","status":"publish","type":"post","link":"https:\/\/bisbalpenedes.com\/web\/2019\/04\/25\/el-bisbalenc-josep-martinez-guanya-el-iii-open-internacional-de-veterans-costa-daurada-de-tennis-taula\/","title":{"rendered":"El bisbalenc Josep Mart\u00ednez guanya el III Open Internacional de Veterans Costa Daurada de tennis taula"},"content":{"rendered":"<p style=\"text-align: justify;\"><a href=\"http:\/\/bisbalpenedes.com\/web\/wp-content\/uploads\/2019\/04\/foto_podi-josep-martinez.jpeg\"><img loading=\"lazy\" class=\"aligncenter size-large wp-image-9399\" src=\"http:\/\/bisbalpenedes.com\/web\/wp-content\/uploads\/2019\/04\/foto_podi-josep-martinez-1024x768.jpeg\" alt=\"foto_podi josep martinez\" width=\"630\" height=\"473\" srcset=\"https:\/\/bisbalpenedes.com\/web\/wp-content\/uploads\/2019\/04\/foto_podi-josep-martinez-1024x768.jpeg 1024w, https:\/\/bisbalpenedes.com\/web\/wp-content\/uploads\/2019\/04\/foto_podi-josep-martinez-600x450.jpeg 600w, https:\/\/bisbalpenedes.com\/web\/wp-content\/uploads\/2019\/04\/foto_podi-josep-martinez-300x225.jpeg 300w, https:\/\/bisbalpenedes.com\/web\/wp-content\/uploads\/2019\/04\/foto_podi-josep-martinez-768x576.jpeg 768w, https:\/\/bisbalpenedes.com\/web\/wp-content\/uploads\/2019\/04\/foto_podi-josep-martinez.jpeg 1600w\" sizes=\"(max-width: 630px) 100vw, 630px\" \/><\/a><\/p>\n<p style=\"text-align: justify;\"><span style=\"color: #000000;\">El bisbalenc Josep Mart\u00ednez es va proclamar campi\u00f3 del <a style=\"color: #000000;\" href=\"http:\/\/vetterans.com\/wp-content\/uploads\/2019\/04\/Vetterans_Valls_2019.pdf\" target=\"_blank\">III Open Internacional de Veterans Costa Daurada<\/a> de tennis taula que es va celebrar a Valls del 19 al 21 d\u2019abril de 2019. Tamb\u00e9 va quedar campi\u00f3 en la categoria Dobles, juntament amb el seu company Francesc Castells. Mart\u00ednez juga amb el Club Tennis Taula Vilafranca. Des de l\u2019Ajuntament de la Bisbal del Pened\u00e8s el felicitem per la nova fita assolida.<\/span><\/p>\n<hr \/>\n<p style=\"text-align: justify;\"><span style=\"color: #000000;\">CASTELLANO | El bisbalenc Josep Mart\u00ednez se proclam\u00f3 campe\u00f3n del <a style=\"color: #000000;\" href=\"http:\/\/vetterans.com\/wp-content\/uploads\/2019\/04\/Vetterans_Valls_2019.pdf\" target=\"_blank\">III Open Internacional de Veteranos Costa Daurada<\/a>\u00a0de tenis de mesa que se celebr\u00f3 en Valls del 19 al 21 de abril del 2019. Tambi\u00e9n qued\u00f3 campe\u00f3n en la categor\u00eda Dobles, juntamente con su compa\u00f1ero Francesc Castells. Mart\u00ednez juega con el Club Tennis Taula Vilafranca. Desde el Ayuntamiento de la Bisbal del Pened\u00e8s lo felicitamos por el nuevo logro que ha conseguido.<\/span><\/p>\n","protected":false},"excerpt":{"rendered":"<p>El bisbalenc Josep Mart\u00ednez es va proclamar campi\u00f3 del III Open Internacional de Veterans Costa Daurada de tennis taula que es va celebrar a Valls del 19 al 21 d\u2019abril &hellip; <a href=\"https:\/\/bisbalpenedes.com\/web\/2019\/04\/25\/el-bisbalenc-josep-martinez-guanya-el-iii-open-internacional-de-veterans-costa-daurada-de-tennis-taula\/\" class=\"more-link\">Read More<\/a><\/p>\n","protected":false},"author":4,"featured_media":9399,"comment_status":"closed","ping_status":"closed","sticky":false,"template":"","format":"standard","meta":[],"categories":[19],"tags":[1959,2962,1962,451],"_links":{"self":[{"href":"https:\/\/bisbalpenedes.com\/web\/wp-json\/wp\/v2\/posts\/9398"}],"collection":[{"href":"https:\/\/bisbalpenedes.com\/web\/wp-json\/wp\/v2\/posts"}],"about":[{"href":"https:\/\/bisbalpenedes.com\/web\/wp-json\/wp\/v2\/types\/post"}],"author":[{"embeddable":true,"href":"https:\/\/bisbalpenedes.com\/web\/wp-json\/wp\/v2\/users\/4"}],"replies":[{"embeddable":true,"href":"https:\/\/bisbalpenedes.com\/web\/wp-json\/wp\/v2\/comments?post=9398"}],"version-history":[{"count":2,"href":"https:\/\/bisbalpenedes.com\/web\/wp-json\/wp\/v2\/posts\/9398\/revisions"}],"predecessor-version":[{"id":9401,"href":"https:\/\/bisbalpenedes.com\/web\/wp-json\/wp\/v2\/posts\/9398\/revisions\/9401"}],"wp:featuredmedia":[{"embeddable":true,"href":"https:\/\/bisbalpenedes.com\/web\/wp-json\/wp\/v2\/media\/9399"}],"wp:attachment":[{"href":"https:\/\/bisbalpenedes.com\/web\/wp-json\/wp\/v2\/media?parent=9398"}],"wp:term":[{"taxonomy":"category","embeddable":true,"href":"https:\/\/bisbalpenedes.com\/web\/wp-json\/wp\/v2\/categories?post=9398"},{"taxonomy":"post_tag","embeddable":true,"href":"https:\/\/bisbalpenedes.com\/web\/wp-json\/wp\/v2\/tags?post=9398"}],"curies":[{"name":"wp","href":"https:\/\/api.w.org\/{rel}","templated":true}]}}