{"id":9396,"date":"2019-04-25T14:00:56","date_gmt":"2019-04-25T13:00:56","guid":{"rendered":"http:\/\/bisbalpenedes.com\/web\/?p=9396"},"modified":"2019-04-25T14:18:39","modified_gmt":"2019-04-25T13:18:39","slug":"lajuntament-de-la-bisbal-del-penedes-ha-formalitzat-la-compra-de-lantiga-fassina-aquest-dijous","status":"publish","type":"post","link":"https:\/\/bisbalpenedes.com\/web\/2019\/04\/25\/lajuntament-de-la-bisbal-del-penedes-ha-formalitzat-la-compra-de-lantiga-fassina-aquest-dijous\/","title":{"rendered":"L\u2019Ajuntament de la Bisbal del Pened\u00e8s ha formalitzat la compra de l\u2019antiga fassina aquest dijous 25 d&#8217;abril"},"content":{"rendered":"<p style=\"text-align: justify;\"><a href=\"http:\/\/bisbalpenedes.com\/web\/wp-content\/uploads\/2019\/04\/signatura-fassina.jpg\"><img loading=\"lazy\" class=\"aligncenter size-medium wp-image-9406\" src=\"http:\/\/bisbalpenedes.com\/web\/wp-content\/uploads\/2019\/04\/signatura-fassina-225x300.jpg\" alt=\"signatura fassina\" width=\"225\" height=\"300\" srcset=\"https:\/\/bisbalpenedes.com\/web\/wp-content\/uploads\/2019\/04\/signatura-fassina-225x300.jpg 225w, https:\/\/bisbalpenedes.com\/web\/wp-content\/uploads\/2019\/04\/signatura-fassina-600x800.jpg 600w, https:\/\/bisbalpenedes.com\/web\/wp-content\/uploads\/2019\/04\/signatura-fassina-768x1024.jpg 768w, https:\/\/bisbalpenedes.com\/web\/wp-content\/uploads\/2019\/04\/signatura-fassina.jpg 1200w\" sizes=\"(max-width: 225px) 100vw, 225px\" \/><\/a><a href=\"http:\/\/bisbalpenedes.com\/web\/wp-content\/uploads\/2018\/09\/LA-FASSINA.jpg\"><br \/>\n<\/a><\/p>\n<p style=\"text-align: justify;\"><span style=\"color: #000000;\">L\u2019Ajuntament de la Bisbal del Pened\u00e8s ha formalitzat, aquest dijous 25 d\u2019abril, la compra de l\u2019antiga fassina perqu\u00e8 pugui ser usada com a magatzem municipal i com a local d\u2019assaig de la Colla Castellera de la Bisbal, Els Bous, a proposta de la Regidoria de Cultura.<\/span><\/p>\n<p style=\"text-align: justify;\"><span style=\"color: #000000;\">L\u2019antiga fassina \u00e9s un edifici de 486 m\u00b2 situat al carrer Barcelona, n\u00fameros 7 i 11-13 que havia estat destinat a la fabricaci\u00f3 de licors destil\u00b7lats i aiguardent. La part de m\u00e9s al\u00e7ada, amb un total de 15 metres, \u00e9s una torre que sobresurt del perfil d\u2019edificacions del nucli urb\u00e0 de la Bisbal i que ja forma part de l\u2019<em>skyline<\/em> del municipi. La voluntat de l\u2019actual equip de govern \u00e9s conservar aquesta torre i, a proposta de la Regidoria de Cultura, destinar-la a la colla castellera local perqu\u00e8 l\u2019entitat hi pugui assajar, mitjan\u00e7ant un conveni amb l\u2019Ajuntament que es redactar\u00e0 en col\u00b7laboraci\u00f3 amb la Colla Castellera els Bous.<\/span><\/p>\n<p style=\"text-align: justify;\"><span style=\"color: #000000;\">La compra de l\u2019antiga fassina s\u2019ha signat aquest dijous, davant notari, per un import de 110.000\u20ac (IVA no incl\u00f2s). Aquest import ser\u00e0 pagat amb el super\u00e0vit de l\u2019any 2017, ja que en el Ple extraordinari del 4 de juny de 2018 i en el Ple ordinari del 18 de juny de 2018 es va aprovar destinar un total de 645.408,24\u20ac de super\u00e0vit lliure a inversions. Entre aquestes, hi havia una partida de 165.000\u20ac destinada a la compra i adequaci\u00f3 d\u2019un espai que permet\u00e9s l\u2019\u00fas per a la brigada i que pogu\u00e9s fer tamb\u00e9 de magatzem municipal. En la Junta de Govern del 28 de setembre de 2018 es va aprovar l\u2019expedient de contractaci\u00f3 per a l\u2019adequaci\u00f3 directa, convocant la seva licitaci\u00f3 i, finalment, aquest dijous 25 d\u2019abril de 2019 s\u2019ha signat la compra de l\u2019immoble davant notari. Segons ha explicat l\u2019alcaldessa de la Bisbal del Pened\u00e8s, Agn\u00e8s Ferr\u00e9, \u201cdespr\u00e9s de formalitzar la compra, els passos seg\u00fcents que s\u2019han de seguir s\u00f3n redactar el projecte d\u2019adequaci\u00f3 de l\u2019espai per a poder-lo utilitzar com a magatzem i local de la brigada municipal i redactar un conveni de col\u00b7laboraci\u00f3, conjuntament amb Els Bous, perqu\u00e8 puguin fer \u00fas d\u2019una part de l\u2019edificaci\u00f3 com a local d\u2019assaig\u201d.<\/span><\/p>\n<p style=\"text-align: justify;\"><a href=\"http:\/\/bisbalpenedes.com\/web\/wp-content\/uploads\/2018\/09\/LA-FASSINA.jpg\"><img loading=\"lazy\" class=\"aligncenter size-large wp-image-7002\" src=\"http:\/\/bisbalpenedes.com\/web\/wp-content\/uploads\/2018\/09\/LA-FASSINA-1024x683.jpg\" alt=\"LA FASSINA\" width=\"630\" height=\"420\" srcset=\"https:\/\/bisbalpenedes.com\/web\/wp-content\/uploads\/2018\/09\/LA-FASSINA-1024x683.jpg 1024w, https:\/\/bisbalpenedes.com\/web\/wp-content\/uploads\/2018\/09\/LA-FASSINA-600x400.jpg 600w, https:\/\/bisbalpenedes.com\/web\/wp-content\/uploads\/2018\/09\/LA-FASSINA-300x200.jpg 300w, https:\/\/bisbalpenedes.com\/web\/wp-content\/uploads\/2018\/09\/LA-FASSINA-768x512.jpg 768w\" sizes=\"(max-width: 630px) 100vw, 630px\" \/><\/a><\/p>\n<hr \/>\n<p style=\"text-align: justify;\"><a href=\"http:\/\/bisbalpenedes.com\/web\/wp-content\/uploads\/2019\/04\/signatura-fassina.jpg\"><img loading=\"lazy\" class=\"aligncenter size-medium wp-image-9406\" src=\"http:\/\/bisbalpenedes.com\/web\/wp-content\/uploads\/2019\/04\/signatura-fassina-225x300.jpg\" alt=\"signatura fassina\" width=\"225\" height=\"300\" srcset=\"https:\/\/bisbalpenedes.com\/web\/wp-content\/uploads\/2019\/04\/signatura-fassina-225x300.jpg 225w, https:\/\/bisbalpenedes.com\/web\/wp-content\/uploads\/2019\/04\/signatura-fassina-600x800.jpg 600w, https:\/\/bisbalpenedes.com\/web\/wp-content\/uploads\/2019\/04\/signatura-fassina-768x1024.jpg 768w, https:\/\/bisbalpenedes.com\/web\/wp-content\/uploads\/2019\/04\/signatura-fassina.jpg 1200w\" sizes=\"(max-width: 225px) 100vw, 225px\" \/><\/a><\/p>\n<p style=\"text-align: justify;\"><span style=\"color: #000000;\"><strong>CASTELLANO |<\/strong> El Ayuntamiento de la Bisbal del Pened\u00e8s ha formalizado, este jueves 25 de abril, la compra de la antigua<em> fassina<\/em> para qu\u00e9 pueda ser usada como almac\u00e9n municipal y como local de ensayo de la Colla Castellera de la Bisbal, Els Bous, a propuesta de la Concejal\u00eda de Cultura.<\/span><\/p>\n<p style=\"text-align: justify;\"><span style=\"color: #000000;\">La antigua <em>fassina<\/em> es un edificio de 486 m\u00b2 situado en la calle Barcelona, n\u00fameros 7 y 11-13 que hab\u00eda sido destinado a la fabricaci\u00f3n de licores destilados y aguardiente. La parte de m\u00e1s altura, con un total de 15 metros, es una torre que sobresale del perfil de edificaciones del n\u00facleo urbano de la Bisbal y que ya forma parte de l\u2019<em>skyline<\/em> del municipio. La voluntad del actual equipo de gobierno es conservar esta torre y, a propuesta de la Concejal\u00eda de Cultura, destinarla a la colla castellera local para que la entidad pueda ensayar all\u00ed, mediante un convenio con el Ayuntamiento que se redactar\u00e1 en colaboraci\u00f3n con la Colla Castellera els Bous.<\/span><\/p>\n<p style=\"text-align: justify;\"><span style=\"color: #000000;\">La compra de la antigua <em>fassina<\/em> se ha firmado este jueves, ante notario, por un importe de 110.000\u20ac (IVA no incluido). Este importe ser\u00e1 pagado con el super\u00e1vit del a\u00f1o 2017, ya que en el Pleno extraordinario del 4 de junio del 2018 y en el Pleno ordinario del 18 de junio del 2018 se aprob\u00f3 destinar un total de 645.408,24\u20ac de super\u00e1vit libre a inversiones. Entre estas, hab\u00eda una partida de 165.000\u20ac destinada a la compra y adecuaci\u00f3n de un espacio que permitiese el uso para la brigada y que pudiese emplearse tambi\u00e9n como almac\u00e9n municipal. En la Junta de Gobierno del 28 de septiembre del 2018 se aprob\u00f3 el expediente de contrataci\u00f3n para la adecuaci\u00f3n directa, convocando su licitaci\u00f3n y, finalmente, este jueves 25 de abril del 209 se ha firmado la compra del inmueble ante notario. Seg\u00fan ha explicado la alcaldesa de la Bisbal del Pened\u00e8s, Agn\u00e8s Ferr\u00e9, \u201cdespu\u00e9s de formalizar la compra, los pasos siguientes que se deben seguir son redactar el proyecto de adecuaci\u00f3n del espacio para poderlo utilizar como almac\u00e9n y local de la brigada municipal y redactar un convenio de colaboraci\u00f3n, conjuntamente con Els Bous, para que puedan hacer uso de una parte de la edificaci\u00f3n como local de ensayo\u201d.<\/span><\/p>\n<p style=\"text-align: justify;\"><a href=\"http:\/\/bisbalpenedes.com\/web\/wp-content\/uploads\/2018\/09\/LA-FASSINA.jpg\"><img loading=\"lazy\" class=\"aligncenter size-large wp-image-7002\" src=\"http:\/\/bisbalpenedes.com\/web\/wp-content\/uploads\/2018\/09\/LA-FASSINA-1024x683.jpg\" alt=\"LA FASSINA\" width=\"630\" height=\"420\" srcset=\"https:\/\/bisbalpenedes.com\/web\/wp-content\/uploads\/2018\/09\/LA-FASSINA-1024x683.jpg 1024w, https:\/\/bisbalpenedes.com\/web\/wp-content\/uploads\/2018\/09\/LA-FASSINA-600x400.jpg 600w, https:\/\/bisbalpenedes.com\/web\/wp-content\/uploads\/2018\/09\/LA-FASSINA-300x200.jpg 300w, https:\/\/bisbalpenedes.com\/web\/wp-content\/uploads\/2018\/09\/LA-FASSINA-768x512.jpg 768w\" sizes=\"(max-width: 630px) 100vw, 630px\" \/><\/a><\/p>\n<p><span style=\"color: #000000;\"><strong>\u00a0<\/strong><\/span><\/p>\n","protected":false},"excerpt":{"rendered":"<p>L\u2019Ajuntament de la Bisbal del Pened\u00e8s ha formalitzat, aquest dijous 25 d\u2019abril, la compra de l\u2019antiga fassina perqu\u00e8 pugui ser usada com a magatzem municipal i com a local d\u2019assaig &hellip; <a href=\"https:\/\/bisbalpenedes.com\/web\/2019\/04\/25\/lajuntament-de-la-bisbal-del-penedes-ha-formalitzat-la-compra-de-lantiga-fassina-aquest-dijous\/\" class=\"more-link\">Read More<\/a><\/p>\n","protected":false},"author":4,"featured_media":7002,"comment_status":"closed","ping_status":"closed","sticky":false,"template":"","format":"standard","meta":[],"categories":[13,15],"tags":[378,2462,668,2318,2317,2960,2961],"_links":{"self":[{"href":"https:\/\/bisbalpenedes.com\/web\/wp-json\/wp\/v2\/posts\/9396"}],"collection":[{"href":"https:\/\/bisbalpenedes.com\/web\/wp-json\/wp\/v2\/posts"}],"about":[{"href":"https:\/\/bisbalpenedes.com\/web\/wp-json\/wp\/v2\/types\/post"}],"author":[{"embeddable":true,"href":"https:\/\/bisbalpenedes.com\/web\/wp-json\/wp\/v2\/users\/4"}],"replies":[{"embeddable":true,"href":"https:\/\/bisbalpenedes.com\/web\/wp-json\/wp\/v2\/comments?post=9396"}],"version-history":[{"count":3,"href":"https:\/\/bisbalpenedes.com\/web\/wp-json\/wp\/v2\/posts\/9396\/revisions"}],"predecessor-version":[{"id":9408,"href":"https:\/\/bisbalpenedes.com\/web\/wp-json\/wp\/v2\/posts\/9396\/revisions\/9408"}],"wp:featuredmedia":[{"embeddable":true,"href":"https:\/\/bisbalpenedes.com\/web\/wp-json\/wp\/v2\/media\/7002"}],"wp:attachment":[{"href":"https:\/\/bisbalpenedes.com\/web\/wp-json\/wp\/v2\/media?parent=9396"}],"wp:term":[{"taxonomy":"category","embeddable":true,"href":"https:\/\/bisbalpenedes.com\/web\/wp-json\/wp\/v2\/categories?post=9396"},{"taxonomy":"post_tag","embeddable":true,"href":"https:\/\/bisbalpenedes.com\/web\/wp-json\/wp\/v2\/tags?post=9396"}],"curies":[{"name":"wp","href":"https:\/\/api.w.org\/{rel}","templated":true}]}}