{"id":9391,"date":"2019-04-24T15:23:58","date_gmt":"2019-04-24T14:23:58","guid":{"rendered":"http:\/\/bisbalpenedes.com\/web\/?p=9391"},"modified":"2019-04-24T15:23:58","modified_gmt":"2019-04-24T14:23:58","slug":"aquest-dimarts-shan-entregat-els-premis-del-concurs-literari-de-la-bisbal-del-penedes","status":"publish","type":"post","link":"https:\/\/bisbalpenedes.com\/web\/2019\/04\/24\/aquest-dimarts-shan-entregat-els-premis-del-concurs-literari-de-la-bisbal-del-penedes\/","title":{"rendered":"Aquest dimarts s&#8217;han entregat els premis del Concurs Literari de la Bisbal del Pened\u00e8s"},"content":{"rendered":"<p>&nbsp;<\/p>\n<p><a href=\"http:\/\/bisbalpenedes.com\/web\/wp-content\/uploads\/2019\/04\/SANT-JORDI-2019-CONCURS-LITERARI-ADULTS.jpg\"><img loading=\"lazy\" class=\"aligncenter size-large wp-image-9392\" src=\"http:\/\/bisbalpenedes.com\/web\/wp-content\/uploads\/2019\/04\/SANT-JORDI-2019-CONCURS-LITERARI-ADULTS-1024x768.jpg\" alt=\"SANT JORDI 2019-CONCURS LITERARI ADULTS\" width=\"630\" height=\"473\" srcset=\"https:\/\/bisbalpenedes.com\/web\/wp-content\/uploads\/2019\/04\/SANT-JORDI-2019-CONCURS-LITERARI-ADULTS-1024x768.jpg 1024w, https:\/\/bisbalpenedes.com\/web\/wp-content\/uploads\/2019\/04\/SANT-JORDI-2019-CONCURS-LITERARI-ADULTS-600x450.jpg 600w, https:\/\/bisbalpenedes.com\/web\/wp-content\/uploads\/2019\/04\/SANT-JORDI-2019-CONCURS-LITERARI-ADULTS-300x225.jpg 300w, https:\/\/bisbalpenedes.com\/web\/wp-content\/uploads\/2019\/04\/SANT-JORDI-2019-CONCURS-LITERARI-ADULTS-768x576.jpg 768w\" sizes=\"(max-width: 630px) 100vw, 630px\" \/><\/a><\/p>\n<p><span style=\"color: #000000;\">Aquest dimarts 23 d\u2019abril ha tingut lloc l\u2019entrega de premis de l\u201911\u00e8 Concurs Literari de Sant Jordi de la Bisbal. Enguany, han pres part del concurs un total de 21 autors i s\u2019hi han presentat un total de 32 obres, gaireb\u00e9 el doble que l\u2019any passat (el 2018 s\u2019hi van presentar 18) provinents de tretze comarques diferents de Catalunya i el Pa\u00eds Valenci\u00e0.<\/span><\/p>\n<p><span style=\"color: #000000;\">Els guanyadors del concurs d\u2019enguany han estat:<\/span><\/p>\n<ul>\n<li><span style=\"color: #000000;\"><strong>1r premi: \u00c0ngels Gimeno amb \u201cHomo hominis lupus\u201d.<\/strong><\/span><\/li>\n<\/ul>\n<p><span style=\"color: #000000;\">El premi consistia en 200 euros, un lot de llibres i un diploma commemoratiu.<\/span><\/p>\n<p><span style=\"color: #000000;\">Segons el jurat, l\u2019obra ha estat mereixedora d\u2019aquest guard\u00f3 \u201cper un enfocament sorprenent, dotant el text d\u2019un punt de vista original, amb una prosa molt acurada i una tendresa exquisida\u201d.<\/span><\/p>\n<ul>\n<li><span style=\"color: #000000;\"><strong>2n premi: Desert.<\/strong><\/span><\/li>\n<\/ul>\n<p><span style=\"color: #000000;\">El premi consistia en 150 euros, un lot de llibres i un diploma commemoratiu.<\/span><\/p>\n<p><span style=\"color: #000000;\">L\u2019autor de l\u2019obra guanyadora d\u2019aquest guard\u00f3 no va assistir a l\u2019entrega de premis ni va nomenar un representant i les bases especifiquen que \u201cel guanyador\/a (o el seu representant) haur\u00e0 d\u2019assistir al lliurament de premis pr\u00e8via confirmaci\u00f3. En cas de no assistir, el premi quedar\u00e0 desert\u201d.<\/span><\/p>\n<ul>\n<li><span style=\"color: #000000;\"><strong>3r premi: Rosalia Guerrero Jord\u00e1n per \u201cRefugio de Papel\u201d.<\/strong><\/span><\/li>\n<\/ul>\n<p><span style=\"color: #000000;\">El premi consistia en 100 euros, un lot de llibres i un diploma commemoratiu.<\/span><\/p>\n<p><span style=\"color: #000000;\">El jurat ha considerat que aquesta obra era mereixedora d\u2019aquest premi \u201cpel caire social i la rellev\u00e0ncia del tema tractat, aix\u00ed com per un \u00fas excels i respectu\u00f3s de la gram\u00e0tica\u201d.<\/span><\/p>\n<ul>\n<li><span style=\"color: #000000;\"><strong>Premi ADB<\/strong> <strong>al treball de tem\u00e0tica Bisbalenca: Carles Castell\u00f3 per \u201cFlor d\u2019octubre\u201d.<\/strong><\/span><\/li>\n<\/ul>\n<p><span style=\"color: #000000;\">El premi consistia en 200 euros, un lot de llibres i un diploma commemoratiu.<\/span><\/p>\n<p><span style=\"color: #000000;\">El jurat ha fet valdre el fet que l\u2019autor \u201cha teixit dues hist\u00f2ries molt ben entrecreuades d\u2019un tema local que trenquen estereotips, amb una varietat estructural i una utilitzaci\u00f3 molt ben trobada del llenguatge col\u00b7loquial\u201d.<\/span><\/p>\n<ul>\n<li><span style=\"color: #000000;\"><strong>Menci\u00f3 especial del jurat per a Marc Casellas pel relat \u201cMem\u00f2ries del passat\u201d.<\/strong><\/span><\/li>\n<\/ul>\n<p><span style=\"color: #000000;\">El premi consisteix en 100 euros i un diploma commemoratiu.<\/span><\/p>\n<p><span style=\"color: #000000;\">El jurat ha decidit de forma un\u00e0nime que l\u2019autor era mereixedor d\u2019aquesta menci\u00f3 especial \u201cper la singularitat de crear un text que m\u00e9s enll\u00e0 de l\u2019excel\u00b7l\u00e8ncia en els aspectes tem\u00e0tics o formals estigui dotat d\u2019una finalitat pr\u00f2pia, la de l\u2019esfor\u00e7 per recuperar la mem\u00f2ria hist\u00f2rica\u201d.<\/span><\/p>\n<p>&nbsp;<\/p>\n<p><span style=\"color: #000000;\">En acabar l\u2019entrega de premis, el p\u00fablic va poder gaudir del mon\u00f2leg \u201cLes 7 pomes\u201d de l\u2019humorista bisbalenc Ferran Aixal\u00e0. Val a dir que, durant el mat\u00ed, es van entregar els premis\u00a0 del Concurs Literari Infantil en el qual han participat els alumnes de l\u2019Escola Ull de Vent de la Bisbal del Pened\u00e8s. Trenta-dos nens i nenes d\u2019entre 3 i 12 anys han estat premiats en l\u2019edici\u00f3 d\u2019enguany i han obtingut un diploma i una bossa amb diversos obsequis.<\/span><\/p>\n<hr \/>\n<p><span style=\"color: #000000;\"><strong>CASTELLANO |<\/strong> Este martes 23 de abril ha tenido lugar la entrega de premios del 11\u00ba Concurso Literario de Sant Jordi de la Bisbal. Este a\u00f1o, han tomado parte del concurso un total de 21 autores y se han presentado un total de 32 obras, casi el doble que el a\u00f1o pasado (en el 2018 se presentaron 18) provenientes de trece comarcas diferentes de Catalunya y el Pa\u00eds Valenci\u00e0.<\/span><\/p>\n<p><span style=\"color: #000000;\">Los ganadores del concurso de este a\u00f1o han sido:<\/span><\/p>\n<ul>\n<li><span style=\"color: #000000;\"><strong>1r premio:\u00a0 \u00c0ngels Gimeno con &#8220;Homo hominis lupus&#8221;.<\/strong><\/span><\/li>\n<\/ul>\n<p><span style=\"color: #000000;\">El premio consist\u00eda en 200 euros, un lote de libros y un diploma conmemorativo.<\/span><\/p>\n<p><span style=\"color: #000000;\">Seg\u00fan el jurado, la obra ha sido merecedora de este galard\u00f3n &#8220;por un enfoque sorprendente, dotando el texto de un punto de vista original, con una prosa muy cuidada y una ternura exquisita&#8221;.<\/span><\/p>\n<ul>\n<li><span style=\"color: #000000;\"><strong>2\u00ba premio: Desierto.<\/strong><\/span><\/li>\n<\/ul>\n<p><span style=\"color: #000000;\">El premio consist\u00eda en 150 euros, un lote de libros y un diploma conmemorativo.<\/span><\/p>\n<p><span style=\"color: #000000;\">El\u00a0 autor de la obra ganadora de este galard\u00f3n no asisti\u00f3 a la entrega de premios ni nombr\u00f3 ning\u00fan representante y las bases especifican que &#8220;el ganador\/a (o su representante) deber\u00e1 asistir a la entrega de premios previa confirmaci\u00f3n. En caso de no asistir, el premio quedar\u00e1 desierto&#8221;.<\/span><\/p>\n<ul>\n<li><span style=\"color: #000000;\"><strong>3er premio: Rosalia Guerrero Jord\u00e1n por &#8220;Refugio de Papel&#8221;.<\/strong><\/span><\/li>\n<\/ul>\n<p><span style=\"color: #000000;\">El premio consist\u00eda en 100 euros, un lote de libros y un diploma conmemorativo.<\/span><\/p>\n<p><span style=\"color: #000000;\">El jurado ha considerado esta obra merecedora de este premio &#8220;por el car\u00e1cter social y la relevancia del tema tratado, as\u00ed como por un uso\u00a0excelente y respetuoso en\u00a0 la gram\u00e1tica&#8221;.<\/span><\/p>\n<ul>\n<li><span style=\"color: #000000;\"><strong>Premio ADB al trabajo de tem\u00e1tica Bisbalenca: Carles Castell\u00f3 por &#8220;Flor d&#8217;octubre&#8221;.<\/strong><\/span><\/li>\n<\/ul>\n<p><span style=\"color: #000000;\">El premio consist\u00eda en 200 euros, un lote de libros y un diploma conmemorativo.<\/span><\/p>\n<p><span style=\"color: #000000;\">El jurado ha hecho valer el hecho que el autor &#8220;ha tejido dos historias muy bien entrecruzadas de un tema local que rompen estereotipos, con una variedad estructural y una utilizaci\u00f3n muy lograda del lenguaje coloquial&#8221;.<\/span><\/p>\n<ul>\n<li><span style=\"color: #000000;\"><strong>Menci\u00f3n especial del jurado para Marc Casellas por el relato &#8220;Mem\u00f2ries del passat&#8221;<\/strong><\/span><\/li>\n<\/ul>\n<p><span style=\"color: #000000;\">El premio consiste en 100 euros y un diploma conmemorativo.<\/span><\/p>\n<p><span style=\"color: #000000;\">El jurado ha decidido de forma un\u00e1nime que el autor era merecedor de esta menci\u00f3n especial &#8220;por la singularidad de crear un texto que m\u00e1s all\u00e1 de la excelencia en los aspectos tem\u00e1ticos est\u00e9 dotado de una finalidad propia, la del esfuerzo por recuperar la memoria hist\u00f3rica&#8221;.<\/span><\/p>\n<p>&nbsp;<\/p>\n<p><span style=\"color: #000000;\">Al finalizar la entrega de premios, el p\u00fablico pudo disfrutar del mon\u00f3logo &#8220;Les 7 pomes&#8221; del humorista bisbalenc Ferran Aixal\u00e0. Cabe decir que, durante la ma\u00f1ana, se entregaron los premios del Concurso Literario Infantil, en el que han participado los alumnos de la Escola Ull de Vent de la Bisbal del Pene`des. Trienta y dos ni\u00f1os y ni\u00f1as de entre 3 y 12 a\u00f1os han sido premiados en la edici\u00f3n de este a\u00f1o y han obtenido un diploma y una bolsa con varios obsequios.<\/span><\/p>\n","protected":false},"excerpt":{"rendered":"<p>&nbsp; Aquest dimarts 23 d\u2019abril ha tingut lloc l\u2019entrega de premis de l\u201911\u00e8 Concurs Literari de Sant Jordi de la Bisbal. Enguany, han pres part del concurs un total de &hellip; <a href=\"https:\/\/bisbalpenedes.com\/web\/2019\/04\/24\/aquest-dimarts-shan-entregat-els-premis-del-concurs-literari-de-la-bisbal-del-penedes\/\" class=\"more-link\">Read More<\/a><\/p>\n","protected":false},"author":4,"featured_media":0,"comment_status":"closed","ping_status":"closed","sticky":false,"template":"","format":"standard","meta":[],"categories":[13],"tags":[],"_links":{"self":[{"href":"https:\/\/bisbalpenedes.com\/web\/wp-json\/wp\/v2\/posts\/9391"}],"collection":[{"href":"https:\/\/bisbalpenedes.com\/web\/wp-json\/wp\/v2\/posts"}],"about":[{"href":"https:\/\/bisbalpenedes.com\/web\/wp-json\/wp\/v2\/types\/post"}],"author":[{"embeddable":true,"href":"https:\/\/bisbalpenedes.com\/web\/wp-json\/wp\/v2\/users\/4"}],"replies":[{"embeddable":true,"href":"https:\/\/bisbalpenedes.com\/web\/wp-json\/wp\/v2\/comments?post=9391"}],"version-history":[{"count":1,"href":"https:\/\/bisbalpenedes.com\/web\/wp-json\/wp\/v2\/posts\/9391\/revisions"}],"predecessor-version":[{"id":9393,"href":"https:\/\/bisbalpenedes.com\/web\/wp-json\/wp\/v2\/posts\/9391\/revisions\/9393"}],"wp:attachment":[{"href":"https:\/\/bisbalpenedes.com\/web\/wp-json\/wp\/v2\/media?parent=9391"}],"wp:term":[{"taxonomy":"category","embeddable":true,"href":"https:\/\/bisbalpenedes.com\/web\/wp-json\/wp\/v2\/categories?post=9391"},{"taxonomy":"post_tag","embeddable":true,"href":"https:\/\/bisbalpenedes.com\/web\/wp-json\/wp\/v2\/tags?post=9391"}],"curies":[{"name":"wp","href":"https:\/\/api.w.org\/{rel}","templated":true}]}}