{"id":9384,"date":"2019-04-24T13:27:49","date_gmt":"2019-04-24T12:27:49","guid":{"rendered":"http:\/\/bisbalpenedes.com\/web\/?p=9384"},"modified":"2019-04-24T13:27:49","modified_gmt":"2019-04-24T12:27:49","slug":"lescola-ull-de-vent-dedica-la-seva-setmana-cultural-als-castells","status":"publish","type":"post","link":"https:\/\/bisbalpenedes.com\/web\/2019\/04\/24\/lescola-ull-de-vent-dedica-la-seva-setmana-cultural-als-castells\/","title":{"rendered":"L&#8217;Escola Ull de Vent dedica la seva Setmana Cultural als castells"},"content":{"rendered":"<p><span style=\"color: #000000;\">L\u2019Escola Ull de Vent celebra les Jornades Culturals aquesta setmana. Enguany se centren en el m\u00f3n casteller i els alumnes duran a terme activitats sobre aquesta tem\u00e0tica fins al 29 d\u2019abril. Durant les jornades, comptaran amb la col\u00b7laboraci\u00f3 dels Bous de la Bisbal, de la Colla Vella dels Xiquets de Valls i dels Castellers de Vilafranca.<\/span><\/p>\n<hr \/>\n<p><span style=\"color: #000000;\"><strong>CASTELLANO |<\/strong> La Escola Ull de Vent celebra las Jornadas Culturales esta semana. Este a\u00f1o se centran en el \u00e1mbito de los castells y los alumnos llevar\u00e1n a cabo actividades sobre esta tem\u00e1tica hasta el 29 de abril. Durante las jornadas, contar\u00e1n con la colaboraci\u00f3n de los Bous de la Bisbal, la Colla Vella dels Xiquets de Valls y los Castellers de Vilafranca.<\/span><\/p>\n<p><a href=\"http:\/\/bisbalpenedes.com\/web\/wp-content\/uploads\/2019\/04\/jornades-culturalsC2019_pages-to-jpg-0002.jpg\"><img loading=\"lazy\" class=\"aligncenter size-large wp-image-9386\" src=\"http:\/\/bisbalpenedes.com\/web\/wp-content\/uploads\/2019\/04\/jornades-culturalsC2019_pages-to-jpg-0002-730x1024.jpg\" alt=\"jornades culturals ull de vent 1\" width=\"630\" height=\"884\" srcset=\"https:\/\/bisbalpenedes.com\/web\/wp-content\/uploads\/2019\/04\/jornades-culturalsC2019_pages-to-jpg-0002-730x1024.jpg 730w, https:\/\/bisbalpenedes.com\/web\/wp-content\/uploads\/2019\/04\/jornades-culturalsC2019_pages-to-jpg-0002-600x842.jpg 600w, https:\/\/bisbalpenedes.com\/web\/wp-content\/uploads\/2019\/04\/jornades-culturalsC2019_pages-to-jpg-0002-214x300.jpg 214w, https:\/\/bisbalpenedes.com\/web\/wp-content\/uploads\/2019\/04\/jornades-culturalsC2019_pages-to-jpg-0002-768x1077.jpg 768w, https:\/\/bisbalpenedes.com\/web\/wp-content\/uploads\/2019\/04\/jornades-culturalsC2019_pages-to-jpg-0002-scaled.jpg 1825w\" sizes=\"(max-width: 630px) 100vw, 630px\" \/><\/a> <a href=\"http:\/\/bisbalpenedes.com\/web\/wp-content\/uploads\/2019\/04\/jornades-culturalsC2019_pages-to-jpg-0003.jpg\"><img loading=\"lazy\" class=\"aligncenter size-large wp-image-9387\" src=\"http:\/\/bisbalpenedes.com\/web\/wp-content\/uploads\/2019\/04\/jornades-culturalsC2019_pages-to-jpg-0003-730x1024.jpg\" alt=\"jornades culturals ull de vent 2\" width=\"630\" height=\"884\" srcset=\"https:\/\/bisbalpenedes.com\/web\/wp-content\/uploads\/2019\/04\/jornades-culturalsC2019_pages-to-jpg-0003-730x1024.jpg 730w, https:\/\/bisbalpenedes.com\/web\/wp-content\/uploads\/2019\/04\/jornades-culturalsC2019_pages-to-jpg-0003-600x842.jpg 600w, https:\/\/bisbalpenedes.com\/web\/wp-content\/uploads\/2019\/04\/jornades-culturalsC2019_pages-to-jpg-0003-214x300.jpg 214w, https:\/\/bisbalpenedes.com\/web\/wp-content\/uploads\/2019\/04\/jornades-culturalsC2019_pages-to-jpg-0003-768x1077.jpg 768w, https:\/\/bisbalpenedes.com\/web\/wp-content\/uploads\/2019\/04\/jornades-culturalsC2019_pages-to-jpg-0003-scaled.jpg 1825w\" sizes=\"(max-width: 630px) 100vw, 630px\" \/><\/a> <a href=\"http:\/\/bisbalpenedes.com\/web\/wp-content\/uploads\/2019\/04\/jornades-culturalsC2019_pages-to-jpg-0004.jpg\"><img loading=\"lazy\" class=\"aligncenter size-large wp-image-9388\" src=\"http:\/\/bisbalpenedes.com\/web\/wp-content\/uploads\/2019\/04\/jornades-culturalsC2019_pages-to-jpg-0004-730x1024.jpg\" alt=\"jornades culturals ull de vent 3\" width=\"630\" height=\"884\" srcset=\"https:\/\/bisbalpenedes.com\/web\/wp-content\/uploads\/2019\/04\/jornades-culturalsC2019_pages-to-jpg-0004-730x1024.jpg 730w, https:\/\/bisbalpenedes.com\/web\/wp-content\/uploads\/2019\/04\/jornades-culturalsC2019_pages-to-jpg-0004-600x842.jpg 600w, https:\/\/bisbalpenedes.com\/web\/wp-content\/uploads\/2019\/04\/jornades-culturalsC2019_pages-to-jpg-0004-214x300.jpg 214w, https:\/\/bisbalpenedes.com\/web\/wp-content\/uploads\/2019\/04\/jornades-culturalsC2019_pages-to-jpg-0004-768x1077.jpg 768w, https:\/\/bisbalpenedes.com\/web\/wp-content\/uploads\/2019\/04\/jornades-culturalsC2019_pages-to-jpg-0004-scaled.jpg 1825w\" sizes=\"(max-width: 630px) 100vw, 630px\" \/><\/a> <a href=\"http:\/\/bisbalpenedes.com\/web\/wp-content\/uploads\/2019\/04\/jornades-culturalsC2019_pages-to-jpg-0005.jpg\"><img loading=\"lazy\" class=\"aligncenter size-large wp-image-9389\" src=\"http:\/\/bisbalpenedes.com\/web\/wp-content\/uploads\/2019\/04\/jornades-culturalsC2019_pages-to-jpg-0005-730x1024.jpg\" alt=\"jornades culturals ull de vent 4\" width=\"630\" height=\"884\" srcset=\"https:\/\/bisbalpenedes.com\/web\/wp-content\/uploads\/2019\/04\/jornades-culturalsC2019_pages-to-jpg-0005-730x1024.jpg 730w, https:\/\/bisbalpenedes.com\/web\/wp-content\/uploads\/2019\/04\/jornades-culturalsC2019_pages-to-jpg-0005-600x842.jpg 600w, https:\/\/bisbalpenedes.com\/web\/wp-content\/uploads\/2019\/04\/jornades-culturalsC2019_pages-to-jpg-0005-214x300.jpg 214w, https:\/\/bisbalpenedes.com\/web\/wp-content\/uploads\/2019\/04\/jornades-culturalsC2019_pages-to-jpg-0005-768x1077.jpg 768w, https:\/\/bisbalpenedes.com\/web\/wp-content\/uploads\/2019\/04\/jornades-culturalsC2019_pages-to-jpg-0005-scaled.jpg 1825w\" sizes=\"(max-width: 630px) 100vw, 630px\" \/><\/a><\/p>\n","protected":false},"excerpt":{"rendered":"<p>L\u2019Escola Ull de Vent celebra les Jornades Culturals aquesta setmana. Enguany se centren en el m\u00f3n casteller i els alumnes duran a terme activitats sobre aquesta tem\u00e0tica fins al 29 &hellip; <a href=\"https:\/\/bisbalpenedes.com\/web\/2019\/04\/24\/lescola-ull-de-vent-dedica-la-seva-setmana-cultural-als-castells\/\" class=\"more-link\">Read More<\/a><\/p>\n","protected":false},"author":4,"featured_media":9385,"comment_status":"closed","ping_status":"closed","sticky":false,"template":"","format":"standard","meta":[],"categories":[2397],"tags":[],"_links":{"self":[{"href":"https:\/\/bisbalpenedes.com\/web\/wp-json\/wp\/v2\/posts\/9384"}],"collection":[{"href":"https:\/\/bisbalpenedes.com\/web\/wp-json\/wp\/v2\/posts"}],"about":[{"href":"https:\/\/bisbalpenedes.com\/web\/wp-json\/wp\/v2\/types\/post"}],"author":[{"embeddable":true,"href":"https:\/\/bisbalpenedes.com\/web\/wp-json\/wp\/v2\/users\/4"}],"replies":[{"embeddable":true,"href":"https:\/\/bisbalpenedes.com\/web\/wp-json\/wp\/v2\/comments?post=9384"}],"version-history":[{"count":1,"href":"https:\/\/bisbalpenedes.com\/web\/wp-json\/wp\/v2\/posts\/9384\/revisions"}],"predecessor-version":[{"id":9390,"href":"https:\/\/bisbalpenedes.com\/web\/wp-json\/wp\/v2\/posts\/9384\/revisions\/9390"}],"wp:featuredmedia":[{"embeddable":true,"href":"https:\/\/bisbalpenedes.com\/web\/wp-json\/wp\/v2\/media\/9385"}],"wp:attachment":[{"href":"https:\/\/bisbalpenedes.com\/web\/wp-json\/wp\/v2\/media?parent=9384"}],"wp:term":[{"taxonomy":"category","embeddable":true,"href":"https:\/\/bisbalpenedes.com\/web\/wp-json\/wp\/v2\/categories?post=9384"},{"taxonomy":"post_tag","embeddable":true,"href":"https:\/\/bisbalpenedes.com\/web\/wp-json\/wp\/v2\/tags?post=9384"}],"curies":[{"name":"wp","href":"https:\/\/api.w.org\/{rel}","templated":true}]}}