{"id":9376,"date":"2019-04-19T11:16:35","date_gmt":"2019-04-19T10:16:35","guid":{"rendered":"http:\/\/bisbalpenedes.com\/web\/?p=9376"},"modified":"2019-04-19T11:17:59","modified_gmt":"2019-04-19T10:17:59","slug":"lajuntament-de-la-bisbal-del-penedes-treu-a-licitacio-la-gestio-del-bar-de-la-piscina-municipal-i-de-la-festa-major-durant-dos-anys","status":"publish","type":"post","link":"https:\/\/bisbalpenedes.com\/web\/2019\/04\/19\/lajuntament-de-la-bisbal-del-penedes-treu-a-licitacio-la-gestio-del-bar-de-la-piscina-municipal-i-de-la-festa-major-durant-dos-anys\/","title":{"rendered":"L&#8217;Ajuntament de la Bisbal del Pened\u00e8s treu a licitaci\u00f3 la gesti\u00f3 del bar de la piscina municipal i de la Festa Major, durant dos anys"},"content":{"rendered":"<p><span style=\"color: #000000;\">Des d\u2019avui divendres 19 d\u2019abril fins al dijous 9 de maig, ambd\u00f3s inclosos, es poden presentar les propostes per al concurs p\u00fablic per a la gesti\u00f3 del bar de la piscina municipal i de la Festa Major, durant dos anys (2019-2020), mitjan\u00e7ant la modalitat de concessi\u00f3 administrativa per procediment obert.<\/span><\/p>\n<p><span style=\"color: #000000;\">Els interessats poden optar per presentar-se a una licitaci\u00f3 o a les dues, ja que es tracta de dos lots:<\/span><\/p>\n<p style=\"padding-left: 30px;\"><span style=\"color: #000000;\"><strong>Lot 1:<\/strong> Gesti\u00f3 del servei de bar i manteniment de la zona d\u2019esbarjo de la piscina municipal, que inclou:<\/span><\/p>\n<p style=\"padding-left: 60px;\"><span style=\"color: #000000;\">-Servei de bar-cafeteria<\/span><\/p>\n<p style=\"padding-left: 60px;\"><span style=\"color: #000000;\">-Servei de neteja del bar, la cafeteria, els vestidors, els lavabos i l\u2019espai de la terrassa<\/span><\/p>\n<p style=\"padding-left: 30px;\"><span style=\"color: #000000;\"><strong>Lot 2:<\/strong> Gesti\u00f3 del servei de bar de la Festa Major, que inclou:<\/span><\/p>\n<p style=\"padding-left: 60px;\"><span style=\"color: #000000;\">-Servei de bar<\/span><\/p>\n<p style=\"padding-left: 60px;\"><span style=\"color: #000000;\">-Servei de neteja de l\u2019espai reservat<\/span><\/p>\n<p><span style=\"color: #000000;\">El c\u00e0non a satisfer per part de l\u2019adjudicatari de cadascun dels serveis \u00e9s de:<\/span><\/p>\n<p style=\"padding-left: 60px;\"><span style=\"color: #000000;\">500\u20ac pel servei de bar de la piscina<\/span><\/p>\n<p style=\"padding-left: 60px;\"><span style=\"color: #000000;\">500\u20ac pel servei de bar de la Festa Major<\/span><\/p>\n<p><span style=\"color: #000000;\">Podeu consultar el plec de cl\u00e0usules econ\u00f2miques i administratives particulars del servei de bar de la piscina i del servei de bar de la Festa Major, a l\u2019enlla\u00e7: <a style=\"color: #000000;\" href=\"https:\/\/contractaciopublica.gencat.cat\/ecofin_pscp\/AppJava\/notice.pscp?idDoc=45716165&amp;reqCode=viewCn&amp;idCap=31849028&amp;\">https:\/\/contractaciopublica.gencat.cat\/ecofin_pscp\/AppJava\/notice.pscp?idDoc=45716165&amp;reqCode=viewCn&amp;idCap=31849028&amp;<\/a><\/span><\/p>\n<p><span style=\"color: #000000;\"><u>Horari dels serveis:<\/u><\/span><\/p>\n<ul>\n<li><span style=\"color: #000000;\">Per al LOT 1, servei de bar de la piscina: la temporada s\u2019iniciar\u00e0 el 15 de juny i finalitzar\u00e0 l\u201911 de setembre, coincident amb el per\u00edode d\u2019obertura de la piscina municipal de l\u2019any 2019. Per a l\u2019any seg\u00fcent s\u2019acordaran les dates exactes amb l\u2019Ajuntament durant el mes de maig. L\u2019horari ser\u00e0 de dilluns a diumenge de 11:00h a 20:00h<\/span><\/li>\n<\/ul>\n<ul>\n<li><span style=\"color: #000000;\">Per al LOT 2, el servei de bar de la Festa Major: el termini \u00e9s del dia 14 d\u2019agost fins al dia 18 d\u2019agost, coincidint amb els dies de Festa Major de l\u2019any 2019. Per a l\u2019any seg\u00fcent s\u2019acordaran les dates exactes, amb l\u2019Ajuntament durant el mes de juliol. L\u2019horari ser\u00e0 el mateix que el dels espectacles que es programin.<\/span><\/li>\n<\/ul>\n<p><span style=\"color: #000000;\">Les licitacions s\u2019han de presentar de manera electr\u00f2nica, tal com marca la normativa. Els licitadors hauran de preparar i presentar les seves ofertes obligat\u00f2riament de forma electr\u00f2nica a trav\u00e9s de l&#8217;eina de preparaci\u00f3 i presentaci\u00f3 d&#8217;ofertes de la Plataforma de Contractaci\u00f3 de Catalunya. Si teniu dubtes, podeu adre\u00e7ar-vos a les oficines municipals.<\/span><\/p>\n<hr \/>\n<p><span style=\"color: #000000;\"><strong>CASTELLANO |<\/strong> Desde hoy viernes 19 de abril hasta el jueves 9 de mayo, ambos incluidos, se pueden presentar las propuestas para el concurso p\u00fablico para la gesti\u00f3n del bar de la piscina municipal y de la Fiesta Major, durante dos a\u00f1os (2019-2020), mediante la modalidad de concesi\u00f3n administrativa por procedimiento abierto.<\/span><\/p>\n<p><span style=\"color: #000000;\">Los interesados pueden optar por presentarse a una licitaci\u00f3n o a las dos, ya que se trata de dos lotes:<\/span><\/p>\n<p style=\"padding-left: 30px;\"><span style=\"color: #000000;\"><strong>Lote 1:<\/strong> Gesti\u00f3n del servicio de bar y mantenimiento de la zona de recreo de la piscina municipal, que incluye:<\/span><\/p>\n<p style=\"padding-left: 60px;\"><span style=\"color: #000000;\">-Servicio de bar-cafeter\u00eda<\/span><\/p>\n<p style=\"padding-left: 60px;\"><span style=\"color: #000000;\">-Servicio de limpieza del bar, la cafeter\u00eda, los vestidores, los lavabos y el espacio de la terraza<\/span><\/p>\n<p style=\"padding-left: 30px;\"><span style=\"color: #000000;\"><strong>Lote 2:<\/strong> Gesti\u00f3n del servicio de bar de la Fiesta Mayor, que incluye:<\/span><\/p>\n<p style=\"padding-left: 60px;\"><span style=\"color: #000000;\">-Servicio de bar<\/span><\/p>\n<p style=\"padding-left: 60px;\"><span style=\"color: #000000;\">-Servicio de limpieza del espacio reservado<\/span><\/p>\n<p><span style=\"color: #000000;\">El canon a satisfacer por parte del adjudicatario de cada uno de los servicios es de:<\/span><\/p>\n<p style=\"padding-left: 30px;\"><span style=\"color: #000000;\">500\u20ac por el servicio de bar de la piscina<\/span><\/p>\n<p style=\"padding-left: 30px;\"><span style=\"color: #000000;\">500\u20ac por el servicio de bar de la Fiesta Mayor<\/span><\/p>\n<p><span style=\"color: #000000;\">Pod\u00e9is consultar el pliego de cl\u00e1usulas econ\u00f3micas y administrativas particulares del servicio de bar de la piscina y del servicio de bar de la Fiesta Mayor, en el enlace:<\/span><\/p>\n<p><span style=\"color: #000000;\"><a style=\"color: #000000;\" href=\"https:\/\/contractaciopublica.gencat.cat\/ecofin_pscp\/AppJava\/notice.pscp?idDoc=45716165&amp;reqCode=viewCn&amp;idCap=31849028&amp;\">https:\/\/contractaciopublica.gencat.cat\/ecofin_pscp\/AppJava\/notice.pscp?idDoc=45716165&amp;reqCode=viewCn&amp;idCap=31849028&amp;<\/a><\/span><\/p>\n<p><span style=\"color: #000000;\"><u>Horario de los servicios: <\/u><\/span><\/p>\n<p style=\"padding-left: 30px;\"><span style=\"color: #000000;\">-Para el LOTE 1, servicio de bar de la piscina: la temporada se iniciar\u00e1 el 15 de junio y finalizar\u00e1 el 11 de septiembre, coincidiendo con el periodo de apertura de la piscina municipal del a\u00f1o 2019. Para el a\u00f1o siguiente se acordar\u00e1n las fechas exactas con el Ayuntamiento durante el mes de mayo. El horario ser\u00e1 de lunes a domingo de 11:00 a 20.00h<\/span><\/p>\n<p style=\"padding-left: 30px;\"><span style=\"color: #000000;\">-Para el LOTE 2, el servicio de bar de la Fiesta Mayor: el plazo es del d\u00eda 14 de agosto hasta el d\u00eda 18 de agosto, coincidiendo con los d\u00edas de la Fiesta Mayor del a\u00f1o 2019. Para el a\u00f1o siguiente se acordar\u00e1n las fechas exactas, con el Ayuntamiento, durante el mes de julio. El horario ser\u00e1 el mismo que el de los espect\u00e1culos que se programen.<\/span><\/p>\n<p><span style=\"color: #000000;\">Las licitaciones se deben presentar de forma electr\u00f3nica, tal como marca la normativa. Los licitadores deber\u00e1n preparar y presentar sus ofertas obligatoriamente de forma electr\u00f3nica a trav\u00e9s de la herramienta de preparaci\u00f3n y presentaci\u00f3n de ofertas de la Plataforma de Contrataci\u00f3n de Catalunya. Si ten\u00e9is dudas, os pod\u00e9is dirigir a las oficinas municipales.<\/span><\/p>\n","protected":false},"excerpt":{"rendered":"<p>Des d\u2019avui divendres 19 d\u2019abril fins al dijous 9 de maig, ambd\u00f3s inclosos, es poden presentar les propostes per al concurs p\u00fablic per a la gesti\u00f3 del bar de la &hellip; <a href=\"https:\/\/bisbalpenedes.com\/web\/2019\/04\/19\/lajuntament-de-la-bisbal-del-penedes-treu-a-licitacio-la-gestio-del-bar-de-la-piscina-municipal-i-de-la-festa-major-durant-dos-anys\/\" class=\"more-link\">Read More<\/a><\/p>\n","protected":false},"author":4,"featured_media":2659,"comment_status":"closed","ping_status":"closed","sticky":false,"template":"","format":"standard","meta":[],"categories":[2956],"tags":[140,2957,317,280,267,74],"_links":{"self":[{"href":"https:\/\/bisbalpenedes.com\/web\/wp-json\/wp\/v2\/posts\/9376"}],"collection":[{"href":"https:\/\/bisbalpenedes.com\/web\/wp-json\/wp\/v2\/posts"}],"about":[{"href":"https:\/\/bisbalpenedes.com\/web\/wp-json\/wp\/v2\/types\/post"}],"author":[{"embeddable":true,"href":"https:\/\/bisbalpenedes.com\/web\/wp-json\/wp\/v2\/users\/4"}],"replies":[{"embeddable":true,"href":"https:\/\/bisbalpenedes.com\/web\/wp-json\/wp\/v2\/comments?post=9376"}],"version-history":[{"count":4,"href":"https:\/\/bisbalpenedes.com\/web\/wp-json\/wp\/v2\/posts\/9376\/revisions"}],"predecessor-version":[{"id":9380,"href":"https:\/\/bisbalpenedes.com\/web\/wp-json\/wp\/v2\/posts\/9376\/revisions\/9380"}],"wp:featuredmedia":[{"embeddable":true,"href":"https:\/\/bisbalpenedes.com\/web\/wp-json\/wp\/v2\/media\/2659"}],"wp:attachment":[{"href":"https:\/\/bisbalpenedes.com\/web\/wp-json\/wp\/v2\/media?parent=9376"}],"wp:term":[{"taxonomy":"category","embeddable":true,"href":"https:\/\/bisbalpenedes.com\/web\/wp-json\/wp\/v2\/categories?post=9376"},{"taxonomy":"post_tag","embeddable":true,"href":"https:\/\/bisbalpenedes.com\/web\/wp-json\/wp\/v2\/tags?post=9376"}],"curies":[{"name":"wp","href":"https:\/\/api.w.org\/{rel}","templated":true}]}}