{"id":9336,"date":"2019-04-16T09:45:59","date_gmt":"2019-04-16T08:45:59","guid":{"rendered":"http:\/\/bisbalpenedes.com\/web\/?p=9336"},"modified":"2019-04-16T14:01:08","modified_gmt":"2019-04-16T13:01:08","slug":"el-dilluns-22-dabril-dilluns-de-pasqua-tindra-lloc-laplec-de-santa-cristina-a-lermita","status":"publish","type":"post","link":"https:\/\/bisbalpenedes.com\/web\/2019\/04\/16\/el-dilluns-22-dabril-dilluns-de-pasqua-tindra-lloc-laplec-de-santa-cristina-a-lermita\/","title":{"rendered":"El dilluns 22 d&#8217;abril &#8211; Dilluns de Pasqua &#8211; tindr\u00e0 lloc l&#8217;Aplec de Santa Cristina a l&#8217;Ermita"},"content":{"rendered":"<p><span style=\"color: #000000;\">El dilluns 22 d&#8217;abril, a les 12.00h, tindr\u00e0 lloc l&#8217;Aplec de Dilluns de Pasqua a l&#8217;Ermita de Santa Cristina. Es far\u00e0 una missa solemne en honor a Santa Cristina i, a continuaci\u00f3, caramelles i sardanes (no hi haur\u00e0 servei de bar).<\/span><\/p>\n<hr \/>\n<p><span style=\"color: #000000;\"><strong>CASTELLANO |<\/strong> El lunes 22 de abril, a las 12.00h, tendr\u00e1 lugar el Aplec de Dilluns de Pascua en la Ermita de Santa Cristina. Se har\u00e1 una misa solemne en honor a Santa Cristina y, a continuaci\u00f3n, habr\u00e1 <em>caramelles<\/em> y sardanas (no habr\u00e1 servicio de bar).<\/span><\/p>\n<p><a href=\"http:\/\/bisbalpenedes.com\/web\/wp-content\/uploads\/2019\/04\/SANTA-CRISTINA-DILLUNS-PASQUA-2019_12h.jpg\"><img loading=\"lazy\" class=\"aligncenter wp-image-9348 size-full\" src=\"http:\/\/bisbalpenedes.com\/web\/wp-content\/uploads\/2019\/04\/SANTA-CRISTINA-DILLUNS-PASQUA-2019_12h.jpg\" alt=\"SANTA-CRISTINA-DILLUNS-PASQUA-2019_12h\" width=\"606\" height=\"850\" srcset=\"https:\/\/bisbalpenedes.com\/web\/wp-content\/uploads\/2019\/04\/SANTA-CRISTINA-DILLUNS-PASQUA-2019_12h.jpg 606w, https:\/\/bisbalpenedes.com\/web\/wp-content\/uploads\/2019\/04\/SANTA-CRISTINA-DILLUNS-PASQUA-2019_12h-600x842.jpg 600w, https:\/\/bisbalpenedes.com\/web\/wp-content\/uploads\/2019\/04\/SANTA-CRISTINA-DILLUNS-PASQUA-2019_12h-214x300.jpg 214w\" sizes=\"(max-width: 606px) 100vw, 606px\" \/><\/a><\/p>\n","protected":false},"excerpt":{"rendered":"<p>El dilluns 22 d&#8217;abril, a les 12.00h, tindr\u00e0 lloc l&#8217;Aplec de Dilluns de Pasqua a l&#8217;Ermita de Santa Cristina. Es far\u00e0 una missa solemne en honor a Santa Cristina i, &hellip; <a href=\"https:\/\/bisbalpenedes.com\/web\/2019\/04\/16\/el-dilluns-22-dabril-dilluns-de-pasqua-tindra-lloc-laplec-de-santa-cristina-a-lermita\/\" class=\"more-link\">Read More<\/a><\/p>\n","protected":false},"author":4,"featured_media":2886,"comment_status":"closed","ping_status":"closed","sticky":false,"template":"","format":"standard","meta":[],"categories":[2942],"tags":[2943,2945,2944,85],"_links":{"self":[{"href":"https:\/\/bisbalpenedes.com\/web\/wp-json\/wp\/v2\/posts\/9336"}],"collection":[{"href":"https:\/\/bisbalpenedes.com\/web\/wp-json\/wp\/v2\/posts"}],"about":[{"href":"https:\/\/bisbalpenedes.com\/web\/wp-json\/wp\/v2\/types\/post"}],"author":[{"embeddable":true,"href":"https:\/\/bisbalpenedes.com\/web\/wp-json\/wp\/v2\/users\/4"}],"replies":[{"embeddable":true,"href":"https:\/\/bisbalpenedes.com\/web\/wp-json\/wp\/v2\/comments?post=9336"}],"version-history":[{"count":4,"href":"https:\/\/bisbalpenedes.com\/web\/wp-json\/wp\/v2\/posts\/9336\/revisions"}],"predecessor-version":[{"id":9349,"href":"https:\/\/bisbalpenedes.com\/web\/wp-json\/wp\/v2\/posts\/9336\/revisions\/9349"}],"wp:featuredmedia":[{"embeddable":true,"href":"https:\/\/bisbalpenedes.com\/web\/wp-json\/wp\/v2\/media\/2886"}],"wp:attachment":[{"href":"https:\/\/bisbalpenedes.com\/web\/wp-json\/wp\/v2\/media?parent=9336"}],"wp:term":[{"taxonomy":"category","embeddable":true,"href":"https:\/\/bisbalpenedes.com\/web\/wp-json\/wp\/v2\/categories?post=9336"},{"taxonomy":"post_tag","embeddable":true,"href":"https:\/\/bisbalpenedes.com\/web\/wp-json\/wp\/v2\/tags?post=9336"}],"curies":[{"name":"wp","href":"https:\/\/api.w.org\/{rel}","templated":true}]}}