{"id":9331,"date":"2019-04-16T09:33:35","date_gmt":"2019-04-16T08:33:35","guid":{"rendered":"http:\/\/bisbalpenedes.com\/web\/?p=9331"},"modified":"2019-04-16T09:35:12","modified_gmt":"2019-04-16T08:35:12","slug":"el-divendres-19-dabril-a-les-18h-hi-haura-contacontes-a-la-biblioteca","status":"publish","type":"post","link":"https:\/\/bisbalpenedes.com\/web\/2019\/04\/16\/el-divendres-19-dabril-a-les-18h-hi-haura-contacontes-a-la-biblioteca\/","title":{"rendered":"El divendres 19 d&#8217;abril a les 18h hi haur\u00e0 contacontes a la Biblioteca"},"content":{"rendered":"<p><span style=\"color: #000000;\">El proper divendres 19 d&#8217;abril, a les 18h, tindr\u00e0 lloc el contacontes de la Biblioteca p\u00fablica de la Bisbal del Pened\u00e8s, amb les narradores volunt\u00e0ries. En acabar hi haur\u00e0 berenar sense gluten.<\/span><\/p>\n<hr \/>\n<p><span style=\"color: #000000;\">El pr\u00f3ximo viernes 19 de abril, a las 18h, tendr\u00e1 lugar el cuentacuentos de la Biblioteca p\u00fablica de la Bisbal del Pened\u00e8s, con las narradoras voluntarias. Al finalizar habr\u00e1 merienda sin gluten.<\/span><\/p>\n<p><a href=\"http:\/\/bisbalpenedes.com\/web\/wp-content\/uploads\/2019\/04\/Contacontes-Sant-Jordi.jpg\"><img loading=\"lazy\" class=\"aligncenter size-large wp-image-9332\" src=\"http:\/\/bisbalpenedes.com\/web\/wp-content\/uploads\/2019\/04\/Contacontes-Sant-Jordi-732x1024.jpg\" alt=\"Contacontes-Sant-Jordi\" width=\"630\" height=\"881\" srcset=\"https:\/\/bisbalpenedes.com\/web\/wp-content\/uploads\/2019\/04\/Contacontes-Sant-Jordi-732x1024.jpg 732w, https:\/\/bisbalpenedes.com\/web\/wp-content\/uploads\/2019\/04\/Contacontes-Sant-Jordi-600x840.jpg 600w, https:\/\/bisbalpenedes.com\/web\/wp-content\/uploads\/2019\/04\/Contacontes-Sant-Jordi-214x300.jpg 214w, https:\/\/bisbalpenedes.com\/web\/wp-content\/uploads\/2019\/04\/Contacontes-Sant-Jordi-768x1075.jpg 768w, https:\/\/bisbalpenedes.com\/web\/wp-content\/uploads\/2019\/04\/Contacontes-Sant-Jordi.jpg 1198w\" sizes=\"(max-width: 630px) 100vw, 630px\" \/><\/a><\/p>\n","protected":false},"excerpt":{"rendered":"<p>El proper divendres 19 d&#8217;abril, a les 18h, tindr\u00e0 lloc el contacontes de la Biblioteca p\u00fablica de la Bisbal del Pened\u00e8s, amb les narradores volunt\u00e0ries. En acabar hi haur\u00e0 berenar &hellip; <a href=\"https:\/\/bisbalpenedes.com\/web\/2019\/04\/16\/el-divendres-19-dabril-a-les-18h-hi-haura-contacontes-a-la-biblioteca\/\" class=\"more-link\">Read More<\/a><\/p>\n","protected":false},"author":4,"featured_media":9332,"comment_status":"closed","ping_status":"closed","sticky":false,"template":"","format":"standard","meta":[],"categories":[13],"tags":[180,421,1351,302,1810],"_links":{"self":[{"href":"https:\/\/bisbalpenedes.com\/web\/wp-json\/wp\/v2\/posts\/9331"}],"collection":[{"href":"https:\/\/bisbalpenedes.com\/web\/wp-json\/wp\/v2\/posts"}],"about":[{"href":"https:\/\/bisbalpenedes.com\/web\/wp-json\/wp\/v2\/types\/post"}],"author":[{"embeddable":true,"href":"https:\/\/bisbalpenedes.com\/web\/wp-json\/wp\/v2\/users\/4"}],"replies":[{"embeddable":true,"href":"https:\/\/bisbalpenedes.com\/web\/wp-json\/wp\/v2\/comments?post=9331"}],"version-history":[{"count":3,"href":"https:\/\/bisbalpenedes.com\/web\/wp-json\/wp\/v2\/posts\/9331\/revisions"}],"predecessor-version":[{"id":9335,"href":"https:\/\/bisbalpenedes.com\/web\/wp-json\/wp\/v2\/posts\/9331\/revisions\/9335"}],"wp:featuredmedia":[{"embeddable":true,"href":"https:\/\/bisbalpenedes.com\/web\/wp-json\/wp\/v2\/media\/9332"}],"wp:attachment":[{"href":"https:\/\/bisbalpenedes.com\/web\/wp-json\/wp\/v2\/media?parent=9331"}],"wp:term":[{"taxonomy":"category","embeddable":true,"href":"https:\/\/bisbalpenedes.com\/web\/wp-json\/wp\/v2\/categories?post=9331"},{"taxonomy":"post_tag","embeddable":true,"href":"https:\/\/bisbalpenedes.com\/web\/wp-json\/wp\/v2\/tags?post=9331"}],"curies":[{"name":"wp","href":"https:\/\/api.w.org\/{rel}","templated":true}]}}