{"id":9326,"date":"2019-04-16T09:14:29","date_gmt":"2019-04-16T08:14:29","guid":{"rendered":"http:\/\/bisbalpenedes.com\/web\/?p=9326"},"modified":"2019-04-16T09:14:29","modified_gmt":"2019-04-16T08:14:29","slug":"aquest-dijous-18-dabril-a-les-11h-tindra-lloc-un-ple-extraordinari-a-lajuntament-de-la-bisbal","status":"publish","type":"post","link":"https:\/\/bisbalpenedes.com\/web\/2019\/04\/16\/aquest-dijous-18-dabril-a-les-11h-tindra-lloc-un-ple-extraordinari-a-lajuntament-de-la-bisbal\/","title":{"rendered":"Aquest dijous 18 d&#8217;abril a les 11h tindr\u00e0 lloc un Ple Extraordinari a l&#8217;Ajuntament de la Bisbal"},"content":{"rendered":"<p><span style=\"color: #000000;\">Aquest dijous 18 d&#8217;abril, a les 11h, tindr\u00e0 lloc un Ple extraordinari a l&#8217;Ajuntament de la Bisbal del Pened\u00e8s amb el seg\u00fcent ordre del dia:<\/span><\/p>\n<p style=\"padding-left: 30px;\"><span style=\"color: #000000;\">1.Aprovaci\u00f3 de la Relaci\u00f3 de Llocs de Treball.<\/span><\/p>\n<p style=\"padding-left: 30px;\"><span style=\"color: #000000;\">2.Negociaci\u00f3 Col\u00b7lectiva. Adhesi\u00f3 a l\u2019Acord com\u00fa de condicions per als empleats p\u00fablics.<\/span><\/p>\n<p style=\"padding-left: 30px;\"><span style=\"color: #000000;\">3.Planificaci\u00f3 i Ordenaci\u00f3 de Personal. Horaris personal.<\/span><\/p>\n<p style=\"padding-left: 30px;\"><span style=\"color: #000000;\">4.Planificaci\u00f3 i Ordenaci\u00f3 de Personal. Calendari laboral 2019.<\/span><\/p>\n<p style=\"padding-left: 30px;\"><span style=\"color: #000000;\">5.Planificaci\u00f3 Pressupost\u00e0ria. Pla econ\u00f2mic \u2013 financer.<\/span><\/p>\n<p style=\"padding-left: 30px;\"><span style=\"color: #000000;\">6.Aprovaci\u00f3 distribuci\u00f3 del super\u00e0vit 2018.<\/span><\/p>\n<hr \/>\n<p><span style=\"color: #000000;\"><strong>CASTELLANO |<\/strong> Este jueves 18 de abril, a las 11h, tendr\u00e1 lugar un Pleno extraordinario en el Ayuntamiento de la Bisbal del Pened\u00e8s con el siguiente orden del d\u00eda:<\/span><\/p>\n<p style=\"padding-left: 30px;\"><span style=\"color: #000000;\">1.Aprobaci\u00f3n de la Relaci\u00f3n de Puestos de Trabajo.<\/span><\/p>\n<p style=\"padding-left: 30px;\"><span style=\"color: #000000;\">2.Negociaci\u00f3n colectiva. Adhesi\u00f3n al acuerdo com\u00fan de condiciones para los empleados p\u00fablicos.<\/span><\/p>\n<p style=\"padding-left: 30px;\"><span style=\"color: #000000;\">3.Planificaci\u00f3n y Ordenaci\u00f3n de Personal. Horarios personal.<\/span><\/p>\n<p style=\"padding-left: 30px;\"><span style=\"color: #000000;\">4.Planificaci\u00f3n y Ordenaci\u00f3n de Personal. Calendario laboral 2019.<\/span><\/p>\n<p style=\"padding-left: 30px;\"><span style=\"color: #000000;\">5.Planificaci\u00f3n Presupuestaria. Plan econ\u00f3mico &#8211; financiero.<\/span><\/p>\n<p style=\"padding-left: 30px;\"><span style=\"color: #000000;\">6.Aprobaci\u00f3n de la distribuci\u00f3n del super\u00e1vit 2018.<\/span><\/p>\n","protected":false},"excerpt":{"rendered":"<p>Aquest dijous 18 d&#8217;abril, a les 11h, tindr\u00e0 lloc un Ple extraordinari a l&#8217;Ajuntament de la Bisbal del Pened\u00e8s amb el seg\u00fcent ordre del dia: 1.Aprovaci\u00f3 de la Relaci\u00f3 de &hellip; <a href=\"https:\/\/bisbalpenedes.com\/web\/2019\/04\/16\/aquest-dijous-18-dabril-a-les-11h-tindra-lloc-un-ple-extraordinari-a-lajuntament-de-la-bisbal\/\" class=\"more-link\">Read More<\/a><\/p>\n","protected":false},"author":4,"featured_media":9097,"comment_status":"closed","ping_status":"closed","sticky":false,"template":"","format":"standard","meta":[],"categories":[8,2250],"tags":[2866,2941,1944,139,423,515,2865,746,1768],"_links":{"self":[{"href":"https:\/\/bisbalpenedes.com\/web\/wp-json\/wp\/v2\/posts\/9326"}],"collection":[{"href":"https:\/\/bisbalpenedes.com\/web\/wp-json\/wp\/v2\/posts"}],"about":[{"href":"https:\/\/bisbalpenedes.com\/web\/wp-json\/wp\/v2\/types\/post"}],"author":[{"embeddable":true,"href":"https:\/\/bisbalpenedes.com\/web\/wp-json\/wp\/v2\/users\/4"}],"replies":[{"embeddable":true,"href":"https:\/\/bisbalpenedes.com\/web\/wp-json\/wp\/v2\/comments?post=9326"}],"version-history":[{"count":2,"href":"https:\/\/bisbalpenedes.com\/web\/wp-json\/wp\/v2\/posts\/9326\/revisions"}],"predecessor-version":[{"id":9328,"href":"https:\/\/bisbalpenedes.com\/web\/wp-json\/wp\/v2\/posts\/9326\/revisions\/9328"}],"wp:featuredmedia":[{"embeddable":true,"href":"https:\/\/bisbalpenedes.com\/web\/wp-json\/wp\/v2\/media\/9097"}],"wp:attachment":[{"href":"https:\/\/bisbalpenedes.com\/web\/wp-json\/wp\/v2\/media?parent=9326"}],"wp:term":[{"taxonomy":"category","embeddable":true,"href":"https:\/\/bisbalpenedes.com\/web\/wp-json\/wp\/v2\/categories?post=9326"},{"taxonomy":"post_tag","embeddable":true,"href":"https:\/\/bisbalpenedes.com\/web\/wp-json\/wp\/v2\/tags?post=9326"}],"curies":[{"name":"wp","href":"https:\/\/api.w.org\/{rel}","templated":true}]}}