{"id":9319,"date":"2019-04-15T21:28:19","date_gmt":"2019-04-15T20:28:19","guid":{"rendered":"http:\/\/bisbalpenedes.com\/web\/?p=9319"},"modified":"2019-04-15T21:29:39","modified_gmt":"2019-04-15T20:29:39","slug":"el-diumenge-21-dabril-torna-el-teatre-per-pasqua-a-la-societat","status":"publish","type":"post","link":"https:\/\/bisbalpenedes.com\/web\/2019\/04\/15\/el-diumenge-21-dabril-torna-el-teatre-per-pasqua-a-la-societat\/","title":{"rendered":"El diumenge 21 d&#8217;abril torna el &#8216;Teatre per Pasqua&#8217; a la Societat"},"content":{"rendered":"<p><a href=\"http:\/\/bisbalpenedes.com\/web\/wp-content\/uploads\/2019\/04\/TEATRE-PASQUA-SOCIETAT-2019-2C.jpg\"><img loading=\"lazy\" class=\"aligncenter size-large wp-image-9320\" src=\"http:\/\/bisbalpenedes.com\/web\/wp-content\/uploads\/2019\/04\/TEATRE-PASQUA-SOCIETAT-2019-2C-576x1024.jpg\" alt=\"TEATRE-PASQUA-SOCIETAT-2019-2C\" width=\"576\" height=\"1024\" srcset=\"https:\/\/bisbalpenedes.com\/web\/wp-content\/uploads\/2019\/04\/TEATRE-PASQUA-SOCIETAT-2019-2C-576x1024.jpg 576w, https:\/\/bisbalpenedes.com\/web\/wp-content\/uploads\/2019\/04\/TEATRE-PASQUA-SOCIETAT-2019-2C-600x1067.jpg 600w, https:\/\/bisbalpenedes.com\/web\/wp-content\/uploads\/2019\/04\/TEATRE-PASQUA-SOCIETAT-2019-2C-169x300.jpg 169w, https:\/\/bisbalpenedes.com\/web\/wp-content\/uploads\/2019\/04\/TEATRE-PASQUA-SOCIETAT-2019-2C.jpg 651w\" sizes=\"(max-width: 576px) 100vw, 576px\" \/><\/a><\/p>\n<p><span style=\"color: #000000;\">El proper diumenge, les 22h, l&#8217;elenc teatral de la Societat representar\u00e0 ART de Yasmina Reza. Interpretaran l&#8217;obra Josep Pallar\u00e8s, Isa Perales i Otger Guasch.<\/span><\/p>\n<hr \/>\n<p><span style=\"color: #000000;\">El pr\u00f3ximo domingo, las 22h, el elenco teatral de la Societat representar\u00e1 ART de Yasmina Reza. Interpretar\u00e1n la obra Josep Pallar\u00e8s, Isa Perales y Otger Guasch.<\/span><\/p>\n","protected":false},"excerpt":{"rendered":"<p>El proper diumenge, les 22h, l&#8217;elenc teatral de la Societat representar\u00e0 ART de Yasmina Reza. Interpretaran l&#8217;obra Josep Pallar\u00e8s, Isa Perales i Otger Guasch. El pr\u00f3ximo domingo, las 22h, el &hellip; <a href=\"https:\/\/bisbalpenedes.com\/web\/2019\/04\/15\/el-diumenge-21-dabril-torna-el-teatre-per-pasqua-a-la-societat\/\" class=\"more-link\">Read More<\/a><\/p>\n","protected":false},"author":4,"featured_media":9320,"comment_status":"closed","ping_status":"closed","sticky":false,"template":"","format":"standard","meta":[],"categories":[13,20],"tags":[2650,2940,2939,300,2938,301,285,2937],"_links":{"self":[{"href":"https:\/\/bisbalpenedes.com\/web\/wp-json\/wp\/v2\/posts\/9319"}],"collection":[{"href":"https:\/\/bisbalpenedes.com\/web\/wp-json\/wp\/v2\/posts"}],"about":[{"href":"https:\/\/bisbalpenedes.com\/web\/wp-json\/wp\/v2\/types\/post"}],"author":[{"embeddable":true,"href":"https:\/\/bisbalpenedes.com\/web\/wp-json\/wp\/v2\/users\/4"}],"replies":[{"embeddable":true,"href":"https:\/\/bisbalpenedes.com\/web\/wp-json\/wp\/v2\/comments?post=9319"}],"version-history":[{"count":3,"href":"https:\/\/bisbalpenedes.com\/web\/wp-json\/wp\/v2\/posts\/9319\/revisions"}],"predecessor-version":[{"id":9323,"href":"https:\/\/bisbalpenedes.com\/web\/wp-json\/wp\/v2\/posts\/9319\/revisions\/9323"}],"wp:featuredmedia":[{"embeddable":true,"href":"https:\/\/bisbalpenedes.com\/web\/wp-json\/wp\/v2\/media\/9320"}],"wp:attachment":[{"href":"https:\/\/bisbalpenedes.com\/web\/wp-json\/wp\/v2\/media?parent=9319"}],"wp:term":[{"taxonomy":"category","embeddable":true,"href":"https:\/\/bisbalpenedes.com\/web\/wp-json\/wp\/v2\/categories?post=9319"},{"taxonomy":"post_tag","embeddable":true,"href":"https:\/\/bisbalpenedes.com\/web\/wp-json\/wp\/v2\/tags?post=9319"}],"curies":[{"name":"wp","href":"https:\/\/api.w.org\/{rel}","templated":true}]}}