{"id":9316,"date":"2019-04-16T09:25:39","date_gmt":"2019-04-16T08:25:39","guid":{"rendered":"http:\/\/bisbalpenedes.com\/web\/?p=9316"},"modified":"2019-04-16T09:26:17","modified_gmt":"2019-04-16T08:26:17","slug":"vital-activity-i-la-regidoria-de-la-gent-gran-han-programat-diversos-tallers-i-activitats","status":"publish","type":"post","link":"https:\/\/bisbalpenedes.com\/web\/2019\/04\/16\/vital-activity-i-la-regidoria-de-la-gent-gran-han-programat-diversos-tallers-i-activitats\/","title":{"rendered":"Aquesta primavera, vine a passar una bona estona al Rac\u00f3 de la Gent Gran. Et proposem diverses activitats."},"content":{"rendered":"<p style=\"text-align: justify;\"><span style=\"color: #000000;\">Vital Activity, amb la col\u00b7laboraci\u00f3 de la Regidoria de la Gent Gran, organitza diverses activitats que tindran lloc durant les pr\u00f2ximes setmanes. No us les perdeu!<\/span><\/p>\n<hr \/>\n<p style=\"text-align: justify;\"><span style=\"color: #000000;\"><strong>CASTELLANO |<\/strong> Vital Activity, con la colaboraci\u00f3n de la Regidoria de la Gent Gran, organiza varias actividades que tendr\u00e1n lugar durante las pr\u00f3ximas semanas. \u00a1No os las perd\u00e1is!<\/span><\/p>\n<p><a href=\"http:\/\/bisbalpenedes.com\/web\/wp-content\/uploads\/2019\/04\/Diada_Sant_Jordi.jpg\"><img loading=\"lazy\" class=\"aligncenter size-large wp-image-9312\" src=\"http:\/\/bisbalpenedes.com\/web\/wp-content\/uploads\/2019\/04\/Diada_Sant_Jordi-1024x684.jpg\" alt=\"Diada_Sant_Jordi\" width=\"630\" height=\"421\" srcset=\"https:\/\/bisbalpenedes.com\/web\/wp-content\/uploads\/2019\/04\/Diada_Sant_Jordi-1024x684.jpg 1024w, https:\/\/bisbalpenedes.com\/web\/wp-content\/uploads\/2019\/04\/Diada_Sant_Jordi-600x401.jpg 600w, https:\/\/bisbalpenedes.com\/web\/wp-content\/uploads\/2019\/04\/Diada_Sant_Jordi-300x200.jpg 300w, https:\/\/bisbalpenedes.com\/web\/wp-content\/uploads\/2019\/04\/Diada_Sant_Jordi-768x513.jpg 768w, https:\/\/bisbalpenedes.com\/web\/wp-content\/uploads\/2019\/04\/Diada_Sant_Jordi.jpg 1600w\" sizes=\"(max-width: 630px) 100vw, 630px\" \/><\/a><\/p>\n<p><a href=\"http:\/\/bisbalpenedes.com\/web\/wp-content\/uploads\/2019\/04\/Tast-de-truites.jpg\"><img loading=\"lazy\" class=\"aligncenter size-large wp-image-9311\" src=\"http:\/\/bisbalpenedes.com\/web\/wp-content\/uploads\/2019\/04\/Tast-de-truites-1024x819.jpg\" alt=\"Tast-de-truites\" width=\"630\" height=\"504\" srcset=\"https:\/\/bisbalpenedes.com\/web\/wp-content\/uploads\/2019\/04\/Tast-de-truites-1024x819.jpg 1024w, https:\/\/bisbalpenedes.com\/web\/wp-content\/uploads\/2019\/04\/Tast-de-truites-600x480.jpg 600w, https:\/\/bisbalpenedes.com\/web\/wp-content\/uploads\/2019\/04\/Tast-de-truites-300x240.jpg 300w, https:\/\/bisbalpenedes.com\/web\/wp-content\/uploads\/2019\/04\/Tast-de-truites-768x614.jpg 768w\" sizes=\"(max-width: 630px) 100vw, 630px\" \/><\/a><\/p>\n<p><a href=\"http:\/\/bisbalpenedes.com\/web\/wp-content\/uploads\/2019\/04\/Decoracio_testos.jpg\"><img loading=\"lazy\" class=\"aligncenter size-large wp-image-9314\" src=\"http:\/\/bisbalpenedes.com\/web\/wp-content\/uploads\/2019\/04\/Decoracio_testos-1024x819.jpg\" alt=\"Decoracio_testos\" width=\"630\" height=\"504\" srcset=\"https:\/\/bisbalpenedes.com\/web\/wp-content\/uploads\/2019\/04\/Decoracio_testos-1024x819.jpg 1024w, https:\/\/bisbalpenedes.com\/web\/wp-content\/uploads\/2019\/04\/Decoracio_testos-600x480.jpg 600w, https:\/\/bisbalpenedes.com\/web\/wp-content\/uploads\/2019\/04\/Decoracio_testos-300x240.jpg 300w, https:\/\/bisbalpenedes.com\/web\/wp-content\/uploads\/2019\/04\/Decoracio_testos-768x614.jpg 768w\" sizes=\"(max-width: 630px) 100vw, 630px\" \/><\/a><\/p>\n<p><a href=\"http:\/\/bisbalpenedes.com\/web\/wp-content\/uploads\/2019\/04\/taller_plantes_aromatiques.jpg\"><img loading=\"lazy\" class=\"aligncenter size-large wp-image-9317\" src=\"http:\/\/bisbalpenedes.com\/web\/wp-content\/uploads\/2019\/04\/taller_plantes_aromatiques-1024x819.jpg\" alt=\"taller_plantes_aromatiques\" width=\"630\" height=\"504\" srcset=\"https:\/\/bisbalpenedes.com\/web\/wp-content\/uploads\/2019\/04\/taller_plantes_aromatiques-1024x819.jpg 1024w, https:\/\/bisbalpenedes.com\/web\/wp-content\/uploads\/2019\/04\/taller_plantes_aromatiques-600x480.jpg 600w, https:\/\/bisbalpenedes.com\/web\/wp-content\/uploads\/2019\/04\/taller_plantes_aromatiques-300x240.jpg 300w, https:\/\/bisbalpenedes.com\/web\/wp-content\/uploads\/2019\/04\/taller_plantes_aromatiques-768x614.jpg 768w\" sizes=\"(max-width: 630px) 100vw, 630px\" \/><\/a><\/p>\n","protected":false},"excerpt":{"rendered":"<p>Vital Activity, amb la col\u00b7laboraci\u00f3 de la Regidoria de la Gent Gran, organitza diverses activitats que tindran lloc durant les pr\u00f2ximes setmanes. No us les perdeu! CASTELLANO | Vital Activity, &hellip; <a href=\"https:\/\/bisbalpenedes.com\/web\/2019\/04\/16\/vital-activity-i-la-regidoria-de-la-gent-gran-han-programat-diversos-tallers-i-activitats\/\" class=\"more-link\">Read More<\/a><\/p>\n","protected":false},"author":4,"featured_media":0,"comment_status":"closed","ping_status":"closed","sticky":false,"template":"","format":"standard","meta":[],"categories":[464],"tags":[2936,305,2935,148,2934,2933,508,2931,2932],"_links":{"self":[{"href":"https:\/\/bisbalpenedes.com\/web\/wp-json\/wp\/v2\/posts\/9316"}],"collection":[{"href":"https:\/\/bisbalpenedes.com\/web\/wp-json\/wp\/v2\/posts"}],"about":[{"href":"https:\/\/bisbalpenedes.com\/web\/wp-json\/wp\/v2\/types\/post"}],"author":[{"embeddable":true,"href":"https:\/\/bisbalpenedes.com\/web\/wp-json\/wp\/v2\/users\/4"}],"replies":[{"embeddable":true,"href":"https:\/\/bisbalpenedes.com\/web\/wp-json\/wp\/v2\/comments?post=9316"}],"version-history":[{"count":2,"href":"https:\/\/bisbalpenedes.com\/web\/wp-json\/wp\/v2\/posts\/9316\/revisions"}],"predecessor-version":[{"id":9329,"href":"https:\/\/bisbalpenedes.com\/web\/wp-json\/wp\/v2\/posts\/9316\/revisions\/9329"}],"wp:attachment":[{"href":"https:\/\/bisbalpenedes.com\/web\/wp-json\/wp\/v2\/media?parent=9316"}],"wp:term":[{"taxonomy":"category","embeddable":true,"href":"https:\/\/bisbalpenedes.com\/web\/wp-json\/wp\/v2\/categories?post=9316"},{"taxonomy":"post_tag","embeddable":true,"href":"https:\/\/bisbalpenedes.com\/web\/wp-json\/wp\/v2\/tags?post=9316"}],"curies":[{"name":"wp","href":"https:\/\/api.w.org\/{rel}","templated":true}]}}