{"id":9301,"date":"2019-04-15T20:10:43","date_gmt":"2019-04-15T19:10:43","guid":{"rendered":"http:\/\/bisbalpenedes.com\/web\/?p=9301"},"modified":"2019-04-15T20:13:01","modified_gmt":"2019-04-15T19:13:01","slug":"aquest-dimarts-comenca-la-campanya-de-la-recollida-de-materia-organica-a-lortigos-i-la-masieta","status":"publish","type":"post","link":"https:\/\/bisbalpenedes.com\/web\/2019\/04\/15\/aquest-dimarts-comenca-la-campanya-de-la-recollida-de-materia-organica-a-lortigos-i-la-masieta\/","title":{"rendered":"Aquest dimarts comen\u00e7a la campanya de la recollida de mat\u00e8ria org\u00e0nica a l&#8217;Ortig\u00f3s i la Masieta"},"content":{"rendered":"<p><a href=\"http:\/\/bisbalpenedes.com\/web\/wp-content\/uploads\/2019\/04\/organica-informadora.jpg\"><img loading=\"lazy\" class=\"aligncenter size-large wp-image-9303\" src=\"http:\/\/bisbalpenedes.com\/web\/wp-content\/uploads\/2019\/04\/organica-informadora-1024x724.jpg\" alt=\"organica informadora\" width=\"630\" height=\"445\" srcset=\"https:\/\/bisbalpenedes.com\/web\/wp-content\/uploads\/2019\/04\/organica-informadora-1024x724.jpg 1024w, https:\/\/bisbalpenedes.com\/web\/wp-content\/uploads\/2019\/04\/organica-informadora-600x424.jpg 600w, https:\/\/bisbalpenedes.com\/web\/wp-content\/uploads\/2019\/04\/organica-informadora-300x212.jpg 300w, https:\/\/bisbalpenedes.com\/web\/wp-content\/uploads\/2019\/04\/organica-informadora-768x543.jpg 768w\" sizes=\"(max-width: 630px) 100vw, 630px\" \/><\/a><\/p>\n<p><span style=\"color: #000000;\">Aquest dimarts comen\u00e7a la campanya informativa de la recollida de la mat\u00e8ria org\u00e0nica, mitjan\u00e7ant el <em>porta a porta<\/em>, a l&#8217;Ortig\u00f3s i la Masieta.\u00a0El proper dissabte\u00a0la informadora tornar\u00e0 a estar, al mat\u00ed, al local social del Priorat.\u00a0<\/span><\/p>\n<p><span style=\"color: #000000;\">Per a m\u00e9s informaci\u00f3 sobre la campanya informativa de la implantaci\u00f3 de la recollida de la mat\u00e8ria org\u00e0nica als barris de fora del nucli, podeu entrar a l&#8217;enlla\u00e7 que trobareu a la part inferior d&#8217;aquesta p\u00e0gina.<\/span><\/p>\n<hr \/>\n<p><span style=\"color: #000000;\"><strong>CASTELLANO |<\/strong>\u00a0Este martes empieza la campa\u00f1a informativa de la recogida de la materia org\u00e1nica, mediante el <em>puerta a puerta<\/em>, en el Ortig\u00f3s y la Masieta. El pr\u00f3ximo s\u00e1bado la informadora volver\u00e1 a estar, por la ma\u00f1ana, en el local social del Priorato.<\/span><\/p>\n<p><span style=\"color: #000000;\">Para m\u00e1s informaci\u00f3n sobre la campa\u00f1a informativa de la implantaci\u00f3n de la recogida de la materia org\u00e1nica en los barrios de fuera del n\u00facleo, pod\u00e9is entrar en el enlace que encontrar\u00e9is en la parte inferior de esta p\u00e1gina.<\/span><\/p>\n<blockquote class=\"wp-embedded-content\" data-secret=\"OCOdX2bcKw\"><p><a href=\"https:\/\/bisbalpenedes.com\/web\/2019\/04\/04\/comenca-la-campanya-informativa-de-la-implantacio-de-la-recollida-materia-organica-als-barris-de-fora-del-nucli\/\">Comen\u00e7a la campanya informativa de la implantaci\u00f3 de la recollida mat\u00e8ria org\u00e0nica als barris de fora del nucli<\/a><\/p><\/blockquote>\n<p><iframe class=\"wp-embedded-content\" sandbox=\"allow-scripts\" security=\"restricted\" style=\"position: absolute; clip: rect(1px, 1px, 1px, 1px);\" title=\"&#8220;Comen\u00e7a la campanya informativa de la implantaci\u00f3 de la recollida mat\u00e8ria org\u00e0nica als barris de fora del nucli&#8221; &#8212; Ajuntament de la Bisbal del Pened\u00e8s\" src=\"https:\/\/bisbalpenedes.com\/web\/2019\/04\/04\/comenca-la-campanya-informativa-de-la-implantacio-de-la-recollida-materia-organica-als-barris-de-fora-del-nucli\/embed\/#?secret=OCOdX2bcKw\" data-secret=\"OCOdX2bcKw\" width=\"600\" height=\"338\" frameborder=\"0\" marginwidth=\"0\" marginheight=\"0\" scrolling=\"no\"><\/iframe><\/p>\n","protected":false},"excerpt":{"rendered":"<p>Aquest dimarts comen\u00e7a la campanya informativa de la recollida de la mat\u00e8ria org\u00e0nica, mitjan\u00e7ant el porta a porta, a l&#8217;Ortig\u00f3s i la Masieta.\u00a0El proper dissabte\u00a0la informadora tornar\u00e0 a estar, al &hellip; <a href=\"https:\/\/bisbalpenedes.com\/web\/2019\/04\/15\/aquest-dimarts-comenca-la-campanya-de-la-recollida-de-materia-organica-a-lortigos-i-la-masieta\/\" class=\"more-link\">Read More<\/a><\/p>\n","protected":false},"author":4,"featured_media":9302,"comment_status":"closed","ping_status":"closed","sticky":false,"template":"","format":"standard","meta":[],"categories":[32],"tags":[358,1131,220,2446,1477],"_links":{"self":[{"href":"https:\/\/bisbalpenedes.com\/web\/wp-json\/wp\/v2\/posts\/9301"}],"collection":[{"href":"https:\/\/bisbalpenedes.com\/web\/wp-json\/wp\/v2\/posts"}],"about":[{"href":"https:\/\/bisbalpenedes.com\/web\/wp-json\/wp\/v2\/types\/post"}],"author":[{"embeddable":true,"href":"https:\/\/bisbalpenedes.com\/web\/wp-json\/wp\/v2\/users\/4"}],"replies":[{"embeddable":true,"href":"https:\/\/bisbalpenedes.com\/web\/wp-json\/wp\/v2\/comments?post=9301"}],"version-history":[{"count":3,"href":"https:\/\/bisbalpenedes.com\/web\/wp-json\/wp\/v2\/posts\/9301\/revisions"}],"predecessor-version":[{"id":9306,"href":"https:\/\/bisbalpenedes.com\/web\/wp-json\/wp\/v2\/posts\/9301\/revisions\/9306"}],"wp:featuredmedia":[{"embeddable":true,"href":"https:\/\/bisbalpenedes.com\/web\/wp-json\/wp\/v2\/media\/9302"}],"wp:attachment":[{"href":"https:\/\/bisbalpenedes.com\/web\/wp-json\/wp\/v2\/media?parent=9301"}],"wp:term":[{"taxonomy":"category","embeddable":true,"href":"https:\/\/bisbalpenedes.com\/web\/wp-json\/wp\/v2\/categories?post=9301"},{"taxonomy":"post_tag","embeddable":true,"href":"https:\/\/bisbalpenedes.com\/web\/wp-json\/wp\/v2\/tags?post=9301"}],"curies":[{"name":"wp","href":"https:\/\/api.w.org\/{rel}","templated":true}]}}