{"id":9298,"date":"2019-04-15T19:43:34","date_gmt":"2019-04-15T18:43:34","guid":{"rendered":"http:\/\/bisbalpenedes.com\/web\/?p=9298"},"modified":"2019-04-15T19:43:34","modified_gmt":"2019-04-15T18:43:34","slug":"aquest-dimarts-a-les-17h-es-fara-un-taller-per-fer-punts-de-llibre-en-forma-de-rosa-i-escuts","status":"publish","type":"post","link":"https:\/\/bisbalpenedes.com\/web\/2019\/04\/15\/aquest-dimarts-a-les-17h-es-fara-un-taller-per-fer-punts-de-llibre-en-forma-de-rosa-i-escuts\/","title":{"rendered":"Aquest dimarts a les 17h es far\u00e0 un taller per fer punts de llibre en forma de rosa i escuts"},"content":{"rendered":"<p><span style=\"color: #000000;\">Aquest dimarts tindr\u00e0 lloc un taller per fer punts de llibre en forma de rosa i escuts. Es far\u00e0 a la Biblioteca p\u00fablica de la Bisbal del Pened\u00e8s a les 17h.<\/span><\/p>\n<hr \/>\n<p><span style=\"color: #000000;\">Este martes tendr\u00e1 lugar un taller para hacer puntos de libro en forma de rosa y escudos. Se har\u00e1 en la Biblioteca p\u00fablica de la Bisbal del Pened\u00e8s a las 17h.<\/span><\/p>\n<p><a href=\"http:\/\/bisbalpenedes.com\/web\/wp-content\/uploads\/2019\/04\/cartell-taller_santa-jordina.jpg\"><img loading=\"lazy\" class=\"aligncenter size-large wp-image-9299\" src=\"http:\/\/bisbalpenedes.com\/web\/wp-content\/uploads\/2019\/04\/cartell-taller_santa-jordina-725x1024.jpg\" alt=\"cartell taller_santa jordina\" width=\"630\" height=\"890\" srcset=\"https:\/\/bisbalpenedes.com\/web\/wp-content\/uploads\/2019\/04\/cartell-taller_santa-jordina-725x1024.jpg 725w, https:\/\/bisbalpenedes.com\/web\/wp-content\/uploads\/2019\/04\/cartell-taller_santa-jordina-600x848.jpg 600w, https:\/\/bisbalpenedes.com\/web\/wp-content\/uploads\/2019\/04\/cartell-taller_santa-jordina-212x300.jpg 212w, https:\/\/bisbalpenedes.com\/web\/wp-content\/uploads\/2019\/04\/cartell-taller_santa-jordina-768x1085.jpg 768w, https:\/\/bisbalpenedes.com\/web\/wp-content\/uploads\/2019\/04\/cartell-taller_santa-jordina.jpg 1241w\" sizes=\"(max-width: 630px) 100vw, 630px\" \/><\/a><\/p>\n","protected":false},"excerpt":{"rendered":"<p>Aquest dimarts tindr\u00e0 lloc un taller per fer punts de llibre en forma de rosa i escuts. Es far\u00e0 a la Biblioteca p\u00fablica de la Bisbal del Pened\u00e8s a les &hellip; <a href=\"https:\/\/bisbalpenedes.com\/web\/2019\/04\/15\/aquest-dimarts-a-les-17h-es-fara-un-taller-per-fer-punts-de-llibre-en-forma-de-rosa-i-escuts\/\" class=\"more-link\">Read More<\/a><\/p>\n","protected":false},"author":4,"featured_media":9299,"comment_status":"closed","ping_status":"closed","sticky":false,"template":"","format":"standard","meta":[],"categories":[13],"tags":[180,2930,226,2927,2928,2926,64,2929,172],"_links":{"self":[{"href":"https:\/\/bisbalpenedes.com\/web\/wp-json\/wp\/v2\/posts\/9298"}],"collection":[{"href":"https:\/\/bisbalpenedes.com\/web\/wp-json\/wp\/v2\/posts"}],"about":[{"href":"https:\/\/bisbalpenedes.com\/web\/wp-json\/wp\/v2\/types\/post"}],"author":[{"embeddable":true,"href":"https:\/\/bisbalpenedes.com\/web\/wp-json\/wp\/v2\/users\/4"}],"replies":[{"embeddable":true,"href":"https:\/\/bisbalpenedes.com\/web\/wp-json\/wp\/v2\/comments?post=9298"}],"version-history":[{"count":1,"href":"https:\/\/bisbalpenedes.com\/web\/wp-json\/wp\/v2\/posts\/9298\/revisions"}],"predecessor-version":[{"id":9300,"href":"https:\/\/bisbalpenedes.com\/web\/wp-json\/wp\/v2\/posts\/9298\/revisions\/9300"}],"wp:featuredmedia":[{"embeddable":true,"href":"https:\/\/bisbalpenedes.com\/web\/wp-json\/wp\/v2\/media\/9299"}],"wp:attachment":[{"href":"https:\/\/bisbalpenedes.com\/web\/wp-json\/wp\/v2\/media?parent=9298"}],"wp:term":[{"taxonomy":"category","embeddable":true,"href":"https:\/\/bisbalpenedes.com\/web\/wp-json\/wp\/v2\/categories?post=9298"},{"taxonomy":"post_tag","embeddable":true,"href":"https:\/\/bisbalpenedes.com\/web\/wp-json\/wp\/v2\/tags?post=9298"}],"curies":[{"name":"wp","href":"https:\/\/api.w.org\/{rel}","templated":true}]}}