{"id":9278,"date":"2019-04-10T12:15:00","date_gmt":"2019-04-10T11:15:00","guid":{"rendered":"http:\/\/bisbalpenedes.com\/web\/?p=9278"},"modified":"2019-04-10T12:15:30","modified_gmt":"2019-04-10T11:15:30","slug":"avis-per-pluja-que-pot-anar-acompanyada-de-tempesta-calamarsa-i-fortes-ratxes-de-vent","status":"publish","type":"post","link":"https:\/\/bisbalpenedes.com\/web\/2019\/04\/10\/avis-per-pluja-que-pot-anar-acompanyada-de-tempesta-calamarsa-i-fortes-ratxes-de-vent\/","title":{"rendered":"Av\u00eds per pluja que pot anar acompanyada de tempesta, calamarsa i fortes ratxes de vent per avui dimecres 10 d&#8217;abril a la tarda"},"content":{"rendered":"<p><span style=\"color: #000000;\">El Meteocat ha em\u00e8s un av\u00eds per intensitat de pluja. Els x\u00e0fecs cauran aquesta tarda (dimecres 10 d&#8217;abril) i, segons han informat des del Meteocat, podrien anar localment acompanyats de tempesta, calamarsa i fortes ratxes de vent.<\/span><\/p>\n<hr \/>\n<p><span style=\"color: #000000;\">El Meteocat ha emitido un aviso por intensidad de lluvia. Los chubascos caer\u00e1n esta tarde (mi\u00e9rcoles 10 de abril) y, seg\u00fan han informado desde el Meteocat, podr\u00edan ir localmente acompa\u00f1ados de tormenta, granizo y fuertes rachas de viento.<\/span><\/p>\n<p><a href=\"http:\/\/bisbalpenedes.com\/web\/wp-content\/uploads\/2019\/04\/avis-meteorologic-190410.jpg\"><img loading=\"lazy\" class=\"aligncenter size-full wp-image-9280\" src=\"http:\/\/bisbalpenedes.com\/web\/wp-content\/uploads\/2019\/04\/avis-meteorologic-190410.jpg\" alt=\"avis meteorologic 190410\" width=\"720\" height=\"960\" srcset=\"https:\/\/bisbalpenedes.com\/web\/wp-content\/uploads\/2019\/04\/avis-meteorologic-190410.jpg 720w, https:\/\/bisbalpenedes.com\/web\/wp-content\/uploads\/2019\/04\/avis-meteorologic-190410-600x800.jpg 600w, https:\/\/bisbalpenedes.com\/web\/wp-content\/uploads\/2019\/04\/avis-meteorologic-190410-225x300.jpg 225w\" sizes=\"(max-width: 720px) 100vw, 720px\" \/><\/a><\/p>\n","protected":false},"excerpt":{"rendered":"<p>El Meteocat ha em\u00e8s un av\u00eds per intensitat de pluja. Els x\u00e0fecs cauran aquesta tarda (dimecres 10 d&#8217;abril) i, segons han informat des del Meteocat, podrien anar localment acompanyats de &hellip; <a href=\"https:\/\/bisbalpenedes.com\/web\/2019\/04\/10\/avis-per-pluja-que-pot-anar-acompanyada-de-tempesta-calamarsa-i-fortes-ratxes-de-vent\/\" class=\"more-link\">Read More<\/a><\/p>\n","protected":false},"author":4,"featured_media":9280,"comment_status":"closed","ping_status":"closed","sticky":false,"template":"","format":"standard","meta":[],"categories":[2543],"tags":[129,2921,2474,2920,1187],"_links":{"self":[{"href":"https:\/\/bisbalpenedes.com\/web\/wp-json\/wp\/v2\/posts\/9278"}],"collection":[{"href":"https:\/\/bisbalpenedes.com\/web\/wp-json\/wp\/v2\/posts"}],"about":[{"href":"https:\/\/bisbalpenedes.com\/web\/wp-json\/wp\/v2\/types\/post"}],"author":[{"embeddable":true,"href":"https:\/\/bisbalpenedes.com\/web\/wp-json\/wp\/v2\/users\/4"}],"replies":[{"embeddable":true,"href":"https:\/\/bisbalpenedes.com\/web\/wp-json\/wp\/v2\/comments?post=9278"}],"version-history":[{"count":3,"href":"https:\/\/bisbalpenedes.com\/web\/wp-json\/wp\/v2\/posts\/9278\/revisions"}],"predecessor-version":[{"id":9283,"href":"https:\/\/bisbalpenedes.com\/web\/wp-json\/wp\/v2\/posts\/9278\/revisions\/9283"}],"wp:featuredmedia":[{"embeddable":true,"href":"https:\/\/bisbalpenedes.com\/web\/wp-json\/wp\/v2\/media\/9280"}],"wp:attachment":[{"href":"https:\/\/bisbalpenedes.com\/web\/wp-json\/wp\/v2\/media?parent=9278"}],"wp:term":[{"taxonomy":"category","embeddable":true,"href":"https:\/\/bisbalpenedes.com\/web\/wp-json\/wp\/v2\/categories?post=9278"},{"taxonomy":"post_tag","embeddable":true,"href":"https:\/\/bisbalpenedes.com\/web\/wp-json\/wp\/v2\/tags?post=9278"}],"curies":[{"name":"wp","href":"https:\/\/api.w.org\/{rel}","templated":true}]}}