{"id":9272,"date":"2019-04-10T10:59:09","date_gmt":"2019-04-10T09:59:09","guid":{"rendered":"http:\/\/bisbalpenedes.com\/web\/?p=9272"},"modified":"2019-04-16T10:15:45","modified_gmt":"2019-04-16T09:15:45","slug":"programa-dactivitats-de-sant-jordi-2019","status":"publish","type":"post","link":"https:\/\/bisbalpenedes.com\/web\/2019\/04\/10\/programa-dactivitats-de-sant-jordi-2019\/","title":{"rendered":"Programa d&#8217;activitats de Sant Jordi 2019"},"content":{"rendered":"<p><a href=\"http:\/\/bisbalpenedes.com\/web\/wp-content\/uploads\/2019\/04\/POSTER-SANT-JORDI-2019.jpg\"><img loading=\"lazy\" class=\"aligncenter size-large wp-image-9273\" src=\"http:\/\/bisbalpenedes.com\/web\/wp-content\/uploads\/2019\/04\/POSTER-SANT-JORDI-2019-724x1024.jpg\" alt=\"POSTER-SANT-JORDI-2019\" width=\"630\" height=\"891\" srcset=\"https:\/\/bisbalpenedes.com\/web\/wp-content\/uploads\/2019\/04\/POSTER-SANT-JORDI-2019-724x1024.jpg 724w, https:\/\/bisbalpenedes.com\/web\/wp-content\/uploads\/2019\/04\/POSTER-SANT-JORDI-2019-600x848.jpg 600w, https:\/\/bisbalpenedes.com\/web\/wp-content\/uploads\/2019\/04\/POSTER-SANT-JORDI-2019-212x300.jpg 212w, https:\/\/bisbalpenedes.com\/web\/wp-content\/uploads\/2019\/04\/POSTER-SANT-JORDI-2019-768x1086.jpg 768w, https:\/\/bisbalpenedes.com\/web\/wp-content\/uploads\/2019\/04\/POSTER-SANT-JORDI-2019.jpg 1754w\" sizes=\"(max-width: 630px) 100vw, 630px\" \/><\/a><\/p>\n<p><span style=\"color: #000000;\">Un any m\u00e9s, la Bisbal celebra la Diada de Sant Jordi. Aquest \u00e9s el programa d&#8217;enguany:<\/span><\/p>\n<p><span style=\"text-decoration: underline; color: #000000;\"><strong>Activitats pr\u00e8vies a la Biblioteca p\u00fablica de la Bisbal del Pened\u00e8s<\/strong><\/span><\/p>\n<p><span style=\"color: #000000;\"><strong>Concurs &#8220;Llibres x llibres&#8221;.<\/strong> Totes les persones que facin \u00fas del servei de pr\u00e9stec de la Biblioteca p\u00fablica de la Bisbal del Pened\u00e8s <strong>entre el 9 i el 25 d&#8217;abril<\/strong>, entraran en el sorteig d&#8217;un llibre infantil, un llibre juvenil i una novel\u00b7la.<\/span><\/p>\n<p><span style=\"color: #000000;\"><strong>Taller &#8220;Sigues Santa Jordina&#8221;.<\/strong> El <strong>dimarts 16 d&#8217;abril, a les 17:00h,<\/strong> tindr\u00e0 lloc un taller infantil en\u00a0el qual, nois i noies, podran fer un punt de llibre en forma de rosa i construir un escut.<\/span><\/p>\n<p><span style=\"color: #000000;\"><strong>Contacontes.<\/strong>\u00a0<strong>El divendres 19 d&#8217;abril<\/strong>, a les 18:00h, es far\u00e0 una edici\u00f3 especial de &#8216;L&#8217;hora del conte&#8217; amb motiu de Sant Jordi.\u00a0<\/span><\/p>\n<h3><span style=\"text-decoration: underline; color: #000000;\">Presentaci\u00f3 del llibre de Sant Jordi<\/span><\/h3>\n<p><span style=\"color: #000000;\"><strong>El dissabte 20 d&#8217;abril, a les 19:00h, al Centre Municipal de Cultura:<\/strong> presentaci\u00f3 del llibre de Sant Jordi d&#8217;enguany, &#8220;El\u00e8ctrica del Panad\u00e8s. L&#8217;empresa bisbalenca que electrific\u00e0 la comarca&#8221;, de Francisco Saumoy Calbet. Es comptar\u00e0 amb la pres\u00e8ncia de la Sra. Carme Mansilla, directora dels Serveis Territorials d&#8217;Empresa i Coneixement de la Generalitat de Catalunya.<\/span><\/p>\n<h2><span style=\"text-decoration: underline; color: #000000;\"><strong>23 d&#8217;abril. Diada de Sant Jordi.<\/strong><\/span><\/h2>\n<p><span style=\"color: #000000;\"><strong>A les 11:00h, a la pista<\/strong> (pla\u00e7a Pau Casals), entrega de premis del concurs literari infantil. Hi haur\u00e0 inflables per als infants.<\/span><\/p>\n<p><span style=\"color: #000000;\"><strong>A les 14:00h, a la pla\u00e7a de l&#8217;Esgl\u00e9sia,<\/strong> xatonada popular i concurs de pastissos (per a informaci\u00f3 i inscripcions, cal adre\u00e7ar-se al local de l&#8217;Associaci\u00f3 de dones La Roca Foradada).\u00a0<\/span><\/p>\n<p><span style=\"color: #000000;\"><strong>Al migdia a la pla\u00e7a de l&#8217;Esgl\u00e9sia i a la tarda al davant del CMC<\/strong>, parada de la Regidoria de Cultura on es podran comprar els llibres de Sant Jordi publicats per l&#8217;Ajuntament de la Bisbal del Pened\u00e8s al llarg d&#8217;aquests anys.<\/span><\/p>\n<p><span style=\"color: #000000;\"><strong>A les 19:00h, a l&#8217;Auditori Salb\u00e0 del CMC<\/strong>, entrega dels premis del Concurs Literari de Sant Jordi. En acabar, mon\u00f2leg a c\u00e0rrec de l&#8217;humorista Ferran Aixal\u00e0.<\/span><\/p>\n<hr \/>\n<p><span style=\"color: #000000;\"><strong>CASTELLANO |<\/strong> Un a\u00f1o m\u00e1s, la Bisbal celebra la Diada de Sant Jordi. Este es el programa de este a\u00f1o:<\/span><\/p>\n<p><span style=\"text-decoration: underline;\"><strong><span style=\"color: #000000; text-decoration: underline;\">Actividades previas en la Biblioteca p\u00fablica de la Bisbal del Pened\u00e8s<\/span><\/strong><\/span><\/p>\n<p><span style=\"color: #000000;\"><strong>Concurso &#8220;Llibres x llibres&#8221;.<\/strong> Todas las personas que hagan uso del servicio de pr\u00e9stamo de la Biblioteca p\u00fablica de la Bisbal del Pened\u00e8s <strong>entre el 9 y el 25 de abril<\/strong>, entrar\u00e1n en el sorteo de un libro infantil, un libro juvenil y una novela.<\/span><\/p>\n<p><span style=\"color: #000000;\"><strong>Taller &#8220;Sigues Santa Jordina&#8221;. El martes 16 de abril, a las 17:00h,<\/strong> tendr\u00e1 lugar un taller infantil en el cual, chicos y chicas, podr\u00e1n ahcer un punto de libro en forma de rosa y construir un escudo.<\/span><\/p>\n<p><span style=\"color: #000000;\"><strong>Cuentacuentos. El viernes 19 de abril, a las 18:00h<\/strong>, se har\u00e1 una edici\u00f3n especial de\u00a0&#8216;La hora del cuento&#8217; con motivo de Sant Jordi<\/span><\/p>\n<h3><span style=\"text-decoration: underline; color: #000000;\">Presentaci\u00f3n del llibro de Sant Jordi<\/span><\/h3>\n<p><span style=\"color: #000000;\"><strong>El s\u00e1bado 20 de abril, a las 19:00h, en el Centre Municipal de Cultura:<\/strong> presentaci\u00f3n del libro de Sant Jordi de este a\u00f1o, &#8220;El\u00e8ctrica del Panad\u00e8s, L&#8217;empresa bisbalenca que electrific\u00e0 la comarca&#8221;, de Francisco Saumoy Calbet. Se contar\u00e1 con la presencia de la Sra. Carme Mansilla, directora de los Servicios Territoriales de Empresa y Conocimiento de la Generalitat de Catalunya.<\/span><\/p>\n<h2><span style=\"color: #000000;\"><strong><span style=\"text-decoration: underline;\">23 de abril. Diada de Sant Jordi.<\/span><\/strong><\/span><\/h2>\n<p><span style=\"color: #000000;\"><strong>A las 11:00h, en la pista (plaza Pau Casals)<\/strong>, entrega de premios del concurso literario infantil. Habr\u00e1 inchables para los ni\u00f1os.<\/span><\/p>\n<p><span style=\"color: #000000;\"><strong>\u00a0A las 14:00h, en la plaza de l&#8217;Esgl\u00e9sia<\/strong>, xatonada popular y concurso de pasteles (para informaci\u00f3n e inscripciones, dirig\u00edos al local de la Associaci\u00f3 de dones La Roca Foradada).<\/span><\/p>\n<p><span style=\"color: #000000;\"><strong>A mediod\u00eda en la plaza de l&#8217;Esgl\u00e9sia y por la tarde delante del CMC,<\/strong> parada de la Concejal\u00eda de Cultura donde se podr\u00e1n comprar los libros de Sant Jordi publicados por el Ayuntamiento de la Bisbal del Pened\u00e8s a lo largo de estos a\u00f1os.<\/span><\/p>\n<p><span style=\"color: #000000;\"><strong>A las 19:00h, en el Auditorio Salb\u00e0 del CMC,<\/strong> entrega de los premios del Concurso Literario de Sant Jordi. Al finalizar, mon\u00f3logo a cargo del humorista Ferran Aixal\u00e0.<\/span><\/p>\n<h2><\/h2>\n<p>&nbsp;<\/p>\n","protected":false},"excerpt":{"rendered":"<p>Un any m\u00e9s, la Bisbal celebra la Diada de Sant Jordi. Aquest \u00e9s el programa d&#8217;enguany: Activitats pr\u00e8vies a la Biblioteca p\u00fablica de la Bisbal del Pened\u00e8s Concurs &#8220;Llibres x &hellip; <a href=\"https:\/\/bisbalpenedes.com\/web\/2019\/04\/10\/programa-dactivitats-de-sant-jordi-2019\/\" class=\"more-link\">Read More<\/a><\/p>\n","protected":false},"author":4,"featured_media":9273,"comment_status":"closed","ping_status":"closed","sticky":false,"template":"","format":"standard","meta":[],"categories":[13],"tags":[1624,1633,421,2918,148,2919,64,2917,508,2916],"_links":{"self":[{"href":"https:\/\/bisbalpenedes.com\/web\/wp-json\/wp\/v2\/posts\/9272"}],"collection":[{"href":"https:\/\/bisbalpenedes.com\/web\/wp-json\/wp\/v2\/posts"}],"about":[{"href":"https:\/\/bisbalpenedes.com\/web\/wp-json\/wp\/v2\/types\/post"}],"author":[{"embeddable":true,"href":"https:\/\/bisbalpenedes.com\/web\/wp-json\/wp\/v2\/users\/4"}],"replies":[{"embeddable":true,"href":"https:\/\/bisbalpenedes.com\/web\/wp-json\/wp\/v2\/comments?post=9272"}],"version-history":[{"count":5,"href":"https:\/\/bisbalpenedes.com\/web\/wp-json\/wp\/v2\/posts\/9272\/revisions"}],"predecessor-version":[{"id":9342,"href":"https:\/\/bisbalpenedes.com\/web\/wp-json\/wp\/v2\/posts\/9272\/revisions\/9342"}],"wp:featuredmedia":[{"embeddable":true,"href":"https:\/\/bisbalpenedes.com\/web\/wp-json\/wp\/v2\/media\/9273"}],"wp:attachment":[{"href":"https:\/\/bisbalpenedes.com\/web\/wp-json\/wp\/v2\/media?parent=9272"}],"wp:term":[{"taxonomy":"category","embeddable":true,"href":"https:\/\/bisbalpenedes.com\/web\/wp-json\/wp\/v2\/categories?post=9272"},{"taxonomy":"post_tag","embeddable":true,"href":"https:\/\/bisbalpenedes.com\/web\/wp-json\/wp\/v2\/tags?post=9272"}],"curies":[{"name":"wp","href":"https:\/\/api.w.org\/{rel}","templated":true}]}}