{"id":9250,"date":"2019-05-14T18:03:49","date_gmt":"2019-05-14T17:03:49","guid":{"rendered":"http:\/\/bisbalpenedes.com\/web\/?p=9250"},"modified":"2019-05-14T18:03:49","modified_gmt":"2019-05-14T17:03:49","slug":"han-comencat-les-obres-de-renovacio-de-la-xarxa-de-distribucio-daigua-potable-al-papagai","status":"publish","type":"post","link":"https:\/\/bisbalpenedes.com\/web\/2019\/05\/14\/han-comencat-les-obres-de-renovacio-de-la-xarxa-de-distribucio-daigua-potable-al-papagai\/","title":{"rendered":"Han comen\u00e7at les obres de renovaci\u00f3 de la xarxa de distribuci\u00f3 d&#8217;aigua potable al Papagai"},"content":{"rendered":"<p style=\"text-align: justify;\"><a href=\"http:\/\/bisbalpenedes.com\/web\/wp-content\/uploads\/2019\/05\/INICI-OBRES-ARRANJAMENT-AIGUA-PAPAGAI.jpg\"><img loading=\"lazy\" class=\"aligncenter size-medium wp-image-9577\" src=\"http:\/\/bisbalpenedes.com\/web\/wp-content\/uploads\/2019\/05\/INICI-OBRES-ARRANJAMENT-AIGUA-PAPAGAI-300x225.jpg\" alt=\"INICI OBRES ARRANJAMENT AIGUA PAPAGAI\" width=\"300\" height=\"225\" srcset=\"https:\/\/bisbalpenedes.com\/web\/wp-content\/uploads\/2019\/05\/INICI-OBRES-ARRANJAMENT-AIGUA-PAPAGAI-300x225.jpg 300w, https:\/\/bisbalpenedes.com\/web\/wp-content\/uploads\/2019\/05\/INICI-OBRES-ARRANJAMENT-AIGUA-PAPAGAI-600x450.jpg 600w, https:\/\/bisbalpenedes.com\/web\/wp-content\/uploads\/2019\/05\/INICI-OBRES-ARRANJAMENT-AIGUA-PAPAGAI-768x576.jpg 768w, https:\/\/bisbalpenedes.com\/web\/wp-content\/uploads\/2019\/05\/INICI-OBRES-ARRANJAMENT-AIGUA-PAPAGAI-1024x768.jpg 1024w\" sizes=\"(max-width: 300px) 100vw, 300px\" \/><\/a><\/p>\n<p style=\"text-align: justify;\"><span style=\"color: #000000;\">L&#8217;Ajuntament de la Bisbal del Pened\u00e8s informa que han comen\u00e7at les obres de renovaci\u00f3 de la xarxa de distribuci\u00f3 d&#8217;aigua potable dels carrers Alosa i Cadernera del Papagai.<\/span><\/p>\n<p style=\"text-align: justify;\"><span style=\"color: #000000;\">En\u00a0aquesta intervenci\u00f3 se substituir\u00e0 l&#8217;actual tub per canonada de polietil\u00e8 de 90 mm de di\u00e0metre i tamb\u00e9 es canviaran les escomeses domicili\u00e0ries.<\/span><\/p>\n<p style=\"text-align: justify;\"><span style=\"color: #000000;\">El passat 3 de gener de 2019 es van adjudicar les obres de renovaci\u00f3 de la xarxa d&#8217;aigua dels carrers Alosa i Cadernera per 45.044,36\u20ac (IVA incl\u00f2s) a l&#8217;empresa FCC Aqualia SA.<\/span><\/p>\n<hr \/>\n<p style=\"text-align: justify;\"><span style=\"color: #000000;\"><strong>CASTELLANO<\/strong>\u00a0| El Ayuntamiento de la Bisbal del Pened\u00e8s informa que han empezado las obras de renovaci\u00f3n de la red de distribuci\u00f3n de agua potable de las calles Alosa y Cadernera del Papagai.<\/span><\/p>\n<p style=\"text-align: justify;\"><span style=\"color: #000000;\">En\u00a0esta intervenci\u00f3n se sustituir\u00e1 el actual tubo por tuber\u00eda de polietileno de 90mm de di\u00e1metro y tambi\u00e9n se cambiar\u00e1n las cometidas domiciliarias.<\/span><\/p>\n<p style=\"text-align: justify;\"><span style=\"color: #000000;\">El pasado 3 de enero del 2019 se adjudicaron las obras de renovaci\u00f3n de la red de agua de las calles Alosa y Cadernera por 45.044,36\u20ac (IVA incluido) a la empresa FCC Aqualia SA.<\/span><\/p>\n","protected":false},"excerpt":{"rendered":"<p>L&#8217;Ajuntament de la Bisbal del Pened\u00e8s informa que han comen\u00e7at les obres de renovaci\u00f3 de la xarxa de distribuci\u00f3 d&#8217;aigua potable dels carrers Alosa i Cadernera del Papagai. En\u00a0aquesta intervenci\u00f3 &hellip; <a href=\"https:\/\/bisbalpenedes.com\/web\/2019\/05\/14\/han-comencat-les-obres-de-renovacio-de-la-xarxa-de-distribucio-daigua-potable-al-papagai\/\" class=\"more-link\">Read More<\/a><\/p>\n","protected":false},"author":4,"featured_media":9577,"comment_status":"closed","ping_status":"closed","sticky":false,"template":"","format":"standard","meta":[],"categories":[8,15],"tags":[161,649,3005,21,24],"_links":{"self":[{"href":"https:\/\/bisbalpenedes.com\/web\/wp-json\/wp\/v2\/posts\/9250"}],"collection":[{"href":"https:\/\/bisbalpenedes.com\/web\/wp-json\/wp\/v2\/posts"}],"about":[{"href":"https:\/\/bisbalpenedes.com\/web\/wp-json\/wp\/v2\/types\/post"}],"author":[{"embeddable":true,"href":"https:\/\/bisbalpenedes.com\/web\/wp-json\/wp\/v2\/users\/4"}],"replies":[{"embeddable":true,"href":"https:\/\/bisbalpenedes.com\/web\/wp-json\/wp\/v2\/comments?post=9250"}],"version-history":[{"count":3,"href":"https:\/\/bisbalpenedes.com\/web\/wp-json\/wp\/v2\/posts\/9250\/revisions"}],"predecessor-version":[{"id":9578,"href":"https:\/\/bisbalpenedes.com\/web\/wp-json\/wp\/v2\/posts\/9250\/revisions\/9578"}],"wp:featuredmedia":[{"embeddable":true,"href":"https:\/\/bisbalpenedes.com\/web\/wp-json\/wp\/v2\/media\/9577"}],"wp:attachment":[{"href":"https:\/\/bisbalpenedes.com\/web\/wp-json\/wp\/v2\/media?parent=9250"}],"wp:term":[{"taxonomy":"category","embeddable":true,"href":"https:\/\/bisbalpenedes.com\/web\/wp-json\/wp\/v2\/categories?post=9250"},{"taxonomy":"post_tag","embeddable":true,"href":"https:\/\/bisbalpenedes.com\/web\/wp-json\/wp\/v2\/tags?post=9250"}],"curies":[{"name":"wp","href":"https:\/\/api.w.org\/{rel}","templated":true}]}}