{"id":9233,"date":"2019-04-05T12:36:04","date_gmt":"2019-04-05T11:36:04","guid":{"rendered":"http:\/\/bisbalpenedes.com\/web\/?p=9233"},"modified":"2019-04-05T12:36:04","modified_gmt":"2019-04-05T11:36:04","slug":"dos-taekwondistes-bisbalencs-esdevenen-campions-de-catalunya-en-la-seva-categoria","status":"publish","type":"post","link":"https:\/\/bisbalpenedes.com\/web\/2019\/04\/05\/dos-taekwondistes-bisbalencs-esdevenen-campions-de-catalunya-en-la-seva-categoria\/","title":{"rendered":"Dos taekwondistes bisbalencs esdevenen campions de Catalunya en la seva categoria"},"content":{"rendered":"<p><span style=\"color: #000000;\"><a style=\"color: #000000;\" href=\"http:\/\/bisbalpenedes.com\/web\/wp-content\/uploads\/2019\/04\/IMG_5526.jpeg\"><img loading=\"lazy\" class=\"aligncenter size-large wp-image-9234\" src=\"http:\/\/bisbalpenedes.com\/web\/wp-content\/uploads\/2019\/04\/IMG_5526-1024x768.jpeg\" alt=\"taekwondistes bisbalencs\" width=\"630\" height=\"473\" srcset=\"https:\/\/bisbalpenedes.com\/web\/wp-content\/uploads\/2019\/04\/IMG_5526-1024x768.jpeg 1024w, https:\/\/bisbalpenedes.com\/web\/wp-content\/uploads\/2019\/04\/IMG_5526-600x450.jpeg 600w, https:\/\/bisbalpenedes.com\/web\/wp-content\/uploads\/2019\/04\/IMG_5526-300x225.jpeg 300w, https:\/\/bisbalpenedes.com\/web\/wp-content\/uploads\/2019\/04\/IMG_5526-768x576.jpeg 768w\" sizes=\"(max-width: 630px) 100vw, 630px\" \/><\/a><\/span><\/p>\n<p><span style=\"color: #000000;\">El passat 24 de mar\u00e7, cinc taekwondistes bisbalencs van participar en el Campionat de Catalunya infantil de taekwondo, que va tenir lloc al Poliesportiu de la Mar Bella de Barcelona.<\/span><\/p>\n<p><span style=\"color: #000000;\">Els cinc taekwondistes formen part del Club Taekwondo Ol\u00edmpic del Vendrell i els seus mestres, tamb\u00e9 bisbalencs, s\u00f3n l\u2019Albert i la Irene Calvo.<\/span><\/p>\n<p><span style=\"color: #000000;\">Irene Calvo ha explicat que \u201cvan aconseguir dues medalles d\u2019or, dues medalles de bronze i una participaci\u00f3 i, tots cinc, van realitzar un gran treball. De fet, per a molts era el seu primer campionat oficial i ho van fer molt b\u00e9\u201d.<\/span><\/p>\n<p><span style=\"color: #000000;\">Aix\u00ed, Jordi Ruiz \u00e9s campi\u00f3 de Catalunya en la categoria -25Kg, en la qual va obtenir la medalla d\u2019or. Luc\u00eda Ruiz \u00e9s campiona de Catalunya en la categoria -40Kg, en la qual va obtenir la medalla d\u2019or. Iion V\u00e9lez va obtenir la medalla de bronze en la categoria -34Kg, L\u00eda V\u00e9lez va quedar tamb\u00e9 tercera de Catalunya, amb medalla de bronze, en la categoria +59Kg i Leonor Romero va obtenir la medalla de participaci\u00f3 en la categoria -41Kg.<\/span><\/p>\n<p><span style=\"color: #000000;\">Des de l\u2019Ajuntament de la Bisbal del Pened\u00e8s felicitem els esportistes bisbalencs i els seus mestres i els encoratgem a seguir treballant per assolir les seves fites.<\/span><\/p>\n<hr \/>\n<p><span style=\"color: #000000;\"><strong>CASTELLANO |<\/strong> El pasado 24 de marzo, cinco taekwondistas de la Bisbal participaron en el Campeonato de Catalunya infantil de taekwondo, que tuvo lugar en el Polideportivo de la Mar Bella de Barcelona.<\/span><\/p>\n<p><span style=\"color: #000000;\">Los cinco taekwondistas forman parte del Club Taekwondo Ol\u00edmpic del Vendrell y sus maestros, tambi\u00e9n de la Bisbal, son Albert e Irene Calvo.<\/span><\/p>\n<p><span style=\"color: #000000;\">Irene Calvo ha explicado que &#8220;consiguieron dos medallas de oro, dos medallas de bronce y una participaci\u00f3n y, los cinco, realizaron un gran trabajo. De hecho, para muchos era su primer campeonato oficial y lo hicieron muy bien&#8221;.<\/span><\/p>\n<p><span style=\"color: #000000;\">As\u00ed, Jordi Ruiz es campe\u00f3n de Catalunya en la categor\u00eda -25Kg, en la cual obtuvo la medalla de oro. Luc\u00eda Ruiz es campeona de Catalunya en la categor\u00eda -40Kg, en la que obtuvo la medalla de oro. Ion V\u00e9lez obtuvo la\u00a0 medalla de bronce en la categor\u00eda -34Kg, L\u00eda V\u00e9lez qued\u00f3 tambi\u00e9n tercera de Catalunya, con medalla de bronce, en la categor\u00eda +59Kg y Leonor Romero obtuvo la medalla de participaci\u00f3n en la categor\u00eda -41Kg.<\/span><\/p>\n<p><span style=\"color: #000000;\">Desde el Ayuntamiento de la Bisbal del Pened\u00e8s felicitamos a los deportistas bisbalencs y a sus maestros y los animamos a seguir trabajando para alcanzar sus metas.<\/span><\/p>\n<p>&nbsp;<\/p>\n<p>&nbsp;<\/p>\n","protected":false},"excerpt":{"rendered":"<p>El passat 24 de mar\u00e7, cinc taekwondistes bisbalencs van participar en el Campionat de Catalunya infantil de taekwondo, que va tenir lloc al Poliesportiu de la Mar Bella de Barcelona. &hellip; <a href=\"https:\/\/bisbalpenedes.com\/web\/2019\/04\/05\/dos-taekwondistes-bisbalencs-esdevenen-campions-de-catalunya-en-la-seva-categoria\/\" class=\"more-link\">Read More<\/a><\/p>\n","protected":false},"author":4,"featured_media":9234,"comment_status":"closed","ping_status":"closed","sticky":false,"template":"","format":"standard","meta":[],"categories":[19],"tags":[319,1433,1437,1960,1428],"_links":{"self":[{"href":"https:\/\/bisbalpenedes.com\/web\/wp-json\/wp\/v2\/posts\/9233"}],"collection":[{"href":"https:\/\/bisbalpenedes.com\/web\/wp-json\/wp\/v2\/posts"}],"about":[{"href":"https:\/\/bisbalpenedes.com\/web\/wp-json\/wp\/v2\/types\/post"}],"author":[{"embeddable":true,"href":"https:\/\/bisbalpenedes.com\/web\/wp-json\/wp\/v2\/users\/4"}],"replies":[{"embeddable":true,"href":"https:\/\/bisbalpenedes.com\/web\/wp-json\/wp\/v2\/comments?post=9233"}],"version-history":[{"count":1,"href":"https:\/\/bisbalpenedes.com\/web\/wp-json\/wp\/v2\/posts\/9233\/revisions"}],"predecessor-version":[{"id":9236,"href":"https:\/\/bisbalpenedes.com\/web\/wp-json\/wp\/v2\/posts\/9233\/revisions\/9236"}],"wp:featuredmedia":[{"embeddable":true,"href":"https:\/\/bisbalpenedes.com\/web\/wp-json\/wp\/v2\/media\/9234"}],"wp:attachment":[{"href":"https:\/\/bisbalpenedes.com\/web\/wp-json\/wp\/v2\/media?parent=9233"}],"wp:term":[{"taxonomy":"category","embeddable":true,"href":"https:\/\/bisbalpenedes.com\/web\/wp-json\/wp\/v2\/categories?post=9233"},{"taxonomy":"post_tag","embeddable":true,"href":"https:\/\/bisbalpenedes.com\/web\/wp-json\/wp\/v2\/tags?post=9233"}],"curies":[{"name":"wp","href":"https:\/\/api.w.org\/{rel}","templated":true}]}}