{"id":9222,"date":"2019-04-04T09:37:25","date_gmt":"2019-04-04T08:37:25","guid":{"rendered":"http:\/\/bisbalpenedes.com\/web\/?p=9222"},"modified":"2019-04-05T13:30:13","modified_gmt":"2019-04-05T12:30:13","slug":"comenca-la-campanya-informativa-de-la-implantacio-de-la-recollida-materia-organica-als-barris-de-fora-del-nucli","status":"publish","type":"post","link":"https:\/\/bisbalpenedes.com\/web\/2019\/04\/04\/comenca-la-campanya-informativa-de-la-implantacio-de-la-recollida-materia-organica-als-barris-de-fora-del-nucli\/","title":{"rendered":"Comen\u00e7a la campanya informativa de la implantaci\u00f3 de la recollida mat\u00e8ria org\u00e0nica als barris de fora del nucli"},"content":{"rendered":"<p><span style=\"color: #000000;\"><a style=\"color: #000000;\" href=\"http:\/\/bisbalpenedes.com\/web\/wp-content\/uploads\/2019\/04\/PHOTO-2019-04-03-11-42-10-e1554366433359.jpg\"><img loading=\"lazy\" class=\"aligncenter wp-image-9223 size-large\" src=\"http:\/\/bisbalpenedes.com\/web\/wp-content\/uploads\/2019\/04\/PHOTO-2019-04-03-11-42-10-e1554366433359-1024x776.jpg\" alt=\"Material materia organica campanya\" width=\"630\" height=\"477\" srcset=\"https:\/\/bisbalpenedes.com\/web\/wp-content\/uploads\/2019\/04\/PHOTO-2019-04-03-11-42-10-e1554366433359-1024x776.jpg 1024w, https:\/\/bisbalpenedes.com\/web\/wp-content\/uploads\/2019\/04\/PHOTO-2019-04-03-11-42-10-e1554366433359-600x455.jpg 600w, https:\/\/bisbalpenedes.com\/web\/wp-content\/uploads\/2019\/04\/PHOTO-2019-04-03-11-42-10-e1554366433359-300x227.jpg 300w, https:\/\/bisbalpenedes.com\/web\/wp-content\/uploads\/2019\/04\/PHOTO-2019-04-03-11-42-10-e1554366433359-768x582.jpg 768w, https:\/\/bisbalpenedes.com\/web\/wp-content\/uploads\/2019\/04\/PHOTO-2019-04-03-11-42-10-e1554366433359.jpg 1172w\" sizes=\"(max-width: 630px) 100vw, 630px\" \/><\/a><\/span><\/p>\n<p style=\"text-align: justify;\"><span style=\"color: #000000;\">L&#8217;Ajuntament de la Bisbal del Pened\u00e8s\u00a0ha iniciat una campanya informativa i de conscienciaci\u00f3, als barris del Priorat, la Miralba, Can Gordei, l\u2019Esplai, la Masieta, l\u2019Ortig\u00f3s i el Papagai, per informar sobre la nova implantaci\u00f3 del servei de recollida de mat\u00e8ria org\u00e0nica. A partir d\u2019avui dijous 4 d\u2019abril, una educadora ambiental s\u2019encarregar\u00e0 de passar pels domicilis per informar sobre el servei de recollida de mat\u00e8ria org\u00e0nica i fer entrega del cubell i el paquet de bosses compostables. Paral\u00b7lelament, es comen\u00e7aran a col\u00b7locar els contenidors de fracci\u00f3 org\u00e0nica a les illes de contenidors.<\/span><\/p>\n<figure id=\"attachment_9224\" aria-describedby=\"caption-attachment-9224\" style=\"width: 250px\" class=\"wp-caption aligncenter\"><a style=\"color: #000000;\" href=\"http:\/\/bisbalpenedes.com\/web\/wp-content\/uploads\/2019\/04\/PHOTO-2019-04-03-11-05-45-e1554366606819.jpg\"><img loading=\"lazy\" class=\"size-medium wp-image-9224\" src=\"http:\/\/bisbalpenedes.com\/web\/wp-content\/uploads\/2019\/04\/PHOTO-2019-04-03-11-05-45-e1554366606819-250x300.jpg\" alt=\"La Patr\u00edcia, l\u2019educadora ambiental que realitzar\u00e0 la campanya informativa, amb la Regidora de Medi Ambient, Leo Uceda\" width=\"250\" height=\"300\" srcset=\"https:\/\/bisbalpenedes.com\/web\/wp-content\/uploads\/2019\/04\/PHOTO-2019-04-03-11-05-45-e1554366606819-250x300.jpg 250w, https:\/\/bisbalpenedes.com\/web\/wp-content\/uploads\/2019\/04\/PHOTO-2019-04-03-11-05-45-e1554366606819-600x721.jpg 600w, https:\/\/bisbalpenedes.com\/web\/wp-content\/uploads\/2019\/04\/PHOTO-2019-04-03-11-05-45-e1554366606819-768x923.jpg 768w, https:\/\/bisbalpenedes.com\/web\/wp-content\/uploads\/2019\/04\/PHOTO-2019-04-03-11-05-45-e1554366606819-852x1024.jpg 852w, https:\/\/bisbalpenedes.com\/web\/wp-content\/uploads\/2019\/04\/PHOTO-2019-04-03-11-05-45-e1554366606819.jpg 991w\" sizes=\"(max-width: 250px) 100vw, 250px\" \/><\/a><figcaption id=\"caption-attachment-9224\" class=\"wp-caption-text\"><span style=\"color: #000000;\">La Patr\u00edcia, l\u2019educadora ambiental que realitzar\u00e0 la campanya informativa, amb la Regidora de Medi Ambient, Leo Uceda<\/span><\/figcaption><\/figure>\n<p style=\"text-align: justify;\"><span style=\"color: #000000;\">La Regidoria de Medi Ambient vol millorar la recollida de mat\u00e8ria org\u00e0nica al municipi i, per aquest motiu, treballa per implantar la recollida de mat\u00e8ria org\u00e0nica als barris del Priorat de la Bisbal, la Miralba, Can Gordei, l\u2019Esplai, la Masieta, l\u2019Ortig\u00f3s i el Papagai (no s\u2019inclouen el nucli i la Pineda de Santa Cristina perqu\u00e8, al nucli ja es recull la mat\u00e8ria org\u00e0nica de forma separada i, a la Pineda de Santa Cristina, el servei de recollida d\u2019escombraries el gestiona l\u2019Ajuntament de Rodony\u00e0). En les properes setmanes es col\u00b7locaran 50 contenidors de fracci\u00f3 org\u00e0nica (FORM-Fracci\u00f3 Org\u00e0nica de Residus Municipals) de 240l i es repartiran 1.900 cubells de FORM de 10l i 1.900 paquets de 30 bosses compostables de 10l.<\/span><\/p>\n<p style=\"text-align: justify;\"><span style=\"color: #000000;\">La campanya informativa es dur\u00e0 a terme a tots els barris on estigui prevista la implantaci\u00f3 del sistema de recollida de mat\u00e8ria org\u00e0nica. Cada setmana es treballar\u00e0 un barri diferent i, a partir de la setmana vinent, hi haur\u00e0 un punt d\u2019atenci\u00f3 i informaci\u00f3, cada dissabte, al barri que s\u2019hagi fet campanya informativa durant aquella setmana (sempre que el barri compti amb un local social). Avui\u00a0 la informadora ha comen\u00e7at a informar\u00a0els ve\u00efns del Priorat de la Bisbal per\u00f2, aquest dissabte, encara no hi haur\u00e0 punt d\u2019atenci\u00f3 al local social.<\/span><\/p>\n<hr \/>\n<p style=\"text-align: justify;\"><span style=\"color: #000000;\"><a style=\"color: #000000;\" href=\"http:\/\/bisbalpenedes.com\/web\/wp-content\/uploads\/2019\/04\/PHOTO-2019-04-03-11-42-10-e1554366433359.jpg\"><img loading=\"lazy\" class=\"aligncenter wp-image-9223 size-large\" src=\"http:\/\/bisbalpenedes.com\/web\/wp-content\/uploads\/2019\/04\/PHOTO-2019-04-03-11-42-10-e1554366433359-1024x776.jpg\" alt=\"Material materia organica campanya\" width=\"630\" height=\"477\" srcset=\"https:\/\/bisbalpenedes.com\/web\/wp-content\/uploads\/2019\/04\/PHOTO-2019-04-03-11-42-10-e1554366433359-1024x776.jpg 1024w, https:\/\/bisbalpenedes.com\/web\/wp-content\/uploads\/2019\/04\/PHOTO-2019-04-03-11-42-10-e1554366433359-600x455.jpg 600w, https:\/\/bisbalpenedes.com\/web\/wp-content\/uploads\/2019\/04\/PHOTO-2019-04-03-11-42-10-e1554366433359-300x227.jpg 300w, https:\/\/bisbalpenedes.com\/web\/wp-content\/uploads\/2019\/04\/PHOTO-2019-04-03-11-42-10-e1554366433359-768x582.jpg 768w, https:\/\/bisbalpenedes.com\/web\/wp-content\/uploads\/2019\/04\/PHOTO-2019-04-03-11-42-10-e1554366433359.jpg 1172w\" sizes=\"(max-width: 630px) 100vw, 630px\" \/><\/a><\/span><\/p>\n<p style=\"text-align: justify;\"><span style=\"color: #000000;\"><strong>CASTELLANO |<\/strong> El Ayuntamiento de la Bisbal del Pened\u00e8s ha iniciado una campa\u00f1a informativa y de concienciaci\u00f3n, en los barrios del Priorat, la Miralba, Can Gordei, l&#8217;Esplai, la Masieta, l&#8217;Ortig\u00f3s y el Papagai, para informar sobre la nueva implantaci\u00f3n del servicio de recogida de materia org\u00e1nica. A partir de hoy jueves 4 de abril, una educadora ambiental se encaragar\u00e1 de pasar por los domicilios para informar sobre el servicio de recogida de materia org\u00e1nica y hacer entrega del cubo y el paquete de bolsas compostables. Paralelamente, se empezar\u00e1n a colocar los contenedores de fracci\u00f3n org\u00e1nica en las islas de contenedores.<\/span><\/p>\n<figure id=\"attachment_9224\" aria-describedby=\"caption-attachment-9224\" style=\"width: 250px\" class=\"wp-caption aligncenter\"><a style=\"color: #000000;\" href=\"http:\/\/bisbalpenedes.com\/web\/wp-content\/uploads\/2019\/04\/PHOTO-2019-04-03-11-05-45-e1554366606819.jpg\"><img loading=\"lazy\" class=\"size-medium wp-image-9224\" src=\"http:\/\/bisbalpenedes.com\/web\/wp-content\/uploads\/2019\/04\/PHOTO-2019-04-03-11-05-45-e1554366606819-250x300.jpg\" alt=\"Patr\u00edcia, la educadora ambiental que realizar\u00e1 la campa\u00f1a informativa, con la regidora de Medio Ambiente, Leo Uceda\" width=\"250\" height=\"300\" srcset=\"https:\/\/bisbalpenedes.com\/web\/wp-content\/uploads\/2019\/04\/PHOTO-2019-04-03-11-05-45-e1554366606819-250x300.jpg 250w, https:\/\/bisbalpenedes.com\/web\/wp-content\/uploads\/2019\/04\/PHOTO-2019-04-03-11-05-45-e1554366606819-600x721.jpg 600w, https:\/\/bisbalpenedes.com\/web\/wp-content\/uploads\/2019\/04\/PHOTO-2019-04-03-11-05-45-e1554366606819-768x923.jpg 768w, https:\/\/bisbalpenedes.com\/web\/wp-content\/uploads\/2019\/04\/PHOTO-2019-04-03-11-05-45-e1554366606819-852x1024.jpg 852w, https:\/\/bisbalpenedes.com\/web\/wp-content\/uploads\/2019\/04\/PHOTO-2019-04-03-11-05-45-e1554366606819.jpg 991w\" sizes=\"(max-width: 250px) 100vw, 250px\" \/><\/a><figcaption id=\"caption-attachment-9224\" class=\"wp-caption-text\"><span style=\"color: #000000;\">Patr\u00edcia, la educadora ambiental que realizar\u00e1 la campa\u00f1a informativa, con la regidora de Medio Ambiente, Leo Uceda<\/span><\/figcaption><\/figure>\n<p style=\"text-align: justify;\"><span style=\"color: #000000;\">La Concejal\u00eda de Medio Ambiente quiere mejorar la recogida de materia org\u00e1nica en el municipio y, por este motivo, trabaja para implantar la recogida de materia org\u00e1nica en los barrios del Priorat de la Bisbal, la Miralba, Can Gordei, l&#8217;Esplai, la Masieta, l&#8217;Ortig\u00f3s y el Papagai (no se incluyen el n\u00facleo y la Pineda de Santa Cristina porqu\u00e9, en el n\u00facleo ya se recoje la materia org\u00e1nica de forma separada y, en la Pineda de Santa Cristina, el servicio de recogida de basuras lo gestiona el Ayuntamiento de Rodony\u00e0). En las pr\u00f3ximas semanas se colocar\u00e1n 50 contenedores de fracci\u00f3n org\u00e1nica (FORM-Fracci\u00f3n Org\u00e1nica de Residuos Municipales) de 240l y se repartir\u00e1n 1.900 cubos de FORM de 10l y 1.900 paquetes de 30 bolsas compostables de 10l.<\/span><\/p>\n<p style=\"text-align: justify;\"><span style=\"color: #000000;\">La campa\u00f1a informativa se llevar\u00e1 a cabo en todos los barrios donde est\u00e9 prevista la implantaci\u00f3n del sistema de recogida de materia org\u00e1nica. Cada semana se trabajar\u00e1 un barrio diferente y, a partir de la semana que viene, habr\u00e1 un punto de atenci\u00f3n e informaci\u00f3n, cada s\u00e1bado, en el barrio en el que se haya hecho campa\u00f1a informativa durante aquella semana (siempre que el barrio cuente con un local social). Hoy la informadora ha empezado a informar a los vecinos del Priorat de la Bisbal pero, este s\u00e1bado, todav\u00eda no habr\u00e1 punto de atenci\u00f3n en el local social.<\/span><\/p>\n<p>&nbsp;<\/p>\n<p>&nbsp;<\/p>\n","protected":false},"excerpt":{"rendered":"<p>L&#8217;Ajuntament de la Bisbal del Pened\u00e8s\u00a0ha iniciat una campanya informativa i de conscienciaci\u00f3, als barris del Priorat, la Miralba, Can Gordei, l\u2019Esplai, la Masieta, l\u2019Ortig\u00f3s i el Papagai, per informar &hellip; <a href=\"https:\/\/bisbalpenedes.com\/web\/2019\/04\/04\/comenca-la-campanya-informativa-de-la-implantacio-de-la-recollida-materia-organica-als-barris-de-fora-del-nucli\/\" class=\"more-link\">Read More<\/a><\/p>\n","protected":false},"author":4,"featured_media":9223,"comment_status":"closed","ping_status":"closed","sticky":false,"template":"","format":"standard","meta":[],"categories":[32],"tags":[358,198,625,138,2911,1908,246,220,137,24,520,1981],"_links":{"self":[{"href":"https:\/\/bisbalpenedes.com\/web\/wp-json\/wp\/v2\/posts\/9222"}],"collection":[{"href":"https:\/\/bisbalpenedes.com\/web\/wp-json\/wp\/v2\/posts"}],"about":[{"href":"https:\/\/bisbalpenedes.com\/web\/wp-json\/wp\/v2\/types\/post"}],"author":[{"embeddable":true,"href":"https:\/\/bisbalpenedes.com\/web\/wp-json\/wp\/v2\/users\/4"}],"replies":[{"embeddable":true,"href":"https:\/\/bisbalpenedes.com\/web\/wp-json\/wp\/v2\/comments?post=9222"}],"version-history":[{"count":2,"href":"https:\/\/bisbalpenedes.com\/web\/wp-json\/wp\/v2\/posts\/9222\/revisions"}],"predecessor-version":[{"id":9242,"href":"https:\/\/bisbalpenedes.com\/web\/wp-json\/wp\/v2\/posts\/9222\/revisions\/9242"}],"wp:featuredmedia":[{"embeddable":true,"href":"https:\/\/bisbalpenedes.com\/web\/wp-json\/wp\/v2\/media\/9223"}],"wp:attachment":[{"href":"https:\/\/bisbalpenedes.com\/web\/wp-json\/wp\/v2\/media?parent=9222"}],"wp:term":[{"taxonomy":"category","embeddable":true,"href":"https:\/\/bisbalpenedes.com\/web\/wp-json\/wp\/v2\/categories?post=9222"},{"taxonomy":"post_tag","embeddable":true,"href":"https:\/\/bisbalpenedes.com\/web\/wp-json\/wp\/v2\/tags?post=9222"}],"curies":[{"name":"wp","href":"https:\/\/api.w.org\/{rel}","templated":true}]}}