{"id":9215,"date":"2019-04-03T11:00:58","date_gmt":"2019-04-03T10:00:58","guid":{"rendered":"http:\/\/bisbalpenedes.com\/web\/?p=9215"},"modified":"2019-04-03T11:00:58","modified_gmt":"2019-04-03T10:00:58","slug":"lajuntament-de-la-bisbal-ha-celebrat-lacte-de-reconeixement-a-les-entitats-i-associacions","status":"publish","type":"post","link":"https:\/\/bisbalpenedes.com\/web\/2019\/04\/03\/lajuntament-de-la-bisbal-ha-celebrat-lacte-de-reconeixement-a-les-entitats-i-associacions\/","title":{"rendered":"L\u2019Ajuntament de la Bisbal ha celebrat l\u2019acte de reconeixement a les entitats i associacions"},"content":{"rendered":"<h1><\/h1>\n<p><a href=\"http:\/\/bisbalpenedes.com\/web\/wp-content\/uploads\/2019\/04\/ACTE-RECONEIXEMENT-ENTITATS-2019-2_opt.jpg\"><img loading=\"lazy\" class=\"aligncenter size-full wp-image-9216\" src=\"http:\/\/bisbalpenedes.com\/web\/wp-content\/uploads\/2019\/04\/ACTE-RECONEIXEMENT-ENTITATS-2019-2_opt.jpg\" alt=\"ACTE RECONEIXEMENT ENTITATS 2019-2_opt\" width=\"400\" height=\"267\" srcset=\"https:\/\/bisbalpenedes.com\/web\/wp-content\/uploads\/2019\/04\/ACTE-RECONEIXEMENT-ENTITATS-2019-2_opt.jpg 400w, https:\/\/bisbalpenedes.com\/web\/wp-content\/uploads\/2019\/04\/ACTE-RECONEIXEMENT-ENTITATS-2019-2_opt-300x200.jpg 300w\" sizes=\"(max-width: 400px) 100vw, 400px\" \/><\/a><\/p>\n<p style=\"text-align: justify;\"><span style=\"color: #000000;\">L\u2019Ajuntament de la Bisbal del Pened\u00e8s ha celebrat, un any m\u00e9s, l\u2019acte de reconeixement a les entitats i associacions del municipi. Segons la regidora de Cultura, Judith Vidal, \u201cl\u2019objectiu de l\u2019acte \u00e9s recon\u00e8ixer i agrair la feina que fan, durant tot l\u2018any, la trentena d\u2019entitats i associacions que tenim al municipi i, alhora, crear un espai que reuneixi els diferents col\u00b7lectius que tenim a la vila amb l\u2019objectiu que puguin parlar entre ells i generar sinergies, posar idees en com\u00fa o establir col\u00b7laboracions\u201d.<\/span><\/p>\n<p style=\"text-align: justify;\"><span style=\"color: #000000;\">L\u2019alcaldessa de la Bisbal, Agn\u00e8s Ferr\u00e9, ha explicat que \u201c\u00e9s interessant fer aquest tipus d\u2019acte perqu\u00e8, d\u2019una banda, apropem l\u2019administraci\u00f3 al m\u00f3n associatiu i, de l\u2019altra, donem valor la tasca que fan aquells que treballen pel municipi i, a m\u00e9s, porten el nom de la Bisbal all\u00e0 on van\u201d. Ferr\u00e9 ha afegit que \u201cel teixit associatiu mant\u00e9 el poble viu amb nombroses activitats, projectes i iniciatives i, aix\u00f2, \u00e9s un gran actiu per al nostre municipi\u201d.<\/span><\/p>\n<p style=\"text-align: justify;\"><span style=\"color: #000000;\">L\u2019acte d\u2019enguany s\u2019ha celebrat a Mas Llagostera el diumenge 31 de mar\u00e7 i ha consistit en un esmorzar a peu dret que ha comptat amb la participaci\u00f3 de m\u00e9s d\u2019una trentena de persones que formen part activa de les entitats i associacions del municipi.<\/span><\/p>\n<hr \/>\n<p style=\"text-align: justify;\"><span style=\"color: #000000;\"><strong>CASTELLANO |<\/strong> El Ayuntamiento de la Bisbal del Pened\u00e8s ha celebrado, un a\u00f1o m\u00e1s, el acto de reconocimiento a las entidades y asociaciones del municipio. Seg\u00fan la regidora\u00a0de Cultura, Judith Vidal, &#8220;el objetivo del acto es reconocer y agradecer el trabajo que hacen, durante todo el a\u00f1o, la treintena de entidades y asociaciones que tenemos en el municipio y, a la vez, crear un espacio que re\u00fana los diferentes colectivos que tenemos en el municipio con el objetivo de que puedan hablar entre ellos y generar sinergias, poner ideas en com\u00fan o establecer colaboraciones&#8221;.<\/span><\/p>\n<p style=\"text-align: justify;\"><span style=\"color: #000000;\">La alcaldesa de la Bisbal, Agn\u00e8s Ferr\u00e9, ha explicado que &#8220;es interesante hacer este tipo de acto porqu\u00e9, por un lado, acercamos la administraci\u00f3n al mundo asociativo y, por otro lado, damos valor a la labor que hacen aquellos que trabajan por el municipio y, adem\u00e1s, llevan el nombre de la Bisbal all\u00ed donde van&#8221;. Ferr\u00e9 ha a\u00f1adido que &#8220;El tejido asociativo mantiene el pueblo vivo con numerosas actividades, proyectos e iniciativas y, esto, es un gran activo para nuestro municipio&#8221;.<\/span><\/p>\n<p style=\"text-align: justify;\"><span style=\"color: #000000;\">El acto de este a\u00f1o se ha celebrado en Mas Llagostera el domingo 31 de marzo y ha consistido en un almuerzo a pie derecho que ha contado con la participaci\u00f3n de m\u00e1s de una treintena de personas que forman parte activa de las entidades y asociaciones del municipio.<\/span><\/p>\n","protected":false},"excerpt":{"rendered":"<p>L\u2019Ajuntament de la Bisbal del Pened\u00e8s ha celebrat, un any m\u00e9s, l\u2019acte de reconeixement a les entitats i associacions del municipi. Segons la regidora de Cultura, Judith Vidal, \u201cl\u2019objectiu de &hellip; <a href=\"https:\/\/bisbalpenedes.com\/web\/2019\/04\/03\/lajuntament-de-la-bisbal-ha-celebrat-lacte-de-reconeixement-a-les-entitats-i-associacions\/\" class=\"more-link\">Read More<\/a><\/p>\n","protected":false},"author":4,"featured_media":9216,"comment_status":"closed","ping_status":"closed","sticky":false,"template":"","format":"standard","meta":[],"categories":[20],"tags":[1875,470,351,2072],"_links":{"self":[{"href":"https:\/\/bisbalpenedes.com\/web\/wp-json\/wp\/v2\/posts\/9215"}],"collection":[{"href":"https:\/\/bisbalpenedes.com\/web\/wp-json\/wp\/v2\/posts"}],"about":[{"href":"https:\/\/bisbalpenedes.com\/web\/wp-json\/wp\/v2\/types\/post"}],"author":[{"embeddable":true,"href":"https:\/\/bisbalpenedes.com\/web\/wp-json\/wp\/v2\/users\/4"}],"replies":[{"embeddable":true,"href":"https:\/\/bisbalpenedes.com\/web\/wp-json\/wp\/v2\/comments?post=9215"}],"version-history":[{"count":1,"href":"https:\/\/bisbalpenedes.com\/web\/wp-json\/wp\/v2\/posts\/9215\/revisions"}],"predecessor-version":[{"id":9217,"href":"https:\/\/bisbalpenedes.com\/web\/wp-json\/wp\/v2\/posts\/9215\/revisions\/9217"}],"wp:featuredmedia":[{"embeddable":true,"href":"https:\/\/bisbalpenedes.com\/web\/wp-json\/wp\/v2\/media\/9216"}],"wp:attachment":[{"href":"https:\/\/bisbalpenedes.com\/web\/wp-json\/wp\/v2\/media?parent=9215"}],"wp:term":[{"taxonomy":"category","embeddable":true,"href":"https:\/\/bisbalpenedes.com\/web\/wp-json\/wp\/v2\/categories?post=9215"},{"taxonomy":"post_tag","embeddable":true,"href":"https:\/\/bisbalpenedes.com\/web\/wp-json\/wp\/v2\/tags?post=9215"}],"curies":[{"name":"wp","href":"https:\/\/api.w.org\/{rel}","templated":true}]}}