{"id":9210,"date":"2019-04-03T10:44:14","date_gmt":"2019-04-03T09:44:14","guid":{"rendered":"http:\/\/bisbalpenedes.com\/web\/?p=9210"},"modified":"2019-04-12T11:17:12","modified_gmt":"2019-04-12T10:17:12","slug":"aquest-mes-podreu-veure-la-pellicula-viaje-al-cuarto-de-una-madre-a-la-bisbal","status":"publish","type":"post","link":"https:\/\/bisbalpenedes.com\/web\/2019\/04\/03\/aquest-mes-podreu-veure-la-pellicula-viaje-al-cuarto-de-una-madre-a-la-bisbal\/","title":{"rendered":"Aquest mes podreu veure la pel\u00b7l\u00edcula &#8216;Viaje al cuarto de una madre&#8217; a la Bisbal"},"content":{"rendered":"<p><a href=\"http:\/\/bisbalpenedes.com\/web\/wp-content\/uploads\/2019\/04\/A3_VIAJE_CUARTO_UNA_MADRE_LA_BISBAL_PENEDES-abril_page-0001.jpg\"><img loading=\"lazy\" class=\"aligncenter size-large wp-image-9284\" src=\"http:\/\/bisbalpenedes.com\/web\/wp-content\/uploads\/2019\/04\/A3_VIAJE_CUARTO_UNA_MADRE_LA_BISBAL_PENEDES-abril_page-0001-724x1024.jpg\" alt=\"A3_VIAJE_CUARTO_UNA_MADRE_LA_BISBAL_PENEDES-abril_page-0001\" width=\"630\" height=\"891\" srcset=\"https:\/\/bisbalpenedes.com\/web\/wp-content\/uploads\/2019\/04\/A3_VIAJE_CUARTO_UNA_MADRE_LA_BISBAL_PENEDES-abril_page-0001-724x1024.jpg 724w, https:\/\/bisbalpenedes.com\/web\/wp-content\/uploads\/2019\/04\/A3_VIAJE_CUARTO_UNA_MADRE_LA_BISBAL_PENEDES-abril_page-0001-600x849.jpg 600w, https:\/\/bisbalpenedes.com\/web\/wp-content\/uploads\/2019\/04\/A3_VIAJE_CUARTO_UNA_MADRE_LA_BISBAL_PENEDES-abril_page-0001-212x300.jpg 212w, https:\/\/bisbalpenedes.com\/web\/wp-content\/uploads\/2019\/04\/A3_VIAJE_CUARTO_UNA_MADRE_LA_BISBAL_PENEDES-abril_page-0001-768x1086.jpg 768w, https:\/\/bisbalpenedes.com\/web\/wp-content\/uploads\/2019\/04\/A3_VIAJE_CUARTO_UNA_MADRE_LA_BISBAL_PENEDES-abril_page-0001.jpg 1754w\" sizes=\"(max-width: 630px) 100vw, 630px\" \/><\/a><a href=\"http:\/\/bisbalpenedes.com\/web\/wp-content\/uploads\/2019\/04\/viaje-al-cuarto-de-una-madre-guadi-caratula.jpg\"><br \/>\n<\/a><\/p>\n<p><span style=\"color: #000000;\">La pel\u00b7l\u00edcula del mes d&#8217;abril, del Cicle Gaud\u00ed, ser\u00e0 &#8216;Viaje al cuarto de una madre&#8217;, dirigida per Celia Rico Cabellino. Es podr\u00e0 veure el diumenge 21 d&#8217;abril, a les 19h, a l&#8217;auditori Salb\u00e0 del CMC.<\/span><\/p>\n<div class=\"wpb_text_column wpb_content_element \">\n<div class=\"wpb_wrapper\">\n<h4><span style=\"color: #000000;\">FITXA\u00a0T\u00c8CNICA<\/span><\/h4>\n<\/div>\n<\/div>\n<div class=\"wpb_text_column wpb_content_element \">\n<div class=\"wpb_wrapper\">\n<p><span style=\"color: #000000;\"><i class=\"qode_icon_font_awesome fa fa-chevron-right qode_icon_element\"><\/i>Direcci\u00f3:\u00a0<strong>Celia Rico Clavellino<\/strong><\/span><\/p>\n<p><span style=\"color: #000000;\"><i class=\"qode_icon_font_awesome fa fa-chevron-right qode_icon_element\"><\/i>Gui\u00f3:\u00a0<strong>Celia Rico Clavellino<\/strong><\/span><\/p>\n<p><span style=\"color: #000000;\"><i class=\"qode_icon_font_awesome fa fa-chevron-right qode_icon_element\"><\/i>M\u00fasica:\u00a0<strong>Paco Ortega<\/strong><\/span><\/p>\n<p><span style=\"color: #000000;\"><i class=\"qode_icon_font_awesome fa fa-chevron-right qode_icon_element\"><\/i>Estrena:\u00a0<strong>Octubre de 2018<\/strong><\/span><\/p>\n<p><span style=\"color: #000000;\"><i class=\"qode_icon_font_awesome fa fa-chevron-right qode_icon_element\"><\/i>Durada:\u00a0<strong>94\u00a0min.<\/strong><\/span><\/p>\n<p><span style=\"color: #000000;\"><i class=\"qode_icon_font_awesome fa fa-chevron-right qode_icon_element\"><\/i>G\u00e8nere:\u00a0<strong>Drama de Ficci\u00f3 \u2013 Llargmetratge<\/strong><\/span><\/p>\n<p><span style=\"color: #000000;\"><i class=\"qode_icon_font_awesome fa fa-chevron-right qode_icon_element\"><\/i>Versi\u00f3:\u00a0<strong>Original en castell\u00e0<\/strong><\/span><\/p>\n<p><span style=\"color: #000000;\"><i class=\"qode_icon_font_awesome fa fa-chevron-right qode_icon_element\"><\/i>Int\u00e8rprets:\u00a0<strong>Lola Due\u00f1as, Anna Castillo, Pedro Casablanc<\/strong><\/span><\/p>\n<\/div>\n<\/div>\n<p><span style=\"color: #000000;\">SINOPSI:\u00a0La Leonor<em>\u00a0(Anna Castillo)<\/em>\u00a0i la seva mare Estrella\u00a0<em>(Lola Due\u00f1as)<\/em>, viuen juntes en un petit poble. Es protegeixen i cuiden l\u2019una a l\u2019altre com poden, fins i tot quan s\u2019enfronten a una nova etapa de la vida en qu\u00e8 el seu m\u00f3n com\u00fa trontolla. Aquest hivern les dues hauran d\u2019emprendre un nou viatge per a deixar de ser mare i filla les vint-i-quatre hores del dia i descobrir qui poden arribar a ser per separat.<\/span><\/p>\n<p><iframe loading=\"lazy\" src=\"https:\/\/www.youtube.com\/embed\/DOtM-X1Kb1U\" width=\"560\" height=\"315\" frameborder=\"0\" allowfullscreen=\"allowfullscreen\"><\/iframe><\/p>\n<p>&nbsp;<\/p>\n<p><a href=\"http:\/\/bisbalpenedes.com\/web\/wp-content\/uploads\/2019\/04\/A3_VIAJE_CUARTO_UNA_MADRE_LA_BISBAL_PENEDES-abril_page-0001.jpg\"><img loading=\"lazy\" class=\"aligncenter size-large wp-image-9284\" src=\"http:\/\/bisbalpenedes.com\/web\/wp-content\/uploads\/2019\/04\/A3_VIAJE_CUARTO_UNA_MADRE_LA_BISBAL_PENEDES-abril_page-0001-724x1024.jpg\" alt=\"A3_VIAJE_CUARTO_UNA_MADRE_LA_BISBAL_PENEDES-abril_page-0001\" width=\"630\" height=\"891\" srcset=\"https:\/\/bisbalpenedes.com\/web\/wp-content\/uploads\/2019\/04\/A3_VIAJE_CUARTO_UNA_MADRE_LA_BISBAL_PENEDES-abril_page-0001-724x1024.jpg 724w, https:\/\/bisbalpenedes.com\/web\/wp-content\/uploads\/2019\/04\/A3_VIAJE_CUARTO_UNA_MADRE_LA_BISBAL_PENEDES-abril_page-0001-600x849.jpg 600w, https:\/\/bisbalpenedes.com\/web\/wp-content\/uploads\/2019\/04\/A3_VIAJE_CUARTO_UNA_MADRE_LA_BISBAL_PENEDES-abril_page-0001-212x300.jpg 212w, https:\/\/bisbalpenedes.com\/web\/wp-content\/uploads\/2019\/04\/A3_VIAJE_CUARTO_UNA_MADRE_LA_BISBAL_PENEDES-abril_page-0001-768x1086.jpg 768w, https:\/\/bisbalpenedes.com\/web\/wp-content\/uploads\/2019\/04\/A3_VIAJE_CUARTO_UNA_MADRE_LA_BISBAL_PENEDES-abril_page-0001.jpg 1754w\" sizes=\"(max-width: 630px) 100vw, 630px\" \/><\/a><a href=\"http:\/\/bisbalpenedes.com\/web\/wp-content\/uploads\/2019\/04\/viaje-al-cuarto-de-una-madre-guadi-caratula.jpg\"><br \/>\n<\/a><\/p>\n<p><span style=\"color: #000000;\"><strong>CASTELLANO |<\/strong> La pel\u00edcula del mes de abril, del Cicle Gaud\u00ed, ser\u00e1 &#8216;Viaje al cuarto de una madre&#8217;, dirigida por Celia Rico Cabellino. Se podr\u00e1 ver el domingo 21 de abril, a las 19h, en el auditori Salb\u00e0 del CMC.<\/span><\/p>\n<div class=\"wpb_text_column wpb_content_element \">\n<div class=\"wpb_wrapper\">\n<h4><span style=\"color: #000000;\">FICHA\u00a0T\u00c9CNICA<\/span><\/h4>\n<\/div>\n<\/div>\n<div class=\"wpb_text_column wpb_content_element \">\n<div class=\"wpb_wrapper\">\n<p><span style=\"color: #000000;\"><i class=\"qode_icon_font_awesome fa fa-chevron-right qode_icon_element\"><\/i>Direcci\u00f3n:\u00a0<strong>Celia Rico Clavellino<\/strong><\/span><\/p>\n<p><span style=\"color: #000000;\"><i class=\"qode_icon_font_awesome fa fa-chevron-right qode_icon_element\"><\/i>Gui\u00f3n:\u00a0<strong>Celia Rico Clavellino<\/strong><\/span><\/p>\n<p><span style=\"color: #000000;\"><i class=\"qode_icon_font_awesome fa fa-chevron-right qode_icon_element\"><\/i>M\u00fasica:\u00a0<strong>Paco Ortega<\/strong><\/span><\/p>\n<p><span style=\"color: #000000;\"><i class=\"qode_icon_font_awesome fa fa-chevron-right qode_icon_element\"><\/i>Estreno:\u00a0<strong>Octubre del 2018<\/strong><\/span><\/p>\n<p><span style=\"color: #000000;\"><i class=\"qode_icon_font_awesome fa fa-chevron-right qode_icon_element\"><\/i>Duraci\u00f3n:\u00a0<strong>94\u00a0min.<\/strong><\/span><\/p>\n<p><span style=\"color: #000000;\"><i class=\"qode_icon_font_awesome fa fa-chevron-right qode_icon_element\"><\/i>G\u00e9nero:\u00a0<strong>Drama de Ficci\u00f3n \u2013 Largometraje<\/strong><\/span><\/p>\n<p><span style=\"color: #000000;\"><i class=\"qode_icon_font_awesome fa fa-chevron-right qode_icon_element\"><\/i>Versi\u00f3n:\u00a0<strong>Original en castell\u00e0<\/strong><\/span><\/p>\n<p><span style=\"color: #000000;\"><i class=\"qode_icon_font_awesome fa fa-chevron-right qode_icon_element\"><\/i>Int\u00e9rpretes:\u00a0<strong>Lola Due\u00f1as, Anna Castillo, Pedro Casablanc<\/strong><\/span><\/p>\n<\/div>\n<\/div>\n<p><span style=\"color: #000000;\"><strong>SINOPSIS:<\/strong> Leonor (Anna Castillo) y su madre Estrella (Lola Due\u00f1as), viven juntas en un peque\u00f1o pueblo. Se protegen y cuidan la una a la otra como pueden, hasta cuando se enfrentan a una nueva etapa de la vida en la que su mundo com\u00fan se tambalea. Este invierno las dos deber\u00e1n emprender un nuevo viaje para dejar de ser madre e hija las veinticuatro horas del d\u00eda y descubrir quien pueden llegar a ser por separado.<\/span><\/p>\n<p>&nbsp;<\/p>\n<p><iframe loading=\"lazy\" src=\"https:\/\/www.youtube.com\/embed\/DOtM-X1Kb1U\" width=\"560\" height=\"315\" frameborder=\"0\" allowfullscreen=\"allowfullscreen\"><\/iframe><\/p>\n","protected":false},"excerpt":{"rendered":"<p>La pel\u00b7l\u00edcula del mes d&#8217;abril, del Cicle Gaud\u00ed, ser\u00e0 &#8216;Viaje al cuarto de una madre&#8217;, dirigida per Celia Rico Cabellino. Es podr\u00e0 veure el diumenge 21 d&#8217;abril, a les 19h, &hellip; <a href=\"https:\/\/bisbalpenedes.com\/web\/2019\/04\/03\/aquest-mes-podreu-veure-la-pellicula-viaje-al-cuarto-de-una-madre-a-la-bisbal\/\" class=\"more-link\">Read More<\/a><\/p>\n","protected":false},"author":4,"featured_media":9284,"comment_status":"closed","ping_status":"closed","sticky":false,"template":"","format":"standard","meta":[],"categories":[13],"tags":[2908,308,307,393,771,2907],"_links":{"self":[{"href":"https:\/\/bisbalpenedes.com\/web\/wp-json\/wp\/v2\/posts\/9210"}],"collection":[{"href":"https:\/\/bisbalpenedes.com\/web\/wp-json\/wp\/v2\/posts"}],"about":[{"href":"https:\/\/bisbalpenedes.com\/web\/wp-json\/wp\/v2\/types\/post"}],"author":[{"embeddable":true,"href":"https:\/\/bisbalpenedes.com\/web\/wp-json\/wp\/v2\/users\/4"}],"replies":[{"embeddable":true,"href":"https:\/\/bisbalpenedes.com\/web\/wp-json\/wp\/v2\/comments?post=9210"}],"version-history":[{"count":5,"href":"https:\/\/bisbalpenedes.com\/web\/wp-json\/wp\/v2\/posts\/9210\/revisions"}],"predecessor-version":[{"id":9286,"href":"https:\/\/bisbalpenedes.com\/web\/wp-json\/wp\/v2\/posts\/9210\/revisions\/9286"}],"wp:featuredmedia":[{"embeddable":true,"href":"https:\/\/bisbalpenedes.com\/web\/wp-json\/wp\/v2\/media\/9284"}],"wp:attachment":[{"href":"https:\/\/bisbalpenedes.com\/web\/wp-json\/wp\/v2\/media?parent=9210"}],"wp:term":[{"taxonomy":"category","embeddable":true,"href":"https:\/\/bisbalpenedes.com\/web\/wp-json\/wp\/v2\/categories?post=9210"},{"taxonomy":"post_tag","embeddable":true,"href":"https:\/\/bisbalpenedes.com\/web\/wp-json\/wp\/v2\/tags?post=9210"}],"curies":[{"name":"wp","href":"https:\/\/api.w.org\/{rel}","templated":true}]}}