{"id":9207,"date":"2019-04-03T10:14:56","date_gmt":"2019-04-03T09:14:56","guid":{"rendered":"http:\/\/bisbalpenedes.com\/web\/?p=9207"},"modified":"2019-04-03T10:15:28","modified_gmt":"2019-04-03T09:15:28","slug":"els-alumnes-de-lescola-ull-de-vent-faran-una-exhibicio-de-sardanes-el-proper-divendres-12-dabril","status":"publish","type":"post","link":"https:\/\/bisbalpenedes.com\/web\/2019\/04\/03\/els-alumnes-de-lescola-ull-de-vent-faran-una-exhibicio-de-sardanes-el-proper-divendres-12-dabril\/","title":{"rendered":"Els alumnes de l&#8217;Escola Ull de Vent faran una exhibici\u00f3 de sardanes el proper divendres 12 d&#8217;abril"},"content":{"rendered":"<p><a href=\"http:\/\/bisbalpenedes.com\/web\/wp-content\/uploads\/2019\/04\/SARDANES-ULL-DE-VENT.png\"><img loading=\"lazy\" class=\"aligncenter size-full wp-image-9208\" src=\"http:\/\/bisbalpenedes.com\/web\/wp-content\/uploads\/2019\/04\/SARDANES-ULL-DE-VENT.png\" alt=\"SARDANES ULL DE VENT\" width=\"394\" height=\"557\" srcset=\"https:\/\/bisbalpenedes.com\/web\/wp-content\/uploads\/2019\/04\/SARDANES-ULL-DE-VENT.png 394w, https:\/\/bisbalpenedes.com\/web\/wp-content\/uploads\/2019\/04\/SARDANES-ULL-DE-VENT-212x300.png 212w\" sizes=\"(max-width: 394px) 100vw, 394px\" \/><\/a><\/p>\n<p><span style=\"color: #000000;\">Els alumnes de quart, cinqu\u00e8 i sis\u00e8 oferiran la tercera exhibici\u00f3 de sardanes, adre\u00e7ada\u00a0a les fam\u00edlies, el divendres 12 d&#8217;abril a partir de les 15.15h. L&#8217;activitat s&#8217;inclou dins de la Programaci\u00f3 General Anual del centre i ha incl\u00f2s 10 sessions de sardanes, que combinaven la teoria i la pr\u00e0ctica, dins les \u00e0rees d&#8217;Educaci\u00f3 F\u00edsica i M\u00fasica.<\/span><\/p>\n<p style=\"text-align: justify;\"><span style=\"color: #000000;\">Quan acabi la ballada, els alumnes podran gaudir del tradicional pa amb oli i sucre per berenar.<\/span><\/p>\n<p style=\"text-align: justify;\"><span style=\"color: #000000;\">Aquesta activitat compta amb la col\u00b7laboraci\u00f3 de la Regidoria de Cultura de l&#8217;Ajuntament de la Bisbal del Pened\u00e8s i la Lira Vendrellenca.<\/span><\/p>\n<hr \/>\n<p style=\"text-align: justify;\"><span style=\"color: #000000;\"><strong>CASTELLANO |<\/strong> Los alumnos de cuarto, quinto y sexto ofrecer\u00e1n la tercera exhibici\u00f3n de sardanas, dirigida a las familias, el viernes 12 de abril a partir de las 15.15h. La actividad se incluye dentro de la Programaci\u00f3n General Anual del centro y ha incluido 10 sesiones de sardanas, que combinaban la teor\u00eda y la pr\u00e1ctica, dentro de las \u00e1reas de Educaci\u00f3n F\u00edsica y M\u00fasica.<\/span><\/p>\n<p style=\"text-align: justify;\"><span style=\"color: #000000;\">Cuando termine la danza, los alumnos podr\u00e1n disfrutar del tradicional pan con aceite y az\u00facar para merendar.<\/span><\/p>\n<p style=\"text-align: justify;\"><span style=\"color: #000000;\">Esta actividad cuenta con la colaboraci\u00f3n de la Concejal\u00eda de Cultura del Ayuntamiento de la Bisbal del Pened\u00e8s y la Lira Vendrellenca.<\/span><\/p>\n<p>&nbsp;<\/p>\n<p>&nbsp;<\/p>\n","protected":false},"excerpt":{"rendered":"<p>Els alumnes de quart, cinqu\u00e8 i sis\u00e8 oferiran la tercera exhibici\u00f3 de sardanes, adre\u00e7ada\u00a0a les fam\u00edlies, el divendres 12 d&#8217;abril a partir de les 15.15h. L&#8217;activitat s&#8217;inclou dins de la &hellip; <a href=\"https:\/\/bisbalpenedes.com\/web\/2019\/04\/03\/els-alumnes-de-lescola-ull-de-vent-faran-una-exhibicio-de-sardanes-el-proper-divendres-12-dabril\/\" class=\"more-link\">Read More<\/a><\/p>\n","protected":false},"author":4,"featured_media":9208,"comment_status":"closed","ping_status":"closed","sticky":false,"template":"","format":"standard","meta":[],"categories":[13],"tags":[225,337,2906,1229,85],"_links":{"self":[{"href":"https:\/\/bisbalpenedes.com\/web\/wp-json\/wp\/v2\/posts\/9207"}],"collection":[{"href":"https:\/\/bisbalpenedes.com\/web\/wp-json\/wp\/v2\/posts"}],"about":[{"href":"https:\/\/bisbalpenedes.com\/web\/wp-json\/wp\/v2\/types\/post"}],"author":[{"embeddable":true,"href":"https:\/\/bisbalpenedes.com\/web\/wp-json\/wp\/v2\/users\/4"}],"replies":[{"embeddable":true,"href":"https:\/\/bisbalpenedes.com\/web\/wp-json\/wp\/v2\/comments?post=9207"}],"version-history":[{"count":1,"href":"https:\/\/bisbalpenedes.com\/web\/wp-json\/wp\/v2\/posts\/9207\/revisions"}],"predecessor-version":[{"id":9209,"href":"https:\/\/bisbalpenedes.com\/web\/wp-json\/wp\/v2\/posts\/9207\/revisions\/9209"}],"wp:featuredmedia":[{"embeddable":true,"href":"https:\/\/bisbalpenedes.com\/web\/wp-json\/wp\/v2\/media\/9208"}],"wp:attachment":[{"href":"https:\/\/bisbalpenedes.com\/web\/wp-json\/wp\/v2\/media?parent=9207"}],"wp:term":[{"taxonomy":"category","embeddable":true,"href":"https:\/\/bisbalpenedes.com\/web\/wp-json\/wp\/v2\/categories?post=9207"},{"taxonomy":"post_tag","embeddable":true,"href":"https:\/\/bisbalpenedes.com\/web\/wp-json\/wp\/v2\/tags?post=9207"}],"curies":[{"name":"wp","href":"https:\/\/api.w.org\/{rel}","templated":true}]}}