{"id":9182,"date":"2019-04-01T17:41:37","date_gmt":"2019-04-01T16:41:37","guid":{"rendered":"http:\/\/bisbalpenedes.com\/web\/?p=9182"},"modified":"2019-04-01T18:04:46","modified_gmt":"2019-04-01T17:04:46","slug":"informacio-per-als-inscrits-a-la-sortida-per-coneixer-els-espais-de-la-batalla-de-lebre","status":"publish","type":"post","link":"https:\/\/bisbalpenedes.com\/web\/2019\/04\/01\/informacio-per-als-inscrits-a-la-sortida-per-coneixer-els-espais-de-la-batalla-de-lebre\/","title":{"rendered":"Informaci\u00f3 per als inscrits a la sortida per con\u00e8ixer els espais de la Batalla de l&#8217;Ebre"},"content":{"rendered":"<p><a href=\"http:\/\/bisbalpenedes.com\/web\/wp-content\/uploads\/2019\/04\/PROGRAMA-EBRE.jpg\"><img loading=\"lazy\" class=\"aligncenter size-medium wp-image-9186\" src=\"http:\/\/bisbalpenedes.com\/web\/wp-content\/uploads\/2019\/04\/PROGRAMA-EBRE-212x300.jpg\" alt=\"PROGRAMA EBRE\" width=\"212\" height=\"300\" srcset=\"https:\/\/bisbalpenedes.com\/web\/wp-content\/uploads\/2019\/04\/PROGRAMA-EBRE-212x300.jpg 212w, https:\/\/bisbalpenedes.com\/web\/wp-content\/uploads\/2019\/04\/PROGRAMA-EBRE-600x848.jpg 600w, https:\/\/bisbalpenedes.com\/web\/wp-content\/uploads\/2019\/04\/PROGRAMA-EBRE-768x1085.jpg 768w, https:\/\/bisbalpenedes.com\/web\/wp-content\/uploads\/2019\/04\/PROGRAMA-EBRE-725x1024.jpg 725w, https:\/\/bisbalpenedes.com\/web\/wp-content\/uploads\/2019\/04\/PROGRAMA-EBRE.jpg 1241w\" sizes=\"(max-width: 212px) 100vw, 212px\" \/><\/a><a href=\"http:\/\/bisbalpenedes.com\/web\/wp-content\/uploads\/2019\/04\/batalla-ebre-portada.jpg\"><br \/>\n<\/a><\/p>\n<p>Us informem del programa previst per a la sortida del proper diumenge 7 d&#8217;abril als espais de la Batalla de l&#8217;Ebre, organitzada per l&#8217;Associaci\u00f3 de dones la Roca Foradada i la Regidoria de Cultura.<\/p>\n<p><strong>PROGRAMA<\/strong><\/p>\n<p style=\"padding-left: 30px;\">08:15h Sortida en bus des de la Bisbal<\/p>\n<p style=\"padding-left: 30px;\">De 09:45h a 11:00h Visita a Miravet, el seu castell i el pas del riu.<\/p>\n<p style=\"padding-left: 30px;\">D&#8217;11:25h a 12.45h Visita al Poble Vell de Corbera d&#8217;Ebre<\/p>\n<p style=\"padding-left: 30px;\">De 13:00h a 14:10h Tast de vins al Celler Her\u00e8ncia Alt\u00e9s (Serres P\u00e0ndols i Cavalls)<\/p>\n<p style=\"padding-left: 30px;\">De 14:20h a 16:15h Dinar. Men\u00fa inspirat en la Batalla de l&#8217;Ebre.<\/p>\n<p style=\"padding-left: 60px;\">En cas d&#8217;al\u00b7l\u00e8rgies o intoler\u00e0ncies podeu consultar amb el personal de sala i us adaptaran el men\u00fa.<\/p>\n<p style=\"padding-left: 30px;\">16.30h Retorn cap a la Bisbal.<\/p>\n<hr \/>\n<p>Os informamos del programa previsto para la salida del pr\u00f3ximo domingo 7 de abril a los espacios de la Batalla de l&#8217;Ebre, organizada por la Associaci\u00f3 de dones la Roca Foradada\u00a0y la Regidoria de Cultura.<\/p>\n<p><strong>PROGRAMA<\/strong><\/p>\n<p style=\"padding-left: 30px;\">08.15h Salida en bus desde la Bisbal<\/p>\n<p style=\"padding-left: 30px;\">De 09:45h a 11:00h Visita a Miravet, su castillo y el paso del r\u00edo.<\/p>\n<p style=\"padding-left: 30px;\">De 11:25h a 12:45h Visita al Poble Vell de Corbera d&#8217;Ebre<\/p>\n<p style=\"padding-left: 30px;\">De 13:00h a 14:10h Cata de vinos en el Celler Her\u00e8ncia Alt\u00e9s (Serres P\u00e0ndols i Cavalls).<\/p>\n<p style=\"padding-left: 30px;\">De 14:20h a 16:15h Comida. Men\u00fa inspirado en la Batalla del Ebro.<\/p>\n<p style=\"padding-left: 60px;\">En caso de alergias o intolerancias pod\u00e9is consultar con el personal de sala y os adaptar\u00e1n el men\u00fa.<\/p>\n<p style=\"padding-left: 30px;\">16.30h Retorno hacia la Bisbal.<\/p>\n<p style=\"padding-left: 30px;\">\n","protected":false},"excerpt":{"rendered":"<p>Us informem del programa previst per a la sortida del proper diumenge 7 d&#8217;abril als espais de la Batalla de l&#8217;Ebre, organitzada per l&#8217;Associaci\u00f3 de dones la Roca Foradada i &hellip; <a href=\"https:\/\/bisbalpenedes.com\/web\/2019\/04\/01\/informacio-per-als-inscrits-a-la-sortida-per-coneixer-els-espais-de-la-batalla-de-lebre\/\" class=\"more-link\">Read More<\/a><\/p>\n","protected":false},"author":4,"featured_media":9186,"comment_status":"closed","ping_status":"closed","sticky":false,"template":"","format":"standard","meta":[],"categories":[13,20],"tags":[2564,2799,1755,2802,2904,2905,175],"_links":{"self":[{"href":"https:\/\/bisbalpenedes.com\/web\/wp-json\/wp\/v2\/posts\/9182"}],"collection":[{"href":"https:\/\/bisbalpenedes.com\/web\/wp-json\/wp\/v2\/posts"}],"about":[{"href":"https:\/\/bisbalpenedes.com\/web\/wp-json\/wp\/v2\/types\/post"}],"author":[{"embeddable":true,"href":"https:\/\/bisbalpenedes.com\/web\/wp-json\/wp\/v2\/users\/4"}],"replies":[{"embeddable":true,"href":"https:\/\/bisbalpenedes.com\/web\/wp-json\/wp\/v2\/comments?post=9182"}],"version-history":[{"count":3,"href":"https:\/\/bisbalpenedes.com\/web\/wp-json\/wp\/v2\/posts\/9182\/revisions"}],"predecessor-version":[{"id":9187,"href":"https:\/\/bisbalpenedes.com\/web\/wp-json\/wp\/v2\/posts\/9182\/revisions\/9187"}],"wp:featuredmedia":[{"embeddable":true,"href":"https:\/\/bisbalpenedes.com\/web\/wp-json\/wp\/v2\/media\/9186"}],"wp:attachment":[{"href":"https:\/\/bisbalpenedes.com\/web\/wp-json\/wp\/v2\/media?parent=9182"}],"wp:term":[{"taxonomy":"category","embeddable":true,"href":"https:\/\/bisbalpenedes.com\/web\/wp-json\/wp\/v2\/categories?post=9182"},{"taxonomy":"post_tag","embeddable":true,"href":"https:\/\/bisbalpenedes.com\/web\/wp-json\/wp\/v2\/tags?post=9182"}],"curies":[{"name":"wp","href":"https:\/\/api.w.org\/{rel}","templated":true}]}}