{"id":9176,"date":"2019-04-01T11:02:18","date_gmt":"2019-04-01T10:02:18","guid":{"rendered":"http:\/\/bisbalpenedes.com\/web\/?p=9176"},"modified":"2019-06-21T11:56:26","modified_gmt":"2019-06-21T10:56:26","slug":"aquest-dilluns-1-dabril-ha-tingut-lloc-un-ple-extraordinari","status":"publish","type":"post","link":"https:\/\/bisbalpenedes.com\/web\/2019\/04\/01\/aquest-dilluns-1-dabril-ha-tingut-lloc-un-ple-extraordinari\/","title":{"rendered":"Aquest dilluns 1 d&#8217;abril ha tingut lloc un Ple Extraordinari"},"content":{"rendered":"<p style=\"text-align: justify;\"><a href=\"http:\/\/bisbalpenedes.com\/web\/wp-content\/uploads\/2019\/04\/PLE-EXTRAORDINARI-01-04-2019.jpg\"><img loading=\"lazy\" class=\"aligncenter size-large wp-image-9177\" src=\"http:\/\/bisbalpenedes.com\/web\/wp-content\/uploads\/2019\/04\/PLE-EXTRAORDINARI-01-04-2019-1024x768.jpg\" alt=\"PLE EXTRAORDINARI 01-04-2019\" width=\"630\" height=\"473\" srcset=\"https:\/\/bisbalpenedes.com\/web\/wp-content\/uploads\/2019\/04\/PLE-EXTRAORDINARI-01-04-2019-1024x768.jpg 1024w, https:\/\/bisbalpenedes.com\/web\/wp-content\/uploads\/2019\/04\/PLE-EXTRAORDINARI-01-04-2019-600x450.jpg 600w, https:\/\/bisbalpenedes.com\/web\/wp-content\/uploads\/2019\/04\/PLE-EXTRAORDINARI-01-04-2019-300x225.jpg 300w, https:\/\/bisbalpenedes.com\/web\/wp-content\/uploads\/2019\/04\/PLE-EXTRAORDINARI-01-04-2019-768x576.jpg 768w\" sizes=\"(max-width: 630px) 100vw, 630px\" \/><\/a><\/p>\n<p style=\"text-align: justify;\">Aquest dilluns 1 d\u2019abril, a les 9.30h, ha tingut lloc un Ple extraordinari a l\u2019Ajuntament de la Bisbal del Pened\u00e8s.<\/p>\n<p style=\"text-align: justify;\">En aquest ple, s\u2019ha excusat l\u2019abs\u00e8ncia\u00a0del regidor Pere Saumoy (PDeCAT).<\/p>\n<p style=\"text-align: justify;\">S\u2019han tractat els punts seg\u00fcents:<\/p>\n<p style=\"text-align: justify;\"><strong>1.- Sorteig dels membres de les meses electorals per a les eleccions del 28 d\u2019abril de 2019.<\/strong><\/p>\n<p style=\"text-align: justify;\">Segons la normativa electoral, despr\u00e9s de la convocat\u00f2ria de les eleccions per al 28 d\u2019abril, els Ajuntaments poden fer el sorteig de les meses electorals, per Ple, del 30 de mar\u00e7 al 2 d\u2019abril.<\/p>\n<p style=\"text-align: justify;\"><strong>2.- Aprovaci\u00f3 del padr\u00f3 municipal d\u2019habitants (revisi\u00f3 anual).<\/strong><\/p>\n<p style=\"text-align: justify;\">S\u2019ha aprovat per unanimitat: PDeCAT (4), ERC (5) i regidora no adscrita Maguy Antol\u00edn (1).<\/p>\n<p style=\"text-align: justify;\">Els serveis municipals han confeccionat els resums num\u00e8rics de la revisi\u00f3 del Padr\u00f3 municipal d\u2019habitants referida a l\u20191 de gener de 2019, que recullen el resultat de les actuacions dutes a terme durant l\u2019exercici 2018. Per confeccionar aquests resums num\u00e8rics s\u2019han tingut en compte les variacions produ\u00efdes en el Padr\u00f3 d\u2019habitants i rebudes des de l\u2019Institut Nacional d\u2019Estad\u00edstica (INE) en els fitxers d\u2019intercanvi mensual, aix\u00ed com els resultats de la coordinaci\u00f3 comunicada per aquest ens en els diferents fitxers mensuals fins al mes de mar\u00e7 de 2019.<\/p>\n<p style=\"text-align: justify;\">La proposta que s\u2019ha aprovat al Ple consistia a \u201caprovar el resum num\u00e8ric general corresponent a la rectificaci\u00f3 del Padr\u00f3\u00a0 municipal d\u2019habitants d\u2019aquest Ajuntament, referit a l\u20191 de gener de 2019, i que cont\u00e9 la xifra total d\u2019habitants del municipi resultant de les actuacions dutes a terme durant l\u2019exercici 2018.<\/p>\n<p style=\"text-align: justify;\">El resum num\u00e8ric \u00e9s, a 31\/12\/18, de 3.575 habitants.<\/p>\n<p style=\"text-align: justify;\">Tamb\u00e9 s\u2019ha aprovat donar compte de l\u2019acord a la Diputaci\u00f3 de Tarragona, com a encarregada de la gesti\u00f3 del Padr\u00f3 municipal d\u2019habitants, per tal que comuniqui a l\u2019INE la xifra de poblaci\u00f3 a 1 de gener de 2019.<\/p>\n<hr \/>\n<p style=\"text-align: justify;\"><strong>CASTELLANO |<\/strong> Este lunes 1 de abril, a las 9.30h, ha tenido lugar un Pleno extraordinario en el Ayuntamiento de la Bisbal del Pened\u00e8s.<\/p>\n<p style=\"text-align: justify;\">En este pleno, se ha excusado la ausencia del concejal Pere Saumoy (PDeCAT).<\/p>\n<p style=\"text-align: justify;\">Se han tratado los puntos siguientes:<\/p>\n<p style=\"text-align: justify;\"><strong>1.- Sorteo de los miembros de las mesas electorales para las elecciones del 28 de abril del 2019.<\/strong><\/p>\n<p style=\"text-align: justify;\">Seg\u00fan la normativa electoral, despu\u00e9s de la convocatoria de las elecciones para el 28 de abril, los Ayuntamientos pueden hacer el sorteo de las mesas electorales, por Pleno, del 30 de marzo al 2 de abril.<\/p>\n<p style=\"text-align: justify;\"><strong>2.- Aprobaci\u00f3n del Padr\u00f3n municipal de habitantes (revisi\u00f3n anual).<\/strong><\/p>\n<p style=\"text-align: justify;\">Se ha aprobado por unanimidad: PDeCAT (4), ERC (5) y concejala no adscrita Maguy Antol\u00edn (1).<\/p>\n<p style=\"text-align: justify;\">Los servicios municipales han confeccionado los res\u00famenes num\u00e9ricos de la revisi\u00f3n del Padr\u00f3n municipal de habitantes referida al 1 de enero del 2019, que recogen el resultado de las actuaciones llevadas a cabo durante el ejercicio 2018. Para confeccionar estos res\u00famenes num\u00e9ricos se han tenido en cuenta las variaciones producidas por el Padr\u00f3n de habitantes y recibidas desde el Instituto Nacional de Estad\u00edstica (INE) en los ficheros de intercambio mensual, as\u00ed como los resultados de la coordinaci\u00f3n comunicada por este ente en los diferentes ficheros mensuales hasta el mes de marzo del 2019.<\/p>\n<p style=\"text-align: justify;\">La propuesta que se ha aprobado en el Pleno consist\u00eda en &#8220;aprobar el resumen num\u00e9rico general correspondiente a la rectificaci\u00f3n del Padr\u00f3n municipal de habitantes de este Ayuntamiento, referido al 1 de enero de 2019, y que contiene la cifra total de habitantes del\u00a0 municipio resultante de las actuaciones llevadas a cabo durante el ejercicio 2018&#8221;.<\/p>\n<p style=\"text-align: justify;\">El resumen num\u00e9rico es, a 31\/12\/18, de 3.575 habitantes.<\/p>\n<p style=\"text-align: justify;\">Tambi\u00e9n se ha aprobado dar cuenta del acuerdo a la Diputaci\u00f3n de Tarragona, como encargada de la gesti\u00f3n del Padr\u00f3n municipal de habitantes, por tal que comunique al INE la cifra de poblaci\u00f3n a 1 de enero de 2019.<\/p>\n<p>&nbsp;<\/p>\n<p>&nbsp;<\/p>\n<p style=\"text-align: center;\"><iframe loading=\"lazy\" src=\"https:\/\/www.youtube.com\/embed\/GA6vZYsi4h8\" width=\"560\" height=\"315\" frameborder=\"0\" allowfullscreen=\"allowfullscreen\"><\/iframe><\/p>\n","protected":false},"excerpt":{"rendered":"<p>Aquest dilluns 1 d\u2019abril, a les 9.30h, ha tingut lloc un Ple extraordinari a l\u2019Ajuntament de la Bisbal del Pened\u00e8s. En aquest ple, s\u2019ha excusat l\u2019abs\u00e8ncia\u00a0del regidor Pere Saumoy (PDeCAT). &hellip; <a href=\"https:\/\/bisbalpenedes.com\/web\/2019\/04\/01\/aquest-dilluns-1-dabril-ha-tingut-lloc-un-ple-extraordinari\/\" class=\"more-link\">Read More<\/a><\/p>\n","protected":false},"author":4,"featured_media":9177,"comment_status":"closed","ping_status":"closed","sticky":false,"template":"","format":"standard","meta":[],"categories":[2250],"tags":[946,2893,139,423],"_links":{"self":[{"href":"https:\/\/bisbalpenedes.com\/web\/wp-json\/wp\/v2\/posts\/9176"}],"collection":[{"href":"https:\/\/bisbalpenedes.com\/web\/wp-json\/wp\/v2\/posts"}],"about":[{"href":"https:\/\/bisbalpenedes.com\/web\/wp-json\/wp\/v2\/types\/post"}],"author":[{"embeddable":true,"href":"https:\/\/bisbalpenedes.com\/web\/wp-json\/wp\/v2\/users\/4"}],"replies":[{"embeddable":true,"href":"https:\/\/bisbalpenedes.com\/web\/wp-json\/wp\/v2\/comments?post=9176"}],"version-history":[{"count":3,"href":"https:\/\/bisbalpenedes.com\/web\/wp-json\/wp\/v2\/posts\/9176\/revisions"}],"predecessor-version":[{"id":9847,"href":"https:\/\/bisbalpenedes.com\/web\/wp-json\/wp\/v2\/posts\/9176\/revisions\/9847"}],"wp:featuredmedia":[{"embeddable":true,"href":"https:\/\/bisbalpenedes.com\/web\/wp-json\/wp\/v2\/media\/9177"}],"wp:attachment":[{"href":"https:\/\/bisbalpenedes.com\/web\/wp-json\/wp\/v2\/media?parent=9176"}],"wp:term":[{"taxonomy":"category","embeddable":true,"href":"https:\/\/bisbalpenedes.com\/web\/wp-json\/wp\/v2\/categories?post=9176"},{"taxonomy":"post_tag","embeddable":true,"href":"https:\/\/bisbalpenedes.com\/web\/wp-json\/wp\/v2\/tags?post=9176"}],"curies":[{"name":"wp","href":"https:\/\/api.w.org\/{rel}","templated":true}]}}