{"id":9173,"date":"2019-04-01T10:12:34","date_gmt":"2019-04-01T09:12:34","guid":{"rendered":"http:\/\/bisbalpenedes.com\/web\/?p=9173"},"modified":"2019-04-01T10:19:26","modified_gmt":"2019-04-01T09:19:26","slug":"el-punt-verd-ofereix-atencio-personalitzada-des-daquest-dilluns","status":"publish","type":"post","link":"https:\/\/bisbalpenedes.com\/web\/2019\/04\/01\/el-punt-verd-ofereix-atencio-personalitzada-des-daquest-dilluns\/","title":{"rendered":"El Punt Verd ofereix atenci\u00f3 personalitzada des d&#8217;aquest dilluns"},"content":{"rendered":"<p style=\"text-align: justify;\"><a href=\"http:\/\/bisbalpenedes.com\/web\/wp-content\/uploads\/2018\/03\/IMG_3029.jpg\"><img loading=\"lazy\" class=\"aligncenter size-large wp-image-5123\" src=\"http:\/\/bisbalpenedes.com\/web\/wp-content\/uploads\/2018\/03\/IMG_3029-1024x683.jpg\" alt=\"punt verd\" width=\"630\" height=\"420\" srcset=\"https:\/\/bisbalpenedes.com\/web\/wp-content\/uploads\/2018\/03\/IMG_3029-1024x683.jpg 1024w, https:\/\/bisbalpenedes.com\/web\/wp-content\/uploads\/2018\/03\/IMG_3029-600x400.jpg 600w, https:\/\/bisbalpenedes.com\/web\/wp-content\/uploads\/2018\/03\/IMG_3029-300x200.jpg 300w, https:\/\/bisbalpenedes.com\/web\/wp-content\/uploads\/2018\/03\/IMG_3029-768x512.jpg 768w\" sizes=\"(max-width: 630px) 100vw, 630px\" \/><\/a><\/p>\n<p style=\"text-align: justify;\"><span style=\"color: #000000;\">La Regidoria de Medi Ambient us informa que, a partir d\u2019avui dilluns, el Punt Verd compta amb una treballadora que vetllar\u00e0 pel bon funcionament de les instal\u00b7lacions i que s\u2019encarregar\u00e0 d\u2019assessorar-vos en mat\u00e8ria de gesti\u00f3 de residus i reciclatge. Si teniu dubtes sobre on llen\u00e7ar una deixalla o sobre el funcionament de les instal\u00b7lacions, podeu adre\u00e7ar-li la consulta a aquesta treballadora.<\/span><\/p>\n<p style=\"text-align: justify;\"><span style=\"color: #000000;\">Si voleu saber m\u00e9s sobre el Punt Verd, entreu en aquest enlla\u00e7:\u00a0<a style=\"color: #000000;\" href=\"http:\/\/bisbalpenedes.com\/web\/2018\/01\/19\/com-funciona-el-punt-verd\/\" target=\"_blank\">http:\/\/bisbalpenedes.com\/web\/2018\/01\/19\/com-funciona-el-punt-verd\/<\/a><\/span><\/p>\n<hr \/>\n<p style=\"text-align: justify;\"><span style=\"color: #000000;\"><strong>CASTELLANO |<\/strong> La Regidoria de Medio Ambiente os informa que, a partir de hoy lunes, el Punt Verd cuenta con una trabajadora que velar\u00e1 por el buen funcionamiento de las instalaciones y que se encargar\u00e1 de asesoraros en materia de gesti\u00f3n de residuos y reciclaje. Si ten\u00e9is dudas sobre d\u00f3nde tirar un desecho o sobre el funcionamiento de las instalaciones, pod\u00e9is dirigirle vuestra consulta a esta trabajadora.<\/span><\/p>\n<p style=\"text-align: justify;\"><span style=\"color: #000000;\">Si quer\u00e9is saber m\u00e1s sobre el Punt Verd, entrad en este enlace:\u00a0<a style=\"color: #000000;\" href=\"http:\/\/bisbalpenedes.com\/web\/2018\/01\/19\/com-funciona-el-punt-verd\/\" target=\"_blank\">http:\/\/bisbalpenedes.com\/web\/2018\/01\/19\/com-funciona-el-punt-verd\/<\/a><\/span><\/p>\n","protected":false},"excerpt":{"rendered":"<p>La Regidoria de Medi Ambient us informa que, a partir d\u2019avui dilluns, el Punt Verd compta amb una treballadora que vetllar\u00e0 pel bon funcionament de les instal\u00b7lacions i que s\u2019encarregar\u00e0 &hellip; <a href=\"https:\/\/bisbalpenedes.com\/web\/2019\/04\/01\/el-punt-verd-ofereix-atencio-personalitzada-des-daquest-dilluns\/\" class=\"more-link\">Read More<\/a><\/p>\n","protected":false},"author":4,"featured_media":5123,"comment_status":"closed","ping_status":"closed","sticky":false,"template":"","format":"standard","meta":[],"categories":[32],"tags":[2903,92,627,1182,466],"_links":{"self":[{"href":"https:\/\/bisbalpenedes.com\/web\/wp-json\/wp\/v2\/posts\/9173"}],"collection":[{"href":"https:\/\/bisbalpenedes.com\/web\/wp-json\/wp\/v2\/posts"}],"about":[{"href":"https:\/\/bisbalpenedes.com\/web\/wp-json\/wp\/v2\/types\/post"}],"author":[{"embeddable":true,"href":"https:\/\/bisbalpenedes.com\/web\/wp-json\/wp\/v2\/users\/4"}],"replies":[{"embeddable":true,"href":"https:\/\/bisbalpenedes.com\/web\/wp-json\/wp\/v2\/comments?post=9173"}],"version-history":[{"count":2,"href":"https:\/\/bisbalpenedes.com\/web\/wp-json\/wp\/v2\/posts\/9173\/revisions"}],"predecessor-version":[{"id":9175,"href":"https:\/\/bisbalpenedes.com\/web\/wp-json\/wp\/v2\/posts\/9173\/revisions\/9175"}],"wp:featuredmedia":[{"embeddable":true,"href":"https:\/\/bisbalpenedes.com\/web\/wp-json\/wp\/v2\/media\/5123"}],"wp:attachment":[{"href":"https:\/\/bisbalpenedes.com\/web\/wp-json\/wp\/v2\/media?parent=9173"}],"wp:term":[{"taxonomy":"category","embeddable":true,"href":"https:\/\/bisbalpenedes.com\/web\/wp-json\/wp\/v2\/categories?post=9173"},{"taxonomy":"post_tag","embeddable":true,"href":"https:\/\/bisbalpenedes.com\/web\/wp-json\/wp\/v2\/tags?post=9173"}],"curies":[{"name":"wp","href":"https:\/\/api.w.org\/{rel}","templated":true}]}}