{"id":9170,"date":"2019-03-28T12:41:03","date_gmt":"2019-03-28T11:41:03","guid":{"rendered":"http:\/\/bisbalpenedes.com\/web\/?p=9170"},"modified":"2019-03-30T12:43:35","modified_gmt":"2019-03-30T11:43:35","slug":"aquest-dissabte-hi-haura-contacontes-a-la-biblioteca","status":"publish","type":"post","link":"https:\/\/bisbalpenedes.com\/web\/2019\/03\/28\/aquest-dissabte-hi-haura-contacontes-a-la-biblioteca\/","title":{"rendered":"Aquest dissabte hi haur\u00e0 contacontes a la Biblioteca"},"content":{"rendered":"<p><span style=\"color: #000000;\">Aquest dissabte, a les 17h, tindr\u00e0 lloc el contacontes de cada \u00faltim dissabte de mes a la Biblioteca p\u00fablica de la Bisbal del Pened\u00e8s, ubicada al CMC. Com \u00e9s habitual, les narradores volunt\u00e0ries explicaran contes i despr\u00e9s hi haur\u00e0 un berenar sense gluten.<\/span><\/p>\n<hr \/>\n<p><span style=\"color: #000000;\"><strong>CASTELLANO |<\/strong> Este s\u00e1bado, a las 17h, tendr\u00e1 lugar el cuentacuentos de cada \u00faltimo s\u00e1bado de mes en la Biblioteca p\u00fablica de la Bisbal del Pened\u00e8s, ubicada en el CMC. Como es habitual, las narradoras voluntarias explicar\u00e1n cuentos y despu\u00e9s habr\u00e1 una merienda sin gluten.<\/span><\/p>\n<p><a href=\"http:\/\/bisbalpenedes.com\/web\/wp-content\/uploads\/2019\/03\/contacontes-marc-2019.jpg\"><img loading=\"lazy\" class=\"aligncenter size-medium wp-image-9171\" src=\"http:\/\/bisbalpenedes.com\/web\/wp-content\/uploads\/2019\/03\/contacontes-marc-2019-212x300.jpg\" alt=\"contacontes-marc-2019\" width=\"212\" height=\"300\" srcset=\"https:\/\/bisbalpenedes.com\/web\/wp-content\/uploads\/2019\/03\/contacontes-marc-2019-212x300.jpg 212w, https:\/\/bisbalpenedes.com\/web\/wp-content\/uploads\/2019\/03\/contacontes-marc-2019-600x848.jpg 600w, https:\/\/bisbalpenedes.com\/web\/wp-content\/uploads\/2019\/03\/contacontes-marc-2019-768x1085.jpg 768w, https:\/\/bisbalpenedes.com\/web\/wp-content\/uploads\/2019\/03\/contacontes-marc-2019-725x1024.jpg 725w, https:\/\/bisbalpenedes.com\/web\/wp-content\/uploads\/2019\/03\/contacontes-marc-2019.jpg 1000w\" sizes=\"(max-width: 212px) 100vw, 212px\" \/><\/a><\/p>\n","protected":false},"excerpt":{"rendered":"<p>Aquest dissabte, a les 17h, tindr\u00e0 lloc el contacontes de cada \u00faltim dissabte de mes a la Biblioteca p\u00fablica de la Bisbal del Pened\u00e8s, ubicada al CMC. Com \u00e9s habitual, &hellip; <a href=\"https:\/\/bisbalpenedes.com\/web\/2019\/03\/28\/aquest-dissabte-hi-haura-contacontes-a-la-biblioteca\/\" class=\"more-link\">Read More<\/a><\/p>\n","protected":false},"author":4,"featured_media":9171,"comment_status":"closed","ping_status":"closed","sticky":false,"template":"","format":"standard","meta":[],"categories":[13],"tags":[421,2902,469],"_links":{"self":[{"href":"https:\/\/bisbalpenedes.com\/web\/wp-json\/wp\/v2\/posts\/9170"}],"collection":[{"href":"https:\/\/bisbalpenedes.com\/web\/wp-json\/wp\/v2\/posts"}],"about":[{"href":"https:\/\/bisbalpenedes.com\/web\/wp-json\/wp\/v2\/types\/post"}],"author":[{"embeddable":true,"href":"https:\/\/bisbalpenedes.com\/web\/wp-json\/wp\/v2\/users\/4"}],"replies":[{"embeddable":true,"href":"https:\/\/bisbalpenedes.com\/web\/wp-json\/wp\/v2\/comments?post=9170"}],"version-history":[{"count":1,"href":"https:\/\/bisbalpenedes.com\/web\/wp-json\/wp\/v2\/posts\/9170\/revisions"}],"predecessor-version":[{"id":9172,"href":"https:\/\/bisbalpenedes.com\/web\/wp-json\/wp\/v2\/posts\/9170\/revisions\/9172"}],"wp:featuredmedia":[{"embeddable":true,"href":"https:\/\/bisbalpenedes.com\/web\/wp-json\/wp\/v2\/media\/9171"}],"wp:attachment":[{"href":"https:\/\/bisbalpenedes.com\/web\/wp-json\/wp\/v2\/media?parent=9170"}],"wp:term":[{"taxonomy":"category","embeddable":true,"href":"https:\/\/bisbalpenedes.com\/web\/wp-json\/wp\/v2\/categories?post=9170"},{"taxonomy":"post_tag","embeddable":true,"href":"https:\/\/bisbalpenedes.com\/web\/wp-json\/wp\/v2\/tags?post=9170"}],"curies":[{"name":"wp","href":"https:\/\/api.w.org\/{rel}","templated":true}]}}